{"id":1023,"date":"2017-10-06T09:55:56","date_gmt":"2017-10-06T09:55:56","guid":{"rendered":"http:\/\/www.iessenara.es\/Revista\/?p=1023"},"modified":"2018-02-21T10:45:14","modified_gmt":"2018-02-21T10:45:14","slug":"educacion-y-futuro-discurso-de-clara-lopez","status":"publish","type":"post","link":"https:\/\/www.iessenara.es\/Revista\/?p=1023","title":{"rendered":"Educaci\u00f3n y futuro: discurso de Clara L\u00f3pez"},"content":{"rendered":"<p>&nbsp;<\/p>\n<p><span style=\"color: #000000\"><em>Reproducimos el discurso pronunciado por Clara Isabel L\u00f3pez Benito, profesora de Geograf\u00eda e Historia, con motivo de la graduaci\u00f3n de los alumnos de Segundo de Bachillerato en junio de 2017.<\/em><\/span><\/p>\n<p><span style=\"color: #000000\">\u00a0<\/span><\/p>\n<p>&nbsp;<\/p>\n<p><span style=\"font-family: Arial,sans-serif;color: #000000\"><span style=\"font-size: medium\">Buenas tardes a todos los asistentes.<\/span><\/span><\/p>\n<p><span style=\"font-family: Arial,sans-serif;color: #000000\"><span style=\"font-size: medium\">Un saludo muy especial a los padres y familiares de los alumnos de 2\u00ba de Bachillerato que hoy festejan su graduaci\u00f3n.<\/span><\/span><\/p>\n<p><span style=\"color: #000000\">\u00a0<\/span><\/p>\n<p><span style=\"font-family: Arial,sans-serif;color: #000000\"><span style=\"font-size: medium\">Queridos alumnos:<\/span><\/span><\/p>\n<p><span style=\"font-family: Arial,sans-serif;color: #000000\"><span style=\"font-size: medium\">Acab\u00e1is de finalizar vuestro \u00faltimo curso en el IES \u201cSenara\u201d y, convertidos ya en bachilleres, os dispon\u00e9is a disfrutar de la fiesta y de un merecido descanso. Antes, permitidme unos momentos para hablaros, por \u00faltima vez, con la confianza y la buena intenci\u00f3n de los profesores, esa figura que siempre seremos.<\/span><\/span><\/p>\n<p><span style=\"color: #000000\">\u00a0<\/span><\/p>\n<p><span style=\"color: #000000\"><span style=\"font-family: Arial,sans-serif\"><span style=\"font-size: medium\">1- En primer lugar, <\/span><\/span><span style=\"font-family: Arial,sans-serif\"><span style=\"font-size: medium\"><b>sed agradecidos<\/b><\/span><\/span><span style=\"font-family: Arial,sans-serif\"><span style=\"font-size: medium\"> con vuestros padres; reconoced su cari\u00f1o y su apoyo, y hacedlo de coraz\u00f3n, porque sin ellos no estar\u00edais hoy aqu\u00ed, celebrando esta fiesta.<\/span><\/span><\/span><\/p>\n<p><span style=\"color: #000000\">\u00a0<\/span><\/p>\n<p><span style=\"color: #000000\"><span style=\"font-family: Arial,sans-serif\"><span style=\"font-size: medium\">2- En segundo lugar, <\/span><\/span><span style=\"font-family: Arial,sans-serif\"><span style=\"font-size: medium\"><b>sent\u00edos satisfechos. <\/b><\/span><\/span><span style=\"font-family: Arial,sans-serif\"><span style=\"font-size: medium\">Echad la vista atr\u00e1s: seguramente recordar\u00e9is la inquietud y la ilusi\u00f3n que os embargaban al llegar al instituto, y la energ\u00eda con la que afrontasteis el nuevo reto de la Ense\u00f1anza Secundaria, a la que entonces os incorporabais. Recordadlo y disfrutar\u00e9is comprobando que hoy, seis a\u00f1os despu\u00e9s, <\/span><\/span><span style=\"font-family: Arial,sans-serif\"><span style=\"font-size: medium\"><b>hab\u00e9is llegado a la meta \u00a1Lo hab\u00e9is conseguido!<\/b><\/span><\/span><span style=\"font-family: Arial,sans-serif\"><span style=\"font-size: medium\"> Y comprobar\u00e9is que hacer el esfuerzo de culminar esa etapa secundaria os ha permitido convertiros en personas m\u00e1s formadas y valiosas. <\/span><\/span><\/span><\/p>\n<p><span style=\"color: #000000\">\u00a0<\/span><\/p>\n<p><span style=\"color: #000000\"><span style=\"font-family: Arial,sans-serif\"><span style=\"font-size: medium\">3- Nosotros <\/span><\/span><span style=\"font-family: Arial,sans-serif\"><span style=\"font-size: medium\"><b>nos sentimos felices<\/b><\/span><\/span><span style=\"font-family: Arial,sans-serif\"><span style=\"font-size: medium\"> por ello, y porque hab\u00e9is madurado junto a vuestros compa\u00f1eros, entre el equipo humano del Senara. <\/span><\/span><span style=\"font-family: Arial,sans-serif\"><span style=\"font-size: medium\"><b>Yo os agradezco<\/b><\/span><\/span><span style=\"font-family: Arial,sans-serif\"><span style=\"font-size: medium\"> vuestras aportaciones: la vitalidad, la alegr\u00eda, vuestras ganas de mejorar (aunque no siempre en el sentido que nosotros dese\u00e1bamos), y ese talante amable que os caracteriza en Cantalapiedra y Las Villas, y que nos lleva, me lleva, a apreciaros por encima de todo. <\/span><\/span><\/span><\/p>\n<p><span style=\"color: #000000\"><span style=\"font-family: Arial,sans-serif\"><span style=\"font-size: medium\">Valorad lo que hab\u00e9is conseguido y<\/span><\/span><span style=\"font-family: Arial,sans-serif\"><span style=\"font-size: medium\"><b> recordad con gratitud vuestro instituto<\/b><\/span><\/span><span style=\"font-family: Arial,sans-serif\"><span style=\"font-size: medium\">, directamente ligado ya a vuestra historia personal.<\/span><\/span><\/span><\/p>\n<p><span style=\"color: #000000\">\u00a0<\/span><\/p>\n<p><span style=\"color: #000000\"><span style=\"font-family: Arial,sans-serif\"><span style=\"font-size: medium\">4- Pasadas las celebraciones, habr\u00e1 que mirar hacia adelante, y deb\u00e9is hacerlo con confianza y con ganas de seguir super\u00e1ndoos. Os espera <\/span><\/span><span style=\"font-family: Arial,sans-serif\"><span style=\"font-size: medium\"><b>un futuro lleno de oportunidades<\/b><\/span><\/span><span style=\"font-family: Arial,sans-serif\"><span style=\"font-size: medium\">. No teng\u00e1is miedo, confiad en vuestras capacidades y en los milagros que derivan del esfuerzo inteligente. \u00a1Salid al mundo y demostrad lo que val\u00e9is!<\/span><\/span><\/span><\/p>\n<p>&nbsp;<\/p>\n<div id=\"attachment_1105\" style=\"width: 490px\" class=\"wp-caption aligncenter\"><a href=\"http:\/\/www.iessenara.es\/Revista\/wp-content\/uploads\/2017\/10\/Graduaci\u00f3n.jpg\"><img aria-describedby=\"caption-attachment-1105\" decoding=\"async\" loading=\"lazy\" class=\"size-full wp-image-1105\" src=\"http:\/\/www.iessenara.es\/Revista\/wp-content\/uploads\/2017\/10\/Graduaci\u00f3n.jpg\" alt=\"Imagen de Salamanca RTV al D\u00eda\" width=\"480\" height=\"360\" srcset=\"https:\/\/www.iessenara.es\/Revista\/wp-content\/uploads\/2017\/10\/Graduaci\u00f3n.jpg 480w, https:\/\/www.iessenara.es\/Revista\/wp-content\/uploads\/2017\/10\/Graduaci\u00f3n-300x225.jpg 300w\" sizes=\"(max-width: 480px) 100vw, 480px\" \/><\/a><p id=\"caption-attachment-1105\" class=\"wp-caption-text\">Imagen de Salamanca RTV al D\u00eda<\/p><\/div>\n<p><span style=\"color: #000000\">\u00a0<\/span><\/p>\n<p><span style=\"color: #000000\"><span style=\"font-family: Arial,sans-serif\"><span style=\"font-size: medium\">5- Y recordad que <\/span><\/span><span style=\"font-family: Arial,sans-serif\"><span style=\"font-size: medium\"><b>no est\u00e1is solos en la tarea<\/b><\/span><\/span><span style=\"font-family: Arial,sans-serif\"><span style=\"font-size: medium\">, porque, como dec\u00eda Leonardo da Vinci, \u201cSomos enanos encaramados a hombros de gigantes\u201d. No est\u00e1is solos porque <\/span><\/span><span style=\"font-family: Arial,sans-serif\"><span style=\"font-size: medium\"><b>os ampara un inmenso caudal de sabidur\u00eda.<\/b><\/span><\/span><span style=\"font-family: Arial,sans-serif\"><span style=\"font-size: medium\"> El que atesoran vuestros padres y abuelos, vuestros profesores pasados y futuros, las personas con las que os ir\u00e9is encontrando. Muchas de esas personas, \u201cnormales\u201d en apariencia, comprobar\u00e9is que son <\/span><\/span><span style=\"font-family: Arial,sans-serif\"><span style=\"font-size: medium\"><b>seres excepcionales, <\/b><\/span><\/span><span style=\"font-family: Arial,sans-serif\"><span style=\"font-size: medium\">por su trabajo abnegado, por su solidaridad y compromiso, en definitiva, por su excelencia. <\/span><\/span><span style=\"font-family: Arial,sans-serif\"><span style=\"font-size: medium\"><b>Aprended de ellas.<\/b><\/span><\/span><\/span><\/p>\n<p><span style=\"color: #000000\">\u00a0<\/span><\/p>\n<p><span style=\"color: #000000\"><span style=\"font-family: Arial,sans-serif\"><span style=\"font-size: medium\">6- As\u00ed podr\u00e9is <\/span><\/span><span style=\"font-family: Arial,sans-serif\"><span style=\"font-size: medium\"><b>avanzar sin miedo<\/b><\/span><\/span><span style=\"font-family: Arial,sans-serif\"><span style=\"font-size: medium\"> entre la superficialidad y el postureo, que parecen estar invadi\u00e9ndolo todo y difuminando el valor verdadero. <\/span><\/span><span style=\"font-family: Arial,sans-serif\"><span style=\"font-size: medium\"><b>NO os dej\u00e9is enga\u00f1ar<\/b><\/span><\/span><span style=\"font-family: Arial,sans-serif\"><span style=\"font-size: medium\">, la validez de una persona no reside en su fama, su riqueza o su belleza. Ya lo aseguraba uno de los personajes de ese entra\u00f1able libro titulado \u201cEl Principito\u201d al decir que \u201cLo esencial es invisible a los ojos\u201d.<\/span><\/span><\/span><\/p>\n<p><span style=\"color: #000000\">\u00a0<\/span><\/p>\n<p><span style=\"color: #000000\"><span style=\"font-family: Arial,sans-serif\"><span style=\"font-size: medium\">7- Por tanto, <\/span><\/span><span style=\"font-family: Arial,sans-serif\"><span style=\"font-size: medium\"><b>observad, aprended de los dem\u00e1s y escuchad siempre a vuestro coraz\u00f3n. <\/b><\/span><\/span><span style=\"font-family: Arial,sans-serif\"><span style=\"font-size: medium\">Sed aut\u00e9nticos. <\/span><\/span><span style=\"font-family: Arial,sans-serif\"><span style=\"font-size: medium\"><b>Competid s\u00f3lo con vosotros mismos. <\/b><\/span><\/span><span style=\"font-family: Arial,sans-serif\"><span style=\"font-size: medium\">Cread. As\u00ed lograr\u00e9is la <\/span><\/span><span style=\"font-family: Arial,sans-serif\"><span style=\"font-size: medium\"><b>EXCELENCIA<\/b><\/span><\/span><span style=\"font-family: Arial,sans-serif\"><span style=\"font-size: medium\">, que no es otra cosa que hacer bien lo que hay que hacer, cada uno seg\u00fan sus posibilidades. <\/span><\/span><\/span><\/p>\n<p><span style=\"color: #000000\"><span style=\"font-family: Arial,sans-serif\"><span style=\"font-size: medium\">Recordad que <\/span><\/span><span style=\"font-family: Arial,sans-serif\"><span style=\"font-size: medium\"><b>cada uno de vosotros es un ser \u00fanico, irrepetible y sabio.<\/b><\/span><\/span><\/span><\/p>\n<p><span style=\"color: #000000\">\u00a0<\/span><\/p>\n<p><span style=\"color: #000000\"><span style=\"font-family: Arial,sans-serif\"><span style=\"font-size: medium\">8- <\/span><\/span><span style=\"font-family: Arial,sans-serif\"><span style=\"font-size: medium\"><b>Y comprometeos<\/b><\/span><\/span><span style=\"font-family: Arial,sans-serif\"><span style=\"font-size: medium\">: elegid vuestra tarea en la vida desde el coraz\u00f3n, no influidos por la moda, y elegidla mirando m\u00e1s all\u00e1 del momento presente, incluso de vosotros mismos. Aspirad a dejar vuestra contribuci\u00f3n ayudando a mejorar lo recibido, colaborando con los que est\u00e1n cerca (la familia, la tierra m\u00e1s pr\u00f3xima), y engrandeciendo nuestro pa\u00eds en todo aquello que mejore y facilite la vida de los que vivimos en \u00e9l. <\/span><\/span><\/span><\/p>\n<p><span style=\"color: #000000\"><span style=\"font-family: Arial,sans-serif\"><span style=\"font-size: medium\">Contribuid al bien com\u00fan <\/span><\/span><span style=\"font-family: Arial,sans-serif\"><span style=\"font-size: medium\"><b>y recibir\u00e9is mucho m\u00e1s de lo que hab\u00e9is ofrecido<\/b><\/span><\/span><span style=\"font-family: Arial,sans-serif\"><span style=\"font-size: medium\">. Disfrutar\u00e9is con cada tarea. Y eso s\u00ed os har\u00e1 felices.<\/span><\/span><\/span><\/p>\n<p><span style=\"color: #000000\">\u00a0<\/span><\/p>\n<p><span style=\"color: #000000\"><span style=\"font-family: Arial,sans-serif\"><span style=\"font-size: medium\">Por \u00faltimo, <\/span><\/span><span style=\"font-family: Arial,sans-serif\"><span style=\"font-size: medium\"><b>en mi calidad de tutora,<\/b><\/span><\/span><span style=\"font-family: Arial,sans-serif\"><span style=\"font-size: medium\"> quer\u00eda enviaros un abrazo especial a cada uno, porque para vosotros es el \u00faltimo curso en el IES \u00abSenara\u00bb, y para m\u00ed tambi\u00e9n.<\/span><\/span><\/span><\/p>\n<p><span style=\"color: #000000\">\u00a0<\/span><\/p>\n<p style=\"text-align: right\"><span style=\"font-family: Arial,sans-serif;color: #000000\"><span style=\"font-size: medium\">Babilafuente, 17 de junio de 2017<\/span><\/span><\/p>\n<p style=\"text-align: right\"><span style=\"color: #800000\"><strong><span style=\"font-family: Arial, sans-serif\"><span style=\"font-size: medium\">Clara I. L\u00f3pez, profesora de Geograf\u00eda e Historia<\/span><\/span><\/strong><\/span><\/p>\n<p style=\"text-align: right\">\n","protected":false},"excerpt":{"rendered":"<p>&nbsp; Reproducimos el discurso pronunciado por Clara Isabel L\u00f3pez Benito, profesora de Geograf\u00eda e Historia, con motivo de la graduaci\u00f3n de los alumnos de Segundo de Bachillerato en junio de 2017. \u00a0 &nbsp; Buenas&#46;&#46;&#46;<\/p>\n","protected":false},"author":3,"featured_media":1105,"comment_status":"open","ping_status":"open","sticky":false,"template":"","format":"standard","meta":{"jetpack_post_was_ever_published":false,"jetpack_publicize_message":"","jetpack_is_tweetstorm":false,"jetpack_publicize_feature_enabled":true,"jetpack_social_options":[]},"categories":[6,10],"tags":[51,38,19,30],"jetpack_publicize_connections":[],"jetpack_featured_media_url":"https:\/\/www.iessenara.es\/Revista\/wp-content\/uploads\/2017\/10\/Graduaci\u00f3n.jpg","jetpack_sharing_enabled":true,"jetpack_shortlink":"https:\/\/wp.me\/p5mbkp-gv","_links":{"self":[{"href":"https:\/\/www.iessenara.es\/Revista\/index.php?rest_route=\/wp\/v2\/posts\/1023"}],"collection":[{"href":"https:\/\/www.iessenara.es\/Revista\/index.php?rest_route=\/wp\/v2\/posts"}],"about":[{"href":"https:\/\/www.iessenara.es\/Revista\/index.php?rest_route=\/wp\/v2\/types\/post"}],"author":[{"embeddable":true,"href":"https:\/\/www.iessenara.es\/Revista\/index.php?rest_route=\/wp\/v2\/users\/3"}],"replies":[{"embeddable":true,"href":"https:\/\/www.iessenara.es\/Revista\/index.php?rest_route=%2Fwp%2Fv2%2Fcomments&post=1023"}],"version-history":[{"count":13,"href":"https:\/\/www.iessenara.es\/Revista\/index.php?rest_route=\/wp\/v2\/posts\/1023\/revisions"}],"predecessor-version":[{"id":1109,"href":"https:\/\/www.iessenara.es\/Revista\/index.php?rest_route=\/wp\/v2\/posts\/1023\/revisions\/1109"}],"wp:featuredmedia":[{"embeddable":true,"href":"https:\/\/www.iessenara.es\/Revista\/index.php?rest_route=\/wp\/v2\/media\/1105"}],"wp:attachment":[{"href":"https:\/\/www.iessenara.es\/Revista\/index.php?rest_route=%2Fwp%2Fv2%2Fmedia&parent=1023"}],"wp:term":[{"taxonomy":"category","embeddable":true,"href":"https:\/\/www.iessenara.es\/Revista\/index.php?rest_route=%2Fwp%2Fv2%2Fcategories&post=1023"},{"taxonomy":"post_tag","embeddable":true,"href":"https:\/\/www.iessenara.es\/Revista\/index.php?rest_route=%2Fwp%2Fv2%2Ftags&post=1023"}],"curies":[{"name":"wp","href":"https:\/\/api.w.org\/{rel}","templated":true}]}}