{"id":1060,"date":"2017-12-04T20:17:16","date_gmt":"2017-12-04T20:17:16","guid":{"rendered":"http:\/\/www.iessenara.es\/Revista\/?p=1060"},"modified":"2017-12-04T20:17:16","modified_gmt":"2017-12-04T20:17:16","slug":"verba-docent","status":"publish","type":"post","link":"https:\/\/www.iessenara.es\/Revista\/?p=1060","title":{"rendered":"Verba docent"},"content":{"rendered":"<p>&nbsp;<\/p>\n<p><em>En espa\u00f1ol existen muchas formas que pertenecen a m\u00e1s de un verbo (son casos de <span style=\"color: #0000ff\"><strong>homonimia<\/strong><\/span>). Intenta completar todas estas oraciones, siguiendo el modelo. Atenci\u00f3n: \u00a1se requiere dominio de la conjugaci\u00f3n verbal y mucha imaginaci\u00f3n!<\/em><\/p>\n<p>&nbsp;<\/p>\n<p style=\"padding-left: 30px\"><span style=\"color: #800000\"><strong><em>Fui<\/em><\/strong> <\/span>es el pasado perfecto simple del verbo <em>ser<\/em> y el pasado perfecto simple del verbo <em>ir<\/em>.<\/p>\n<p style=\"padding-left: 30px\"><span style=\"color: #800000\"><strong><em>Siento<\/em><\/strong>\u00a0<\/span> es el presente de indicativo del verbo <em>sentir<\/em> y el _______________________del verbo _______.<\/p>\n<p style=\"padding-left: 30px\"><span style=\"color: #800000\"><strong><em>Creo<\/em><\/strong> <\/span>es el presente de indicativo del verbo <em>crear<\/em> y el _______________________del verbo _______.<\/p>\n<p style=\"padding-left: 30px\"><strong><em><span style=\"color: #800000\">Vendo<\/span> <\/em><\/strong>es el presente de indicativo del verbo <em>vender<\/em> y el ______________________del verbo _______.<\/p>\n<p style=\"padding-left: 30px\"><strong><em><span style=\"color: #800000\">Ve<\/span> <\/em><\/strong>es el presente de indicativo del verbo <em>ver<\/em> y el _______________________del verbo _______.<\/p>\n<p style=\"padding-left: 30px\"><strong><em><span style=\"color: #800000\">S\u00e9<\/span> <\/em><\/strong>es el presente de indicativo del verbo <em>saber<\/em> y el _______________________del verbo _______.<\/p>\n<p style=\"padding-left: 30px\"><span style=\"color: #800000\"><strong><em>Vengo<\/em><\/strong> <\/span>es el presente de indicativo del verbo <em>venir<\/em> y el _______________________del verbo _______.<\/p>\n<p style=\"padding-left: 30px\"><strong><em><span style=\"color: #800000\">Miento<\/span> <\/em><\/strong>es el presente de indicativo del verbo <span style=\"color: #000000\"><em>mentir <\/em><\/span>y el ______________________del verbo _______.<\/p>\n<p style=\"padding-left: 30px\"><span style=\"color: #800000\"><strong><em>Pedido<\/em><\/strong> <\/span>es el participio de pasado \u00a0del verbo <em>pedir<\/em> y el _______________________del verbo _______.<\/p>\n<p style=\"padding-left: 30px\"><strong><em><span style=\"color: #800000\">Sumo<\/span> <\/em><\/strong>es el presente de indicativo del verbo <em>sumar<\/em> y el _______________________del verbo _______.<\/p>\n<p style=\"padding-left: 30px\"><strong><em><span style=\"color: #800000\">Ven<\/span> <\/em><\/strong>es el presente de indicativo del verbo <em>ver<\/em> y el _______________________del verbo _______.<\/p>\n<p style=\"padding-left: 30px\"><span style=\"color: #800000\"><strong><em>Roto<\/em><\/strong> <\/span>es el participio de pasado \u00a0del verbo <em>romper<\/em> y el _______________________del verbo _______.<\/p>\n<p style=\"padding-left: 30px\"><span style=\"color: #800000\"><strong><em>Visto<\/em><\/strong> <\/span>es el participio de pasado \u00a0del verbo <em>ver<\/em> y el _______________________del verbo _______.<\/p>\n<p style=\"padding-left: 30px\"><span style=\"color: #800000\"><strong><em>Eran<\/em><\/strong> <\/span>es el pret\u00e9rito imperfecto de indicativo del verbo <em>ser<\/em> y el ________________del verbo _______.<\/p>\n<p>&nbsp;<\/p>\n<p><em>M\u00e1s dif\u00edcil todav\u00eda: casos de <span style=\"color: #0000ff\"><strong>hom\u00f3fonos<\/strong> <\/span>(suenan igual, pero se escriben de forma diferente). Cuidado con esas confusiones&#8230;<\/em><\/p>\n<p>&nbsp;<\/p>\n<p><a href=\"http:\/\/www.iessenara.es\/Revista\/wp-content\/uploads\/2017\/12\/Te-hecho-de-menos.jpg\"><img decoding=\"async\" loading=\"lazy\" class=\"aligncenter wp-image-1062\" src=\"http:\/\/www.iessenara.es\/Revista\/wp-content\/uploads\/2017\/12\/Te-hecho-de-menos-300x225.jpg\" alt=\"Te hecho de menos\" width=\"370\" height=\"278\" srcset=\"https:\/\/www.iessenara.es\/Revista\/wp-content\/uploads\/2017\/12\/Te-hecho-de-menos-300x225.jpg 300w, https:\/\/www.iessenara.es\/Revista\/wp-content\/uploads\/2017\/12\/Te-hecho-de-menos-1024x768.jpg 1024w, https:\/\/www.iessenara.es\/Revista\/wp-content\/uploads\/2017\/12\/Te-hecho-de-menos.jpg 2048w\" sizes=\"(max-width: 370px) 100vw, 370px\" \/><\/a><\/p>\n<p>&nbsp;<\/p>\n<p style=\"padding-left: 30px\"><span style=\"color: #008000\"><strong><em>Hecho<\/em><\/strong> <\/span>es el participio de pasado del verbo <em>hacer<\/em> y <span style=\"color: #008000\"><strong><em>echo<\/em><\/strong> <\/span>es el presente de indicativo del verbo <em>echar<\/em>.<\/p>\n<p style=\"padding-left: 30px\"><span style=\"color: #008000\"><strong><em>Habr\u00eda<\/em><\/strong> <\/span>es el condicional del verbo <em>haber<\/em>\u00a0 y _______ es el __________________\u00a0 del verbo __________.<\/p>\n<p style=\"padding-left: 30px\"><span style=\"color: #008000\"><strong><em>Haya<\/em><\/strong> <\/span>es el presente de subjuntivo del verbo <em>haber \u00a0\u00a0<\/em>y _______ es el _________________\u00a0 del verbo _______.<\/p>\n<p style=\"padding-left: 30px\"><span style=\"color: #008000\"><strong><em>Hice <\/em><\/strong>\u00a0<\/span>el pasado perfecto simple del verbo <em>hacer \u00a0<\/em>y _______ es el ___________________\u00a0 del verbo _______.<\/p>\n<p style=\"padding-left: 30px\"><span style=\"color: #008000\"><strong><em>Call\u00f3<\/em><\/strong> <\/span>es el pasado perfecto simple del verbo <em>callar \u00a0<\/em>y _______ es el ___________________\u00a0 del verbo _______.<\/p>\n<p style=\"padding-left: 30px\"><strong><em><span style=\"color: #008000\">Oye<\/span> <\/em><\/strong>es el presente de indicativo del verbo <em>o\u00edr<\/em> y _______ es el ___________________\u00a0 del verbo _______.<\/p>\n<p style=\"padding-left: 30px\"><strong><em><span style=\"color: #008000\">Vino<\/span> <\/em><\/strong>es el pasado perfecto simple del verbo <em>venir<\/em>\u00a0 y _______ es el ___________________\u00a0 del verbo _______.<\/p>\n<p style=\"padding-left: 30px\"><span style=\"color: #008000\"><strong><em>Har\u00e9<\/em><\/strong> <\/span>es el futuro simple del verbo <em>hacer \u00a0<\/em>y _______ es el ___________________\u00a0 del verbo _______.<\/p>\n<p style=\"padding-left: 30px\"><span style=\"color: #008000\"><strong><em>Cabe<\/em><\/strong> <\/span>es el presente de indicativo del verbo <em>caber<\/em>\u00a0 y\u00a0 _______ es el ___________________\u00a0 del verbo _______.<\/p>\n<p>&nbsp;<\/p>\n<p style=\"text-align: right\"><span style=\"color: #0000ff\"><strong>Javier Jim\u00e9nez G\u00f3mez<\/strong><\/span><\/p>\n<p style=\"text-align: right\"><span style=\"color: #0000ff\"><strong>(Profesor de&#8230; Matem\u00e1ticas)<\/strong><\/span><\/p>\n<p style=\"text-align: right\">\n","protected":false},"excerpt":{"rendered":"<p>&nbsp; En espa\u00f1ol existen muchas formas que pertenecen a m\u00e1s de un verbo (son casos de homonimia). Intenta completar todas estas oraciones, siguiendo el modelo. Atenci\u00f3n: \u00a1se requiere dominio de la conjugaci\u00f3n verbal y&#46;&#46;&#46;<\/p>\n","protected":false},"author":3,"featured_media":1062,"comment_status":"open","ping_status":"open","sticky":false,"template":"","format":"standard","meta":{"jetpack_post_was_ever_published":false,"jetpack_publicize_message":"","jetpack_is_tweetstorm":false,"jetpack_publicize_feature_enabled":true,"jetpack_social_options":[]},"categories":[3,13],"tags":[52,20,34,31],"jetpack_publicize_connections":[],"jetpack_featured_media_url":"https:\/\/www.iessenara.es\/Revista\/wp-content\/uploads\/2017\/12\/Te-hecho-de-menos.jpg","jetpack_sharing_enabled":true,"jetpack_shortlink":"https:\/\/wp.me\/p5mbkp-h6","_links":{"self":[{"href":"https:\/\/www.iessenara.es\/Revista\/index.php?rest_route=\/wp\/v2\/posts\/1060"}],"collection":[{"href":"https:\/\/www.iessenara.es\/Revista\/index.php?rest_route=\/wp\/v2\/posts"}],"about":[{"href":"https:\/\/www.iessenara.es\/Revista\/index.php?rest_route=\/wp\/v2\/types\/post"}],"author":[{"embeddable":true,"href":"https:\/\/www.iessenara.es\/Revista\/index.php?rest_route=\/wp\/v2\/users\/3"}],"replies":[{"embeddable":true,"href":"https:\/\/www.iessenara.es\/Revista\/index.php?rest_route=%2Fwp%2Fv2%2Fcomments&post=1060"}],"version-history":[{"count":2,"href":"https:\/\/www.iessenara.es\/Revista\/index.php?rest_route=\/wp\/v2\/posts\/1060\/revisions"}],"predecessor-version":[{"id":1063,"href":"https:\/\/www.iessenara.es\/Revista\/index.php?rest_route=\/wp\/v2\/posts\/1060\/revisions\/1063"}],"wp:featuredmedia":[{"embeddable":true,"href":"https:\/\/www.iessenara.es\/Revista\/index.php?rest_route=\/wp\/v2\/media\/1062"}],"wp:attachment":[{"href":"https:\/\/www.iessenara.es\/Revista\/index.php?rest_route=%2Fwp%2Fv2%2Fmedia&parent=1060"}],"wp:term":[{"taxonomy":"category","embeddable":true,"href":"https:\/\/www.iessenara.es\/Revista\/index.php?rest_route=%2Fwp%2Fv2%2Fcategories&post=1060"},{"taxonomy":"post_tag","embeddable":true,"href":"https:\/\/www.iessenara.es\/Revista\/index.php?rest_route=%2Fwp%2Fv2%2Ftags&post=1060"}],"curies":[{"name":"wp","href":"https:\/\/api.w.org\/{rel}","templated":true}]}}