{"id":1083,"date":"2018-01-24T10:52:36","date_gmt":"2018-01-24T10:52:36","guid":{"rendered":"http:\/\/www.iessenara.es\/Revista\/?p=1083"},"modified":"2019-07-16T09:54:39","modified_gmt":"2019-07-16T09:54:39","slug":"jose-antonio-sanchez-mi-trabajo-como-director-me-permite-conocer-como-funciona-un-centro","status":"publish","type":"post","link":"https:\/\/www.iessenara.es\/Revista\/?p=1083","title":{"rendered":"Jos\u00e9 Antonio S\u00e1nchez: \u00abMi trabajo como director me permite conocer c\u00f3mo funciona un centro\u00bb"},"content":{"rendered":"<p>&nbsp;<\/p>\n<p><span style=\"color: #000000\"><em>Desde el presente curso, <span style=\"color: #008000\"><strong>Jos\u00e9 Antonio S\u00e1nchez Ordu\u00f1a<\/strong><\/span>, profesor de Franc\u00e9s, se encarga de la dif\u00edcil tarea de dirigir nuestro instituto. Aunque esto le lleva mucho tiempo todos los d\u00edas, ha contestado amablemente a las preguntas que le hemos formulado.<\/em><\/span><\/p>\n<p><span style=\"color: #000000\">&nbsp;<\/span><\/p>\n<p><span style=\"color: #008000\"><strong>Amparo y Elena: \u00bfTe resulta complicado ser profesor?<\/strong><\/span><\/p>\n<p><span style=\"color: #000000\"><strong>Jos\u00e9 Antonio:<\/strong> No es una tarea f\u00e1cil, pero tengo la gran suerte de estar muy bien acompa\u00f1ado; eso facilita mucho mi labor.<\/span><\/p>\n<p><span style=\"color: #000000\">&nbsp;<\/span><\/p>\n<p><span style=\"color: #008000\"><strong>A. y E.: \u00bfTe gusta tu trabajo?<\/strong><\/span><\/p>\n<p><span style=\"color: #000000\"><strong>J. A.:<\/strong> Soy docente por vocaci\u00f3n y me siento muy afortunado de hacer lo que me gusta. Mi trabajo como director me aleja del aula, que es donde m\u00e1s me gusta estar; pero, al mismo tiempo, me permite conocer c\u00f3mo funciona internamente un centro.<\/span><\/p>\n<p>&nbsp;<\/p>\n<p><a href=\"http:\/\/www.iessenara.es\/Revista\/wp-content\/uploads\/2018\/01\/Direcci\u00f3n.jpg\"><img decoding=\"async\" loading=\"lazy\" class=\"aligncenter wp-image-1088\" src=\"http:\/\/www.iessenara.es\/Revista\/wp-content\/uploads\/2018\/01\/Direcci\u00f3n-300x168.jpg\" alt=\"Direcci\u00f3n\" width=\"500\" height=\"281\" srcset=\"https:\/\/www.iessenara.es\/Revista\/wp-content\/uploads\/2018\/01\/Direcci\u00f3n-300x168.jpg 300w, https:\/\/www.iessenara.es\/Revista\/wp-content\/uploads\/2018\/01\/Direcci\u00f3n-1024x576.jpg 1024w\" sizes=\"(max-width: 500px) 100vw, 500px\" \/><\/a><\/p>\n<p><span style=\"color: #000000\">&nbsp;<\/span><\/p>\n<p><span style=\"color: #008000\"><strong>A. y E.: \u00bfDesde peque\u00f1o quer\u00edas dedicarte a tu actual trabajo?<\/strong><\/span><\/p>\n<p><span style=\"color: #000000\"><strong>J. A.:<\/strong> S\u00ed, siempre he querido ser profesor.<\/span><\/p>\n<p><span style=\"color: #000000\">&nbsp;<\/span><\/p>\n<p><span style=\"color: #008000\"><strong>A. y E.: \u00bfCu\u00e1l es el comportamiento de los alumnos, del 1 al 10?<\/strong><\/span><\/p>\n<p><span style=\"color: #000000\"><strong>J. A.:<\/strong> Generalmente, el comportamiento del alumnado del centro es bueno; hay d\u00edas mejores y d\u00edas peores.<\/span><\/p>\n<p>&nbsp;<\/p>\n<p style=\"text-align: right\"><span style=\"color: #008000\"><strong>Amparo Miguel Sancho<\/strong><\/span><\/p>\n<p style=\"text-align: right\"><span style=\"color: #008000\"><strong>Elena D\u00edaz Garc\u00eda<\/strong><\/span><\/p>\n<p style=\"text-align: right\"><span style=\"color: #008000\"><strong>Tercero de ESO &#8211; A<\/strong><\/span><\/p>\n<p style=\"text-align: right\">\n","protected":false},"excerpt":{"rendered":"<p>&nbsp; Desde el presente curso, Jos\u00e9 Antonio S\u00e1nchez Ordu\u00f1a, profesor de Franc\u00e9s, se encarga de la dif\u00edcil tarea de dirigir nuestro instituto. Aunque esto le lleva mucho tiempo todos los d\u00edas, ha contestado amablemente&#46;&#46;&#46;<\/p>\n","protected":false},"author":3,"featured_media":1088,"comment_status":"open","ping_status":"open","sticky":false,"template":"","format":"standard","meta":{"jetpack_post_was_ever_published":false,"jetpack_publicize_message":"","jetpack_is_tweetstorm":false,"jetpack_publicize_feature_enabled":true,"jetpack_social_options":[]},"categories":[3],"tags":[51,55],"jetpack_publicize_connections":[],"jetpack_featured_media_url":"https:\/\/www.iessenara.es\/Revista\/wp-content\/uploads\/2018\/01\/Direcci\u00f3n.jpg","jetpack_sharing_enabled":true,"jetpack_shortlink":"https:\/\/wp.me\/p5mbkp-ht","_links":{"self":[{"href":"https:\/\/www.iessenara.es\/Revista\/index.php?rest_route=\/wp\/v2\/posts\/1083"}],"collection":[{"href":"https:\/\/www.iessenara.es\/Revista\/index.php?rest_route=\/wp\/v2\/posts"}],"about":[{"href":"https:\/\/www.iessenara.es\/Revista\/index.php?rest_route=\/wp\/v2\/types\/post"}],"author":[{"embeddable":true,"href":"https:\/\/www.iessenara.es\/Revista\/index.php?rest_route=\/wp\/v2\/users\/3"}],"replies":[{"embeddable":true,"href":"https:\/\/www.iessenara.es\/Revista\/index.php?rest_route=%2Fwp%2Fv2%2Fcomments&post=1083"}],"version-history":[{"count":9,"href":"https:\/\/www.iessenara.es\/Revista\/index.php?rest_route=\/wp\/v2\/posts\/1083\/revisions"}],"predecessor-version":[{"id":1660,"href":"https:\/\/www.iessenara.es\/Revista\/index.php?rest_route=\/wp\/v2\/posts\/1083\/revisions\/1660"}],"wp:featuredmedia":[{"embeddable":true,"href":"https:\/\/www.iessenara.es\/Revista\/index.php?rest_route=\/wp\/v2\/media\/1088"}],"wp:attachment":[{"href":"https:\/\/www.iessenara.es\/Revista\/index.php?rest_route=%2Fwp%2Fv2%2Fmedia&parent=1083"}],"wp:term":[{"taxonomy":"category","embeddable":true,"href":"https:\/\/www.iessenara.es\/Revista\/index.php?rest_route=%2Fwp%2Fv2%2Fcategories&post=1083"},{"taxonomy":"post_tag","embeddable":true,"href":"https:\/\/www.iessenara.es\/Revista\/index.php?rest_route=%2Fwp%2Fv2%2Ftags&post=1083"}],"curies":[{"name":"wp","href":"https:\/\/api.w.org\/{rel}","templated":true}]}}