{"id":1188,"date":"2018-06-20T19:33:50","date_gmt":"2018-06-20T19:33:50","guid":{"rendered":"http:\/\/www.iessenara.es\/Revista\/?p=1188"},"modified":"2018-06-20T19:43:08","modified_gmt":"2018-06-20T19:43:08","slug":"mi-primer-viaje-a-roma","status":"publish","type":"post","link":"https:\/\/www.iessenara.es\/Revista\/?p=1188","title":{"rendered":"Mi primer Viaje a Roma"},"content":{"rendered":"<div id=\"attachment_1189\" style=\"width: 310px\" class=\"wp-caption alignleft\"><a href=\"http:\/\/www.iessenara.es\/Revista\/wp-content\/uploads\/2018\/06\/san-pedro.jpg\"><img aria-describedby=\"caption-attachment-1189\" decoding=\"async\" loading=\"lazy\" class=\"wp-image-1189 size-medium\" src=\"http:\/\/www.iessenara.es\/Revista\/wp-content\/uploads\/2018\/06\/san-pedro-300x225.jpg\" alt=\"Plaza de San Pedro. Ciudad del Vaticano\" width=\"300\" height=\"225\" srcset=\"https:\/\/www.iessenara.es\/Revista\/wp-content\/uploads\/2018\/06\/san-pedro-300x225.jpg 300w, https:\/\/www.iessenara.es\/Revista\/wp-content\/uploads\/2018\/06\/san-pedro-1024x768.jpg 1024w\" sizes=\"(max-width: 300px) 100vw, 300px\" \/><\/a><p id=\"caption-attachment-1189\" class=\"wp-caption-text\">Plaza de San Pedro. Ciudad del Vaticano<\/p><\/div>\n<p>El d\u00eda 21 de marzo de 2018 comenz\u00f3 nuestra aventura: un viaje a Roma de los alumnos de 1\u00ba de Bachillerato y de 4\u00ba de ESO de Religi\u00f3n y de Lat\u00edn. Partimos desde Babilafuente hasta el aeropuerto de Madrid, donde algunos cog\u00edamos nuestro primer vuelo y para otros era simplemente un vuelo m\u00e1s, pero todos ten\u00edamos la ilusi\u00f3n de viajar juntos.<\/p>\n<p>Al llegar, todo nos parec\u00eda un tanto familiar, por su parecido con Espa\u00f1a. Un autob\u00fas nos llev\u00f3 al hotel y ya vimos grandes avenidas y un mont\u00f3n de callejuelas. A las seis de la tarde salimos a visitar el Coliseo. \u00a1Qu\u00e9 maravilla! Es imposible describir lo que sent\u00ed en ese momento.<\/p>\n<p>Despu\u00e9s visitamos otras maravillas, como el foro de Trajano, la Piazza Venezia y finalmente fuimos dando un tranquilo paseo por el Corso, disfrutando de las tiendas, hasta llegar a la Plaza del Pante\u00f3n. Alll\u00ed cenamos donde quisimos y disfrutamos de la gastronom\u00eda italiana. El d\u00eda lo acabamos frente a la Fontana di Trevi, con un rico helado de pistacho.<\/p>\n<p>El d\u00eda 22 visitamos por la ma\u00f1ana el Foro Romano y el interior del Coliseo. Por la tarde vimos el Mois\u00e9s de Miguel \u00c1ngel, el Foro Boario y la iglesia de Santa Mar\u00eda in Cosmedin. Terminamos el d\u00eda en la Piazza del Campidoglio y la Fontana di Trevi.<\/p>\n<div id=\"attachment_1190\" style=\"width: 310px\" class=\"wp-caption alignright\"><a href=\"http:\/\/www.iessenara.es\/Revista\/wp-content\/uploads\/2018\/06\/pijamas.jpg\"><img aria-describedby=\"caption-attachment-1190\" decoding=\"async\" loading=\"lazy\" class=\"wp-image-1190 size-medium\" src=\"http:\/\/www.iessenara.es\/Revista\/wp-content\/uploads\/2018\/06\/pijamas-300x225.jpg\" alt=\"&quot;Cumplea\u00f1os feliz, cumplea\u00f1os feliz, te deseamos todos, cumplea\u00f1os feliz.&quot;\" width=\"300\" height=\"225\" srcset=\"https:\/\/www.iessenara.es\/Revista\/wp-content\/uploads\/2018\/06\/pijamas-300x225.jpg 300w, https:\/\/www.iessenara.es\/Revista\/wp-content\/uploads\/2018\/06\/pijamas-1024x768.jpg 1024w\" sizes=\"(max-width: 300px) 100vw, 300px\" \/><\/a><p id=\"caption-attachment-1190\" class=\"wp-caption-text\">\u00abCumplea\u00f1os feliz, cumplea\u00f1os feliz, te deseamos todos, cumplea\u00f1os feliz.\u00bb<\/p><\/div>\n<p>El viernes 23 fuimos al Vaticano. \u00a1Qu\u00e9 pasada de lugar! Desde sus Museos, hasta la Capilla Sixtina, pasando por la Bas\u00edlica de San Pedro y la c\u00fapula de Miguel \u00c1ngel. Nos quedamos maravillados ante tanta belleza. Por la tarde visitamos la Piazza Navona, descubrimos un mont\u00f3n de tiendecitas en las que vend\u00edan el dichoso cristal de Murano. Finalizamos el d\u00eda, \u00a1c\u00f3mo no!, en la Plaza del Pante\u00f3n, para tomar ese helado de pistacho ansiado por todos.<\/p>\n<p>El s\u00e1bado 24 comenzamos el d\u00eda en las Catacumbas de San Calixto, lugar incre\u00edble. Despu\u00e9s recorrimos desde la Piazza del Popolo el Paseo del Corso, hasta llegar a la Piazza di Spagna, donde nos comimos un bocata, a pesar de la extrema vigilancia de la Polic\u00eda. Por la tarde visitamos la Iglesia de Santa Mar\u00eda sopra Minerva y la Iglesia del Ges\u00fa. Por supuesto, finalizamos el d\u00eda en la plaza del Pante\u00f3n.<\/p>\n<p>El domingo 25 empezamos el d\u00eda con cansancio, pero con las mismas ganas del primer d\u00eda. Visitamos la Piazza Republica, La Iglesia de Santa Maria degli Angeli, La Iglesia de Santa Maria della Vittoria y la Bas\u00edlica de Santa Maria Maggiore.<\/p>\n<div id=\"attachment_1191\" style=\"width: 310px\" class=\"wp-caption alignleft\"><a href=\"http:\/\/www.iessenara.es\/Revista\/wp-content\/uploads\/2018\/06\/coliseo.jpg\"><img aria-describedby=\"caption-attachment-1191\" decoding=\"async\" loading=\"lazy\" class=\"wp-image-1191 size-medium\" src=\"http:\/\/www.iessenara.es\/Revista\/wp-content\/uploads\/2018\/06\/coliseo-300x200.jpg\" alt=\"Coliseo, Interior\" width=\"300\" height=\"200\" srcset=\"https:\/\/www.iessenara.es\/Revista\/wp-content\/uploads\/2018\/06\/coliseo-300x200.jpg 300w, https:\/\/www.iessenara.es\/Revista\/wp-content\/uploads\/2018\/06\/coliseo-1024x682.jpg 1024w\" sizes=\"(max-width: 300px) 100vw, 300px\" \/><\/a><p id=\"caption-attachment-1191\" class=\"wp-caption-text\">Coliseo, Interior<\/p><\/div>\n<p style=\"text-align: left\">No hay palabras para describir lo maravilloso que ha sido y lo que a m\u00ed personalmente me ha aportado. Gracias a Fernando y a Luis, por hacer posible este viaje y por conseguir que estos d\u00edas fueran tan maravillosos. Gracias a mis compa\u00f1eros y amigos, por una estancia tan divertida y tan especial. No lo olvidar\u00e9. Y gracias a nuestros padres, por darnos la oportunidad que quiz\u00e1 algunos no tuvieron a nuestra edad.<\/p>\n<p>Roma 2018 ya es historia, pero para nosotros ser\u00e1 indeleble en nuestra memoria y en nuestro coraz\u00f3n.<\/p>\n<p style=\"text-align: right\">Paulina Garc\u00eda Bravo. 1\u00ba Bachillerato de Humanidades<\/p>\n<div class=\"video-container\"><span class=\"embed-youtube\" style=\"text-align:center; display: block;\"><iframe loading=\"lazy\" class=\"youtube-player\" width=\"640\" height=\"360\" src=\"https:\/\/www.youtube.com\/embed\/Pi8mmutTpdg?version=3&#038;rel=1&#038;showsearch=0&#038;showinfo=1&#038;iv_load_policy=1&#038;fs=1&#038;hl=es-ES&#038;autohide=2&#038;wmode=transparent\" allowfullscreen=\"true\" style=\"border:0;\" sandbox=\"allow-scripts allow-same-origin allow-popups allow-presentation\"><\/iframe><\/span><\/div>\n","protected":false},"excerpt":{"rendered":"<p>El d\u00eda 21 de marzo de 2018 comenz\u00f3 nuestra aventura: un viaje a Roma de los alumnos de 1\u00ba de Bachillerato y de 4\u00ba de ESO de Religi\u00f3n y de Lat\u00edn. Partimos desde Babilafuente&#46;&#46;&#46;<\/p>\n","protected":false},"author":3,"featured_media":1196,"comment_status":"open","ping_status":"open","sticky":false,"template":"","format":"standard","meta":{"jetpack_post_was_ever_published":false,"jetpack_publicize_message":"","jetpack_is_tweetstorm":false,"jetpack_publicize_feature_enabled":true,"jetpack_social_options":[]},"categories":[6],"tags":[60,35,33,36,32],"jetpack_publicize_connections":[],"jetpack_featured_media_url":"https:\/\/www.iessenara.es\/Revista\/wp-content\/uploads\/2018\/06\/navona.jpg","jetpack_sharing_enabled":true,"jetpack_shortlink":"https:\/\/wp.me\/p5mbkp-ja","_links":{"self":[{"href":"https:\/\/www.iessenara.es\/Revista\/index.php?rest_route=\/wp\/v2\/posts\/1188"}],"collection":[{"href":"https:\/\/www.iessenara.es\/Revista\/index.php?rest_route=\/wp\/v2\/posts"}],"about":[{"href":"https:\/\/www.iessenara.es\/Revista\/index.php?rest_route=\/wp\/v2\/types\/post"}],"author":[{"embeddable":true,"href":"https:\/\/www.iessenara.es\/Revista\/index.php?rest_route=\/wp\/v2\/users\/3"}],"replies":[{"embeddable":true,"href":"https:\/\/www.iessenara.es\/Revista\/index.php?rest_route=%2Fwp%2Fv2%2Fcomments&post=1188"}],"version-history":[{"count":4,"href":"https:\/\/www.iessenara.es\/Revista\/index.php?rest_route=\/wp\/v2\/posts\/1188\/revisions"}],"predecessor-version":[{"id":1197,"href":"https:\/\/www.iessenara.es\/Revista\/index.php?rest_route=\/wp\/v2\/posts\/1188\/revisions\/1197"}],"wp:featuredmedia":[{"embeddable":true,"href":"https:\/\/www.iessenara.es\/Revista\/index.php?rest_route=\/wp\/v2\/media\/1196"}],"wp:attachment":[{"href":"https:\/\/www.iessenara.es\/Revista\/index.php?rest_route=%2Fwp%2Fv2%2Fmedia&parent=1188"}],"wp:term":[{"taxonomy":"category","embeddable":true,"href":"https:\/\/www.iessenara.es\/Revista\/index.php?rest_route=%2Fwp%2Fv2%2Fcategories&post=1188"},{"taxonomy":"post_tag","embeddable":true,"href":"https:\/\/www.iessenara.es\/Revista\/index.php?rest_route=%2Fwp%2Fv2%2Ftags&post=1188"}],"curies":[{"name":"wp","href":"https:\/\/api.w.org\/{rel}","templated":true}]}}