{"id":1207,"date":"2018-10-17T07:46:23","date_gmt":"2018-10-17T07:46:23","guid":{"rendered":"http:\/\/www.iessenara.es\/Revista\/?p=1207"},"modified":"2018-10-27T16:22:13","modified_gmt":"2018-10-27T16:22:13","slug":"el-pasador","status":"publish","type":"post","link":"https:\/\/www.iessenara.es\/Revista\/?p=1207","title":{"rendered":"El \u00abpasador\u00bb (cap\u00edtulo I)"},"content":{"rendered":"<p class=\"Standard\"><span style=\"color: #ffffff\">&#8211;<\/span><\/p>\n<p class=\"Standard\"><span style=\"color: #000000\">La brisa marina surg\u00eda fr\u00eda y salada de la oscuridad del Mar de la Br\u00fajula. Adam Fremark mir\u00f3 hacia all\u00e1, apoyado en el muro de piedras que separaba el paseo de la brutalidad de las olas. Esa nocturna penumbra le inquietaba a\u00fan m\u00e1s de lo que estaba; hab\u00eda hecho eso m\u00e1s veces, pero uno nunca se acababa de acostumbrar.<\/span><\/p>\n<p class=\"Standard\"><span style=\"color: #000000\">Pero esa noche era diferente. La niebla era casi tan espesa que parec\u00eda que se pod\u00eda cortar con la navaja que llevaba en el bolsillo del pantal\u00f3n y un vapor sal\u00eda lento, pesado del puerto, batiendo sus enormes paletas contra el agua. La columna que sal\u00eda de su chimenea se juntaba con la de las m\u00faltiples f\u00e1bricas que se situaban cerca del mar, agrupadas en torno a los muelles y echando sus malolientes desechos al agua. La bocina del buque son\u00f3 estridente y cargada.<\/span><\/p>\n<p class=\"Standard\"><span style=\"color: #000000\">Adam se volvi\u00f3 para atr\u00e1s. No era lo m\u00e1s apropiado estar distra\u00eddo a esas horas. Palp\u00f3 la cajetilla met\u00e1lica llena de cigarros que llevaba en el bolsillo del pantal\u00f3n, la sac\u00f3 y tom\u00f3 un cigarro. Empez\u00f3 a fumar intranquilo: el hombre a quien esperaba se estaba demorando demasiado.<\/span><\/p>\n<p class=\"Standard\"><span style=\"color: #000000\">Entre calada y calada iba recordando c\u00f3mo se hab\u00eda metido en todo ese l\u00edo. Recordaba su hambre y esa taberna de mala muerte y aquella tabernera gorda y sucia que ol\u00eda a alcohol. Recordaba a ese hombre tan bien vestido que beb\u00eda solo y al cual nadie de esos desgraciados, de esos desechos sociales, se atrev\u00eda a robar nada a pesar de llevar un atuendo tan glamuroso. Se acerc\u00f3 a \u00e9l. Sus anteojos y sus perilla perfilada le daban un aspecto un tanto astuto, pero la desconfianza que infund\u00edan esos rasgos se disipaba con la sonrisa con la que le salud\u00f3.<\/span><\/p>\n<p class=\"Standard\"><span style=\"color: #000000\">\u201cHola, soy Richard Upwell, pero me puedes llamar Up\u201d-le hab\u00eda dicho-. \u201c\u00bfPuedo confiscarle un poco de su preciado tiempo?\u201d. Aunque la verdad es que en esos a\u00f1os, cuando habr\u00eda tenido quince o diecis\u00e9is, Adam no hac\u00eda gran cosa. Marchaba de taberna en taberna, emborrach\u00e1ndose. Dorm\u00eda a la intemperie y pasaba mucha hambre. La \u00fanica forma que ten\u00eda para subsistir era el pillaje de pobres vendedores ambulantes o de tiendas de ultramarinos. Hac\u00eda de eso tres a\u00f1os en los que se hab\u00eda dedicado a otras actividades no menos delictivas; no obstante, nunca le hab\u00edan pillado o encarcelado como antes.<\/span><\/p>\n<div id=\"attachment_1210\" style=\"width: 510px\" class=\"wp-caption aligncenter\"><a href=\"http:\/\/www.iessenara.es\/Revista\/wp-content\/uploads\/2018\/10\/181845_a_1.jpg\"><img aria-describedby=\"caption-attachment-1210\" decoding=\"async\" loading=\"lazy\" class=\"wp-image-1210\" src=\"http:\/\/www.iessenara.es\/Revista\/wp-content\/uploads\/2018\/10\/181845_a_1-300x224.jpg\" alt=\"Juan F. Morillo\" width=\"500\" height=\"375\" srcset=\"https:\/\/www.iessenara.es\/Revista\/wp-content\/uploads\/2018\/10\/181845_a_1-300x224.jpg 300w, https:\/\/www.iessenara.es\/Revista\/wp-content\/uploads\/2018\/10\/181845_a_1-1024x768.jpg 1024w\" sizes=\"(max-width: 500px) 100vw, 500px\" \/><\/a><p id=\"caption-attachment-1210\" class=\"wp-caption-text\">Juan F. Morillo<\/p><\/div>\n<p class=\"Standard\"><span style=\"color: #000000\">Por fin divis\u00f3 una figura de un hombre entre la blancura. No se le ve\u00eda bien, solo que llevaba un abrigo negro y un sombrero de copa alta a juego. Cuando se acerc\u00f3 lo suficiente se dio cuenta de que era el mismo hombre que hac\u00eda tres a\u00f1os le hab\u00eda metido en todo ese \u201coficio\u201d de ventas. No hab\u00eda cambiado nada en absoluto, era igual que en la taberna. Gafas redondas, perilla afilada y un pelo corto y oscuro como la penumbra del mar. Llevaba un chaleco abotonado con rayas verticales verdes y sosten\u00eda la chaqueta sobre los hombros.<\/span><\/p>\n<p class=\"Standard\"><span style=\"color: #000000\">Adam tir\u00f3 al suelo de manera violenta la colilla y la pis\u00f3 con el tal\u00f3n del pie. Acto seguido, meti\u00f3 su mano dentro de la chaqueta hasta palpar el instrumento met\u00e1lico y g\u00e9lido que era su pistola. No ten\u00eda dinero para comprar balas, pero serv\u00eda para intimidar. A veces en ese trabajo serv\u00eda m\u00e1s aparentar que ser.<\/span><\/p>\n<p class=\"Standard\"><span style=\"color: #000000\">La misma sonrisa se acerc\u00f3 a \u00e9l.<\/span><\/p>\n<p class=\"Standard\"><span style=\"color: #000000\">-Hola. Hace una noche estupenda. \u00bfNo?<\/span><\/p>\n<p class=\"Standard\"><span style=\"color: #000000\">-Si consideramos que estamos en oto\u00f1o, s\u00ed. \u00bfNo tienes fr\u00edo sin el chaleco?-le pregunt\u00f3. \u00c9l llevaba hasta un abrigo por encima.<\/span><\/p>\n<p class=\"Standard\"><span style=\"color: #000000\">-No. Ver\u00e1, yo no soy muy propenso a ello. \u00bfEntiende? Normalmente tengo calor. Adem\u00e1s, este chaleco de lana es muy caliente, es de la marca\u00a0<i>billy-goat.<\/i><\/span><\/p>\n<p class=\"Standard\"><span style=\"color: #000000\">-Dej\u00e9monos de rodeos -finaliz\u00f3 Adam con un adem\u00e1n con la mano que ten\u00eda libre-. Dame la mercanc\u00eda.<\/span><\/p>\n<p class=\"Standard\"><span style=\"color: #000000\">-Espere, caballero. \u00bfAcaso no te preguntas donde me he metido todos estos a\u00f1os?<\/span><\/p>\n<p class=\"Standard\"><span style=\"color: #000000\">-Todo eso poco importa, en verdad. Las noches de Westport son peligrosas, sobre todo con esta niebla. Cualquier loco te puede robar&#8230; o algo peor.<\/span><\/p>\n<p class=\"Standard\"><span style=\"color: #000000\">-Tranquil\u00edcese. Conmigo ha de estar seguro que ni John \u201cel carnicero\u201d se atrever\u00e1 a asomarse por la alcantarilla.<\/span><\/p>\n<p class=\"Standard\"><span style=\"color: #000000\">Adam suspir\u00f3 nervioso y resignado. Ese hombre le radiaba un aura de respeto y hasta miedo.<\/span><\/p>\n<p class=\"Standard\"><span style=\"color: #000000\">-Habla.<\/span><\/p>\n<p class=\"Standard\"><span style=\"color: #000000\">-Vera&#8230;\u00bfConoce a Karsten Maier?- el chico neg\u00f3 con la cabeza-. En todo caso, nos representa un problema. Ese hombre, venido del Imperio junto con su&#8230; \u00bfLacayo? \u00bfAmigo?\u00bfCompa\u00f1ero? Bueno, total, que m\u00e1s da. Con su compinche Fremont Engraf est\u00e1n haciendo que el consumo de nuestra sustancia baje en ciertos distritos.<\/span><\/p>\n<p class=\"Standard\"><span style=\"color: #000000\">-\u00bfY eso?<\/span><\/p>\n<p class=\"Standard\"><span style=\"color: #000000\">-Nah, bobadas, carisma e ideas disparatadas. El asunto es que usted ha de encargase de esto-paus\u00f3 un segundo y continu\u00f3 con un tono m\u00e1s bajo, pero sin susurrar-. Tiene que meterse en una de sus reuniones y asesinarle. Le doy mi palabra de que no pasar\u00e1 nada, tendr\u00e9 a mis hombres por all\u00ed.<\/span><\/p>\n<p class=\"Standard\"><span style=\"color: #000000\">-\u00bfY el trabajo sucio no lo pueden hacer sus hombres?<\/span><\/p>\n<p class=\"Standard\"><span style=\"color: #000000\">-Conf\u00edo m\u00e1s en usted.<\/span><\/p>\n<p class=\"Standard\"><span style=\"color: #000000\">-No me conoce de nada.<\/span><\/p>\n<p class=\"Standard\"><span style=\"color: #000000\">-Te llamas Adam Fremark. Naciste en dos mil dos, en un pueblecillo campestre de las afueras. No obstante, tus padres se mudaron a la ciudad por la industria y por la posibilidad de salir de pobres. Te quedaste hu\u00e9rfano a los doce porque los dos contrajeron tuberculosis.<\/span><\/p>\n<p class=\"Standard\"><span style=\"color: #000000\">-\u00bfC\u00f3mo sabes eso?-le pregunt\u00f3 Adam, asombrado. Sac\u00f3 la mano derecha con la que palpaba el arma al exterior.<\/span><\/p>\n<p class=\"Standard\"><span style=\"color: #000000\">-Toma-le dijo tendi\u00e9ndole un fajo de billetes. Por lo poco que lleg\u00f3 a contar, eran trescientas \u201cLabracks\u201d. La suficiente cantidad para aguantar cinco a\u00f1os sin \u201cpasar\u201d-. Habr\u00e1 el triple despu\u00e9s de que hayas eliminado a ese indeseable. Ma\u00f1ana, tres de la tarde en el caf\u00e9 \u201cBrave New World\u201d, del distrito Nelson. Con parte del dinero compra balas. Si cumples con todo, a esta misma hora de hoy para el resto.<\/span><\/p>\n<p class=\"Standard\"><span style=\"color: #000000\">Adam meti\u00f3 el dinero en el bolsillo interior donde tend\u00eda el arma y asinti\u00f3 convencido. Sin decir palabra, el hombre, de cuyo nombre no se acordaba ya por el paso del tiempo, camin\u00f3 hasta desvanecerse entre la niebla por la traves\u00eda marina como un espectro.<\/span><\/p>\n<p class=\"Standard\"><span style=\"color: #000000\">El vapor volvi\u00f3 a hacer que su bocina sonase, esta vez de forma lejana y tenebrosa.<\/span><\/p>\n<p class=\"Standard\" style=\"text-align: center\"><span style=\"color: #000000\">\u00a0CONTINUAR\u00c1<\/span><\/p>\n<p class=\"Standard\" style=\"text-align: center\"><span style=\"color: #ffffff\">&#8211;<\/span><\/p>\n<p class=\"Standard\" style=\"text-align: right\"><span style=\"color: #993300\"><strong>Manuel de Castro de Diego (Cuarto de ESO &#8211; B)<\/strong><\/span><\/p>\n","protected":false},"excerpt":{"rendered":"<p>&#8211; La brisa marina surg\u00eda fr\u00eda y salada de la oscuridad del Mar de la Br\u00fajula. Adam Fremark mir\u00f3 hacia all\u00e1, apoyado en el muro de piedras que separaba el paseo de la brutalidad&#46;&#46;&#46;<\/p>\n","protected":false},"author":3,"featured_media":1210,"comment_status":"open","ping_status":"open","sticky":false,"template":"","format":"standard","meta":{"jetpack_post_was_ever_published":false,"jetpack_publicize_message":"","jetpack_is_tweetstorm":false,"jetpack_publicize_feature_enabled":true,"jetpack_social_options":[]},"categories":[10],"tags":[18,15,61],"jetpack_publicize_connections":[],"jetpack_featured_media_url":"https:\/\/www.iessenara.es\/Revista\/wp-content\/uploads\/2018\/10\/181845_a_1.jpg","jetpack_sharing_enabled":true,"jetpack_shortlink":"https:\/\/wp.me\/p5mbkp-jt","_links":{"self":[{"href":"https:\/\/www.iessenara.es\/Revista\/index.php?rest_route=\/wp\/v2\/posts\/1207"}],"collection":[{"href":"https:\/\/www.iessenara.es\/Revista\/index.php?rest_route=\/wp\/v2\/posts"}],"about":[{"href":"https:\/\/www.iessenara.es\/Revista\/index.php?rest_route=\/wp\/v2\/types\/post"}],"author":[{"embeddable":true,"href":"https:\/\/www.iessenara.es\/Revista\/index.php?rest_route=\/wp\/v2\/users\/3"}],"replies":[{"embeddable":true,"href":"https:\/\/www.iessenara.es\/Revista\/index.php?rest_route=%2Fwp%2Fv2%2Fcomments&post=1207"}],"version-history":[{"count":10,"href":"https:\/\/www.iessenara.es\/Revista\/index.php?rest_route=\/wp\/v2\/posts\/1207\/revisions"}],"predecessor-version":[{"id":1219,"href":"https:\/\/www.iessenara.es\/Revista\/index.php?rest_route=\/wp\/v2\/posts\/1207\/revisions\/1219"}],"wp:featuredmedia":[{"embeddable":true,"href":"https:\/\/www.iessenara.es\/Revista\/index.php?rest_route=\/wp\/v2\/media\/1210"}],"wp:attachment":[{"href":"https:\/\/www.iessenara.es\/Revista\/index.php?rest_route=%2Fwp%2Fv2%2Fmedia&parent=1207"}],"wp:term":[{"taxonomy":"category","embeddable":true,"href":"https:\/\/www.iessenara.es\/Revista\/index.php?rest_route=%2Fwp%2Fv2%2Fcategories&post=1207"},{"taxonomy":"post_tag","embeddable":true,"href":"https:\/\/www.iessenara.es\/Revista\/index.php?rest_route=%2Fwp%2Fv2%2Ftags&post=1207"}],"curies":[{"name":"wp","href":"https:\/\/api.w.org\/{rel}","templated":true}]}}