{"id":1225,"date":"2018-11-06T22:50:06","date_gmt":"2018-11-06T22:50:06","guid":{"rendered":"http:\/\/www.iessenara.es\/Revista\/?p=1225"},"modified":"2018-12-18T11:37:48","modified_gmt":"2018-12-18T11:37:48","slug":"un-viaje-dificil-pero-inolvidable-capitulo-i","status":"publish","type":"post","link":"https:\/\/www.iessenara.es\/Revista\/?p=1225","title":{"rendered":"Un viaje dif\u00edcil, pero&#8230; \u00a1inolvidable!"},"content":{"rendered":"<p align=\"justify\"><span style=\"color: #ffffff\">&#8211;<\/span><\/p>\n<p align=\"justify\"><span style=\"color: #000000\"><em><span style=\"font-size: medium\">La pasada semana, aprovechando que estudi\u00e1bamos en clase \u201cla estructura interna de la Tierra\u201d, y coment\u00e1bamos la famosa novela de Julio Verne, se propuso a los alumnos que imaginaran una historia y redactasen un relato breve con el tema: <\/span><\/em><span style=\"font-size: medium\">Viaje al centro de la Tierra<\/span><span style=\"font-size: medium\"><em>. Este es el estupendo relato de Natalia.<\/em> <\/span><\/span><\/p>\n<p align=\"justify\"><span style=\"color: #ffffff\">&#8211;<\/span><\/p>\n<p align=\"justify\"><span style=\"font-size: medium;color: #000000\">\u00a1Hola! Mi nombre es Morgan. Os voy a contar una historia muy especial, un viaje\u2026 Bueno, \u00a1no s\u00e9 si se puede llamar viaje!, porque no es un viaje normal, ni nada por el estilo, sino que es un viaje cient\u00edfico. Y, por suerte, me toc\u00f3 a m\u00ed. Empecemos por el principio\u2026<\/span><\/p>\n<p align=\"justify\"><span style=\"font-size: medium;color: #000000\">Trabajo en una empresa que estudia el origen y la evoluci\u00f3n de todo lo que tenemos a nuestro alrededor. Tenemos tareas bastante complicadas y nos tenemos que tomar en serio el trabajo. Pues fue aqu\u00ed donde empez\u00f3 todo: en nuestra empresa surgi\u00f3 la idea de intentar llegar al centro o, al menos, a la segunda capa de la Tierra. Cuando nos lo comentaron en la reuni\u00f3n, al principio pens\u00e1bamos que era una simple broma. Pero luego nos dijeron que ya se hab\u00edan puesto en contacto con otro grupo, que este se centraba solo en la estructura externa de la Tierra, que hab\u00eda inter\u00e9s en nosotros y que vendr\u00edan a darnos una charla sobre todo esto. Al d\u00eda siguiente, cuando llegu\u00e9, ya estaban todos sentados esperando a que comenzaran a hablar.<\/span><\/p>\n<p align=\"justify\"><span style=\"font-size: medium;color: #000000\">Despu\u00e9s de dos largas horas de charla, lleg\u00f3 el momento: el encargado de esta investigaci\u00f3n se dirigi\u00f3 a nosotros diciendo: \u201cBueno, quiero que sep\u00e1is que ha sido dif\u00edcil elegir quien formar\u00e1 parte de la misi\u00f3n, pero finalmente se ha decidido as\u00ed\u2026\u201d. Empez\u00f3 a dar nombres. Mientras, yo estaba tan tranquila, hablando con mi compa\u00f1era de trabajo, es decir, con la que mejor me llevo. Y, de repente, o\u00ed nuestros nombres. Estaba asombrada, pues \u00e9ramos las \u00fanicas chicas de la empresa y pensaba que no ten\u00edamos posibilidades.<\/span><\/p>\n<p align=\"justify\"><span style=\"font-size: medium;color: #000000\">Esa noche no pude pegar ojo, me pas\u00e9 horas d\u00e1ndole vueltas a la investigaci\u00f3n, hasta que, cuando consegu\u00ed dormirme, justo al momento son\u00f3 el despertador. Estaba realmente agotada.<\/span><\/p>\n<p align=\"justify\"><span style=\"font-size: medium;color: #000000\">Me dirig\u00ed a la oficina y, nada m\u00e1s llegar, comenzaron a darme instrucciones. Dec\u00edan que dentro de una semana empezar\u00eda la misi\u00f3n, pues no quer\u00edan que nadie se nos adelantara en este proyecto cient\u00edfico para conocer mejor nuestro planeta. Pas\u00f3 la semana, y se hizo muy larga porque se pasaban el d\u00eda d\u00e1ndonos charlas, lo que es normal, pues ten\u00edan que informarnos.<\/span><\/p>\n<p align=\"justify\"><span style=\"font-size: medium;color: #000000\">Y lleg\u00f3 el d\u00eda. Nos hab\u00edan preparado un mont\u00f3n de cosas, como un traje con componentes que aportan frescor al cuerpo, para as\u00ed poder soportar las altas temperaturas del interior de la Tierra. Todo estaba muy bien preparado, cada persona estaba localizada, y llev\u00e1bamos unas mini-c\u00e1maras con las que grabar\u00edamos todo, para as\u00ed poder demostrar con im\u00e1genes esta gran aventura. Tambi\u00e9n dispon\u00edamos de medios de transporte especiales. Por supuesto, la seguridad estaba garantizada, o eso es los que cre\u00edamos\u2026<\/span><\/p>\n<p align=\"justify\"><a href=\"http:\/\/www.iessenara.es\/Revista\/wp-content\/uploads\/2018\/10\/Centro.jpg\"><img decoding=\"async\" loading=\"lazy\" class=\"aligncenter size-full wp-image-1228\" src=\"http:\/\/www.iessenara.es\/Revista\/wp-content\/uploads\/2018\/10\/Centro.jpg\" alt=\"Centro\" width=\"652\" height=\"350\" srcset=\"https:\/\/www.iessenara.es\/Revista\/wp-content\/uploads\/2018\/10\/Centro.jpg 652w, https:\/\/www.iessenara.es\/Revista\/wp-content\/uploads\/2018\/10\/Centro-300x161.jpg 300w\" sizes=\"(max-width: 652px) 100vw, 652px\" \/><\/a><\/p>\n<p style=\"text-align: justify\"><span style=\"font-size: medium;color: #000000\">Iniciamos el viaje montados en un veh\u00edculo parecido a un coche, pero sin ruedas; parec\u00eda que flot\u00e1bamos sobre el suelo. Seg\u00fan nos adentr\u00e1bamos a m\u00e1s profundidad el calor se hac\u00eda m\u00e1s intenso, casi inaguantable, y entonces\u2026 \u00a1el ventilador dej\u00f3 de funcionar! Aqu\u00ed empez\u00f3 el primer problema serio pero, gracias a que ten\u00edamos los trajes, esto no fue lo peor. Poco despu\u00e9s se produjo un derrumbamiento y nos quedamos bloqueados. Llamamos al equipo de rescate y entonces supimos que nos hab\u00edamos desviado de la ruta. Nos dijeron que los m\u00e1s pr\u00f3ximos a nosotros estaban a unos 16 km de distancia y que tardar\u00edan en llegar a nuestra posici\u00f3n unas dos horas\u2026 \u00a1que tuvi\u00e9ramos paciencia! Todos nos miramos y nos imaginamos lo peor.<\/span><\/p>\n<p style=\"text-align: justify\"><span style=\"font-size: medium;color: #000000\">Pero sacamos fuerzas y decidimos ponernos a salvo por nuestra cuenta. Cogimos los geo-localizadores, bater\u00edas, y todo el equipo necesario, y comenzamos a hacer la ruta a pie. Est\u00e1bamos muy cansados tras horas de camino, pero dese\u00e1bamos alcanzar la superficie. Al cabo de unas horas apareci\u00f3 un geo-coche de los m\u00e1s grandes; respiramos aliviados y subimos a \u00e9l agotados.<\/span><\/p>\n<p style=\"text-align: justify\"><span style=\"font-size: medium;color: #000000\">A partir de ese momento se acab\u00f3 la mala suerte. Recuperadas las fuerzas, comenzamos a explorar, grabamos im\u00e1genes preciosas, \u00fanicas, cogimos muestras de materiales a\u00fan no conocidos\u2026 \u00a1Iba a ser un notici\u00f3n!<\/span><\/p>\n<p style=\"text-align: justify\"><span style=\"color: #000000\"><span style=\"font-size: medium\">Finalmente, emprendimos el viaje de vuelta y alcanzamos la superficie. R\u00e1pidamente no pusimos a revisar las im\u00e1genes y nos dimos cuenta de que all\u00ed hab\u00eda algo m\u00e1s\u2026. <\/span><\/span><\/p>\n<p align=\"center\"><span style=\"font-size: medium;color: #000000\">\u00a1CONTINUAR\u00c1!<\/span><\/p>\n<p style=\"text-align: left\" align=\"center\"><span style=\"color: #ffffff\">&#8211;<\/span><\/p>\n<p align=\"right\"><span style=\"color: #ff0000\"><strong><span style=\"font-size: medium\">Natalia Barbero Gonz\u00e1lez\u00a0 (Primero de ESO &#8211; B)<\/span><\/strong><\/span><\/p>\n<p align=\"right\"><span style=\"color: #ffffff\">&#8211;<\/span><\/p>\n","protected":false},"excerpt":{"rendered":"<p>&#8211; La pasada semana, aprovechando que estudi\u00e1bamos en clase \u201cla estructura interna de la Tierra\u201d, y coment\u00e1bamos la famosa novela de Julio Verne, se propuso a los alumnos que imaginaran una historia y redactasen&#46;&#46;&#46;<\/p>\n","protected":false},"author":3,"featured_media":1228,"comment_status":"open","ping_status":"open","sticky":false,"template":"","format":"standard","meta":{"jetpack_post_was_ever_published":false,"jetpack_publicize_message":"","jetpack_is_tweetstorm":false,"jetpack_publicize_feature_enabled":true,"jetpack_social_options":[]},"categories":[10,8],"tags":[26,38,62,15,61,32],"jetpack_publicize_connections":[],"jetpack_featured_media_url":"https:\/\/www.iessenara.es\/Revista\/wp-content\/uploads\/2018\/10\/Centro.jpg","jetpack_sharing_enabled":true,"jetpack_shortlink":"https:\/\/wp.me\/p5mbkp-jL","_links":{"self":[{"href":"https:\/\/www.iessenara.es\/Revista\/index.php?rest_route=\/wp\/v2\/posts\/1225"}],"collection":[{"href":"https:\/\/www.iessenara.es\/Revista\/index.php?rest_route=\/wp\/v2\/posts"}],"about":[{"href":"https:\/\/www.iessenara.es\/Revista\/index.php?rest_route=\/wp\/v2\/types\/post"}],"author":[{"embeddable":true,"href":"https:\/\/www.iessenara.es\/Revista\/index.php?rest_route=\/wp\/v2\/users\/3"}],"replies":[{"embeddable":true,"href":"https:\/\/www.iessenara.es\/Revista\/index.php?rest_route=%2Fwp%2Fv2%2Fcomments&post=1225"}],"version-history":[{"count":7,"href":"https:\/\/www.iessenara.es\/Revista\/index.php?rest_route=\/wp\/v2\/posts\/1225\/revisions"}],"predecessor-version":[{"id":1257,"href":"https:\/\/www.iessenara.es\/Revista\/index.php?rest_route=\/wp\/v2\/posts\/1225\/revisions\/1257"}],"wp:featuredmedia":[{"embeddable":true,"href":"https:\/\/www.iessenara.es\/Revista\/index.php?rest_route=\/wp\/v2\/media\/1228"}],"wp:attachment":[{"href":"https:\/\/www.iessenara.es\/Revista\/index.php?rest_route=%2Fwp%2Fv2%2Fmedia&parent=1225"}],"wp:term":[{"taxonomy":"category","embeddable":true,"href":"https:\/\/www.iessenara.es\/Revista\/index.php?rest_route=%2Fwp%2Fv2%2Fcategories&post=1225"},{"taxonomy":"post_tag","embeddable":true,"href":"https:\/\/www.iessenara.es\/Revista\/index.php?rest_route=%2Fwp%2Fv2%2Ftags&post=1225"}],"curies":[{"name":"wp","href":"https:\/\/api.w.org\/{rel}","templated":true}]}}