{"id":1277,"date":"2019-01-17T19:21:29","date_gmt":"2019-01-17T19:21:29","guid":{"rendered":"http:\/\/www.iessenara.es\/Revista\/?p=1277"},"modified":"2019-01-21T15:48:18","modified_gmt":"2019-01-21T15:48:18","slug":"concurso-de-fotografia-ies-senara-2019","status":"publish","type":"post","link":"https:\/\/www.iessenara.es\/Revista\/?p=1277","title":{"rendered":"Concurso de Fotograf\u00eda IES Senara 2019"},"content":{"rendered":"\n<figure class=\"wp-block-image\"><img decoding=\"async\" loading=\"lazy\" width=\"724\" height=\"1024\" src=\"http:\/\/www.iessenara.es\/Revista\/wp-content\/uploads\/2019\/01\/concurso_fotografico.jpg\" alt=\"\" class=\"wp-image-1280\" srcset=\"https:\/\/www.iessenara.es\/Revista\/wp-content\/uploads\/2019\/01\/concurso_fotografico.jpg 724w, https:\/\/www.iessenara.es\/Revista\/wp-content\/uploads\/2019\/01\/concurso_fotografico-212x300.jpg 212w\" sizes=\"(max-width: 724px) 100vw, 724px\" \/><\/figure>\n\n\n\n<p>Este curso 2018\/2019 el Concurso de Fotograf\u00eda del IES Senara ampl\u00eda su foco de atenci\u00f3n y se abre a otras materias como las Ciencias Naturales, la Geograf\u00eda, la Historia y el Arte.<\/p>\n\n\n\n<p>Los objetivos son fomentar la\nsensibilidad y la creatividad del alumnado, desarrollar la capacidad para\nobservar el entorno, descubrir y captar en \u00e9l la presencia de la vida animal y\nvegetal, la actividad humana, el arte o las matem\u00e1ticas.<\/p>\n\n\n\n<p>Tambi\u00e9n se pretende despertar entre los j\u00f3venes el inter\u00e9s por la t\u00e9cnica fotogr\u00e1fica, iniciarlos en su conocimiento y en las posibilidades que ofrece, aspecto este que cobra mayor relevancia en una \u00e9poca en la que la imagen es tan protagonista.<\/p>\n\n\n\n<p>El plazo l\u00edmite de presentaci\u00f3n es el 31 de marzo de 2019. Puedes hacerlo por correo electr\u00f3nico en esta direcci\u00f3n: <a href=\"mailto:cfotografiasenara19@gmail.com\">cfotografiasenara19@gmail.com<\/a><\/p>\n\n\n\n<p>Consulta las bases en este <a href=\"http:\/\/iessenara.centros.educa.jcyl.es\/aula\/archivos\/repositorio\/\/250\/389\/bases.1concurso.fotografico.pdf\">enlace<\/a><\/p>\n","protected":false},"excerpt":{"rendered":"<p>Este curso 2018\/2019 el Concurso de Fotograf\u00eda del IES Senara ampl\u00eda su foco de atenci\u00f3n y se abre a otras materias como las Ciencias Naturales, la Geograf\u00eda, la Historia y el Arte. Los objetivos&#46;&#46;&#46;<\/p>\n","protected":false},"author":3,"featured_media":1280,"comment_status":"open","ping_status":"open","sticky":false,"template":"","format":"standard","meta":{"jetpack_post_was_ever_published":false,"jetpack_publicize_message":"","jetpack_is_tweetstorm":false,"jetpack_publicize_feature_enabled":true,"jetpack_social_options":[]},"categories":[11,1],"tags":[67,68,66],"jetpack_publicize_connections":[],"jetpack_featured_media_url":"https:\/\/www.iessenara.es\/Revista\/wp-content\/uploads\/2019\/01\/concurso_fotografico.jpg","jetpack_sharing_enabled":true,"jetpack_shortlink":"https:\/\/wp.me\/p5mbkp-kB","_links":{"self":[{"href":"https:\/\/www.iessenara.es\/Revista\/index.php?rest_route=\/wp\/v2\/posts\/1277"}],"collection":[{"href":"https:\/\/www.iessenara.es\/Revista\/index.php?rest_route=\/wp\/v2\/posts"}],"about":[{"href":"https:\/\/www.iessenara.es\/Revista\/index.php?rest_route=\/wp\/v2\/types\/post"}],"author":[{"embeddable":true,"href":"https:\/\/www.iessenara.es\/Revista\/index.php?rest_route=\/wp\/v2\/users\/3"}],"replies":[{"embeddable":true,"href":"https:\/\/www.iessenara.es\/Revista\/index.php?rest_route=%2Fwp%2Fv2%2Fcomments&post=1277"}],"version-history":[{"count":5,"href":"https:\/\/www.iessenara.es\/Revista\/index.php?rest_route=\/wp\/v2\/posts\/1277\/revisions"}],"predecessor-version":[{"id":1306,"href":"https:\/\/www.iessenara.es\/Revista\/index.php?rest_route=\/wp\/v2\/posts\/1277\/revisions\/1306"}],"wp:featuredmedia":[{"embeddable":true,"href":"https:\/\/www.iessenara.es\/Revista\/index.php?rest_route=\/wp\/v2\/media\/1280"}],"wp:attachment":[{"href":"https:\/\/www.iessenara.es\/Revista\/index.php?rest_route=%2Fwp%2Fv2%2Fmedia&parent=1277"}],"wp:term":[{"taxonomy":"category","embeddable":true,"href":"https:\/\/www.iessenara.es\/Revista\/index.php?rest_route=%2Fwp%2Fv2%2Fcategories&post=1277"},{"taxonomy":"post_tag","embeddable":true,"href":"https:\/\/www.iessenara.es\/Revista\/index.php?rest_route=%2Fwp%2Fv2%2Ftags&post=1277"}],"curies":[{"name":"wp","href":"https:\/\/api.w.org\/{rel}","templated":true}]}}