{"id":1350,"date":"2019-02-06T19:21:54","date_gmt":"2019-02-06T19:21:54","guid":{"rendered":"http:\/\/www.iessenara.es\/Revista\/?p=1350"},"modified":"2020-12-13T23:13:01","modified_gmt":"2020-12-13T23:13:01","slug":"memoria-del-holocausto-en-el-siglo-xxi","status":"publish","type":"post","link":"https:\/\/www.iessenara.es\/Revista\/?p=1350","title":{"rendered":"Memoria del Holocausto en el Siglo XXI"},"content":{"rendered":"\n<h4>Roberto Santiago Barrios. 1.\u00ba Bachillerato HCS<\/h4>\n\n\n\n<p>Seg\u00fan la Real Academia Espa\u00f1ola, se entiende por genocidio el exterminio o eliminaci\u00f3n sistem\u00e1tica de un grupo humano por motivo de raza, etnia, religi\u00f3n, pol\u00edtica o nacionalidad. Un crimen contra la humanidad. Un crimen que nos cuesta entender. Aunque hoy en d\u00eda esto podr\u00eda parecer algo pasado y de lo que apenas hemos o\u00eddo hablar en los libros de Historia, debemos de echar la vista atr\u00e1s e impedir que esto caiga en el olvido. <\/p>\n\n\n\n<p>No podemos ni debemos olvidar que los nazis asesinaron a los jud\u00edos donde pudieron: en sus casas, en la calle, en las monta\u00f1as, en los campos; los dejaron morir de hambre, de enfermedad o de agotamiento. Y todo eso en aplicaci\u00f3n de una ideolog\u00eda antisemita que establec\u00eda una sociedad construida sobre el predominio racial, en la que no hab\u00eda lugar para los jud\u00edos.<\/p>\n\n\n\n<p>La sociedad nazi apost\u00f3 por llevar a cabo una pol\u00edtica\nracial en la que la inferioridad jud\u00eda deb\u00eda ser eliminada de todos los\nsectores de la sociedad. No importaba si eran hombres, mujeres o ni\u00f1os; lo\nimportante era conseguir una raza aria y los jud\u00edos no ten\u00edan cabida en esa\nsociedad.<\/p>\n\n\n\n<p>La pol\u00edtica antisemita nazi no solo se llev\u00f3 a cabo en Alemania, sino que se produjo una persecuci\u00f3n de los jud\u00edos por toda Europa en el contexto de la Segunda Guerra Mundial. Solo tras la victoria de los aliados y la entrada de tropas americanas en Polonia se pudo comprobar de manera fehaciente un genocidio que hab\u00eda acabado con la vida de millones de jud\u00edos de la manera m\u00e1s cruel. De no haber sido porque todo aquello qued\u00f3 registrado en las c\u00e1maras del ej\u00e9rcito estadounidense, nunca hubi\u00e9semos cre\u00eddo hasta d\u00f3nde era capaz de llegar la crueldad del ser humano: entre los muros de esos campos de exterminio -el m\u00e1s conocido de ellos el de Auschwitz-Birkenau, Polonia- encontraron la muerte millones de personas. <\/p>\n\n\n\n<p>Por eso y en memoria de todos aquellos que perecieron simplemente por practicar una religi\u00f3n, desde esta revista queremos hacer un homenaje y mantener viva la memoria de lo que fue uno de los sucesos m\u00e1s terror\u00edficos de la humanidad y que esperamos no se vuelva a repetir.<\/p>\n\n\n\n<figure class=\"wp-block-image\"><img decoding=\"async\" loading=\"lazy\" width=\"1024\" height=\"732\" src=\"http:\/\/www.iessenara.es\/Revista\/wp-content\/uploads\/2019\/02\/holocausto-01-1024x732.jpg\" alt=\"\" class=\"wp-image-1352\" srcset=\"https:\/\/www.iessenara.es\/Revista\/wp-content\/uploads\/2019\/02\/holocausto-01-1024x732.jpg 1024w, https:\/\/www.iessenara.es\/Revista\/wp-content\/uploads\/2019\/02\/holocausto-01-300x215.jpg 300w, https:\/\/www.iessenara.es\/Revista\/wp-content\/uploads\/2019\/02\/holocausto-01-768x549.jpg 768w, https:\/\/www.iessenara.es\/Revista\/wp-content\/uploads\/2019\/02\/holocausto-01.jpg 1200w\" sizes=\"(max-width: 1024px) 100vw, 1024px\" \/><figcaption>Supervivientes de Auschwitz<\/figcaption><\/figure>\n","protected":false},"excerpt":{"rendered":"<p>Roberto Santiago Barrios. 1.\u00ba Bachillerato HCS Seg\u00fan la Real Academia Espa\u00f1ola, se entiende por genocidio el exterminio o eliminaci\u00f3n sistem\u00e1tica de un grupo humano por motivo de raza, etnia, religi\u00f3n, pol\u00edtica o nacionalidad. Un&#46;&#46;&#46;<\/p>\n","protected":false},"author":3,"featured_media":1347,"comment_status":"open","ping_status":"open","sticky":false,"template":"","format":"standard","meta":{"jetpack_post_was_ever_published":false,"jetpack_publicize_message":"","jetpack_is_tweetstorm":false,"jetpack_publicize_feature_enabled":true,"jetpack_social_options":[]},"categories":[1,8],"tags":[93,91,92],"jetpack_publicize_connections":[],"jetpack_featured_media_url":"https:\/\/www.iessenara.es\/Revista\/wp-content\/uploads\/2019\/02\/holocausto-02.jpg","jetpack_sharing_enabled":true,"jetpack_shortlink":"https:\/\/wp.me\/p5mbkp-lM","_links":{"self":[{"href":"https:\/\/www.iessenara.es\/Revista\/index.php?rest_route=\/wp\/v2\/posts\/1350"}],"collection":[{"href":"https:\/\/www.iessenara.es\/Revista\/index.php?rest_route=\/wp\/v2\/posts"}],"about":[{"href":"https:\/\/www.iessenara.es\/Revista\/index.php?rest_route=\/wp\/v2\/types\/post"}],"author":[{"embeddable":true,"href":"https:\/\/www.iessenara.es\/Revista\/index.php?rest_route=\/wp\/v2\/users\/3"}],"replies":[{"embeddable":true,"href":"https:\/\/www.iessenara.es\/Revista\/index.php?rest_route=%2Fwp%2Fv2%2Fcomments&post=1350"}],"version-history":[{"count":3,"href":"https:\/\/www.iessenara.es\/Revista\/index.php?rest_route=\/wp\/v2\/posts\/1350\/revisions"}],"predecessor-version":[{"id":1527,"href":"https:\/\/www.iessenara.es\/Revista\/index.php?rest_route=\/wp\/v2\/posts\/1350\/revisions\/1527"}],"wp:featuredmedia":[{"embeddable":true,"href":"https:\/\/www.iessenara.es\/Revista\/index.php?rest_route=\/wp\/v2\/media\/1347"}],"wp:attachment":[{"href":"https:\/\/www.iessenara.es\/Revista\/index.php?rest_route=%2Fwp%2Fv2%2Fmedia&parent=1350"}],"wp:term":[{"taxonomy":"category","embeddable":true,"href":"https:\/\/www.iessenara.es\/Revista\/index.php?rest_route=%2Fwp%2Fv2%2Fcategories&post=1350"},{"taxonomy":"post_tag","embeddable":true,"href":"https:\/\/www.iessenara.es\/Revista\/index.php?rest_route=%2Fwp%2Fv2%2Ftags&post=1350"}],"curies":[{"name":"wp","href":"https:\/\/api.w.org\/{rel}","templated":true}]}}