{"id":1369,"date":"2019-03-07T22:43:24","date_gmt":"2019-03-07T22:43:24","guid":{"rendered":"http:\/\/www.iessenara.es\/Revista\/?p=1369"},"modified":"2020-12-13T23:12:43","modified_gmt":"2020-12-13T23:12:43","slug":"ocho-de-marzo-para-que","status":"publish","type":"post","link":"https:\/\/www.iessenara.es\/Revista\/?p=1369","title":{"rendered":"OCHO DE MARZO \u00bfPARA QU\u00c9?"},"content":{"rendered":"\n<h4><\/h4>\n\n\n\n<h4>Roberto Santiago Barrios. 1.\u00b0 Bachillerato HCS<\/h4>\n\n\n\n<p><\/p>\n\n\n\n<div class=\"wp-block-image\"><figure class=\"alignleft\"><img decoding=\"async\" loading=\"lazy\" width=\"300\" height=\"300\" src=\"http:\/\/www.iessenara.es\/Revista\/wp-content\/uploads\/2019\/03\/8m_mujer-300x300.jpg\" alt=\"\" class=\"wp-image-1371\" srcset=\"https:\/\/www.iessenara.es\/Revista\/wp-content\/uploads\/2019\/03\/8m_mujer-300x300.jpg 300w, https:\/\/www.iessenara.es\/Revista\/wp-content\/uploads\/2019\/03\/8m_mujer-150x150.jpg 150w, https:\/\/www.iessenara.es\/Revista\/wp-content\/uploads\/2019\/03\/8m_mujer-768x768.jpg 768w, https:\/\/www.iessenara.es\/Revista\/wp-content\/uploads\/2019\/03\/8m_mujer.jpg 960w\" sizes=\"(max-width: 300px) 100vw, 300px\" \/><\/figure><\/div>\n\n\n\n<p>Desde hace m\u00e1s de 100 a\u00f1os, el 8 de marzo es un d\u00eda en el que\nse celebran los derechos conquistados por las mujeres en todos los \u00e1mbitos y se\nconmemora la larga historia de luchas y sacrificios para conseguirlos. Desde\nesta revista queremos hacer menci\u00f3n y recordar todo ese largo camino que tanto\nha costado recorrer.<\/p>\n\n\n\n<p>Lamentablemente, en pleno siglo XXI y en algunos pa\u00edses, ser\nmujer es sin\u00f3nimo de ser un lastre. En muchos de ellos significa tener que\nestar supeditada al hombre y ni siquiera poder realizar tareas cotidianas, como\ncoger un coche o simplemente salir de casa sin tener que pedir permiso.<\/p>\n\n\n\n<p>Puede que al pensar en ocho de marzo se nos vengan a la\nmente numerosas manifestaciones para reclamar la equiparaci\u00f3n laboral y\nsalarial, as\u00ed como la igualdad de oportunidades para ascender a los mismos\npuestos de trabajo que los hombres. Pero es algo m\u00e1s; significa manifestarse\npor todas aquellas mujeres que no pueden alzar la voz contra la violencia hacia\nellas mismas y, sobre todo, rechazar la politizaci\u00f3n de una manifestaci\u00f3n que\nsignifica tanto y en la que los hombres tambi\u00e9n debemos ser part\u00edcipes.<\/p>\n","protected":false},"excerpt":{"rendered":"<p>Roberto Santiago Barrios. 1.\u00b0 Bachillerato HCS Desde hace m\u00e1s de 100 a\u00f1os, el 8 de marzo es un d\u00eda en el que se celebran los derechos conquistados por las mujeres en todos los \u00e1mbitos&#46;&#46;&#46;<\/p>\n","protected":false},"author":3,"featured_media":1368,"comment_status":"open","ping_status":"open","sticky":false,"template":"","format":"standard","meta":{"jetpack_post_was_ever_published":false,"jetpack_publicize_message":"","jetpack_is_tweetstorm":false,"jetpack_publicize_feature_enabled":true,"jetpack_social_options":[]},"categories":[8],"tags":[103,85,104],"jetpack_publicize_connections":[],"jetpack_featured_media_url":"https:\/\/www.iessenara.es\/Revista\/wp-content\/uploads\/2019\/03\/8m_senara.jpg","jetpack_sharing_enabled":true,"jetpack_shortlink":"https:\/\/wp.me\/p5mbkp-m5","_links":{"self":[{"href":"https:\/\/www.iessenara.es\/Revista\/index.php?rest_route=\/wp\/v2\/posts\/1369"}],"collection":[{"href":"https:\/\/www.iessenara.es\/Revista\/index.php?rest_route=\/wp\/v2\/posts"}],"about":[{"href":"https:\/\/www.iessenara.es\/Revista\/index.php?rest_route=\/wp\/v2\/types\/post"}],"author":[{"embeddable":true,"href":"https:\/\/www.iessenara.es\/Revista\/index.php?rest_route=\/wp\/v2\/users\/3"}],"replies":[{"embeddable":true,"href":"https:\/\/www.iessenara.es\/Revista\/index.php?rest_route=%2Fwp%2Fv2%2Fcomments&post=1369"}],"version-history":[{"count":7,"href":"https:\/\/www.iessenara.es\/Revista\/index.php?rest_route=\/wp\/v2\/posts\/1369\/revisions"}],"predecessor-version":[{"id":2144,"href":"https:\/\/www.iessenara.es\/Revista\/index.php?rest_route=\/wp\/v2\/posts\/1369\/revisions\/2144"}],"wp:featuredmedia":[{"embeddable":true,"href":"https:\/\/www.iessenara.es\/Revista\/index.php?rest_route=\/wp\/v2\/media\/1368"}],"wp:attachment":[{"href":"https:\/\/www.iessenara.es\/Revista\/index.php?rest_route=%2Fwp%2Fv2%2Fmedia&parent=1369"}],"wp:term":[{"taxonomy":"category","embeddable":true,"href":"https:\/\/www.iessenara.es\/Revista\/index.php?rest_route=%2Fwp%2Fv2%2Fcategories&post=1369"},{"taxonomy":"post_tag","embeddable":true,"href":"https:\/\/www.iessenara.es\/Revista\/index.php?rest_route=%2Fwp%2Fv2%2Ftags&post=1369"}],"curies":[{"name":"wp","href":"https:\/\/api.w.org\/{rel}","templated":true}]}}