{"id":1377,"date":"2019-03-16T10:52:26","date_gmt":"2019-03-16T10:52:26","guid":{"rendered":"http:\/\/www.iessenara.es\/Revista\/?p=1377"},"modified":"2019-03-16T20:05:57","modified_gmt":"2019-03-16T20:05:57","slug":"el-legado-romano","status":"publish","type":"post","link":"https:\/\/www.iessenara.es\/Revista\/?p=1377","title":{"rendered":"El Legado Romano"},"content":{"rendered":"\n<h2>Construcciones e infraestructuras<\/h2>\n\n\n\n<p>JOS\u00c9 FERNANDO PABLOS NAVAZO<\/p>\n\n\n\n<figure class=\"wp-block-image\"><img decoding=\"async\" loading=\"lazy\" width=\"1024\" height=\"435\" src=\"http:\/\/www.iessenara.es\/Revista\/wp-content\/uploads\/2019\/03\/legado-romano-00-1024x435.jpg\" alt=\"\" class=\"wp-image-1379\" srcset=\"https:\/\/www.iessenara.es\/Revista\/wp-content\/uploads\/2019\/03\/legado-romano-00-1024x435.jpg 1024w, https:\/\/www.iessenara.es\/Revista\/wp-content\/uploads\/2019\/03\/legado-romano-00-300x127.jpg 300w, https:\/\/www.iessenara.es\/Revista\/wp-content\/uploads\/2019\/03\/legado-romano-00-768x326.jpg 768w\" sizes=\"(max-width: 1024px) 100vw, 1024px\" \/><\/figure>\n\n\n\n<p>Entre la fecha m\u00edtica de la fundaci\u00f3n de Roma (hacia el 753\na.C.) y la de su ca\u00edda (476 d.C.), se desarrolla una de las civilizaciones m\u00e1s\nuniversales que han existido. Roma, en principio solo una ciudad, se convirti\u00f3\nen la capital de un inmenso imperio, en el cual la fidelidad de los habitantes\ndepend\u00eda de la aceptaci\u00f3n de una forma de vida, la del ciudadano romanizado,\nque se consideraba la \u00fanica deseable. <\/p>\n\n\n\n<div class=\"wp-block-image\"><figure class=\"alignleft is-resized\"><img decoding=\"async\" loading=\"lazy\" src=\"http:\/\/www.iessenara.es\/Revista\/wp-content\/uploads\/2019\/03\/legado-romano-02-1-1024x576.jpg\" alt=\"\" class=\"wp-image-1381\" width=\"410\" height=\"230\" srcset=\"https:\/\/www.iessenara.es\/Revista\/wp-content\/uploads\/2019\/03\/legado-romano-02-1-1024x576.jpg 1024w, https:\/\/www.iessenara.es\/Revista\/wp-content\/uploads\/2019\/03\/legado-romano-02-1-300x169.jpg 300w, https:\/\/www.iessenara.es\/Revista\/wp-content\/uploads\/2019\/03\/legado-romano-02-1-768x432.jpg 768w\" sizes=\"(max-width: 410px) 100vw, 410px\" \/><\/figure><\/div>\n\n\n\n<p>La exposici\u00f3n \u201cEl Legado Romano: construcciones e infraestructuras\u201d se abre con la explicaci\u00f3n de los campamentos o castra. La ciudad romana, ya desde los or\u00edgenes legendarios de R\u00f3mulo y Remo, se estructur\u00f3 en torno a dos calles que se cruzaban en \u00e1ngulo recto, el cardo (Norte-Sur) y el decumanus (Este-Oeste), en cuyo cruce, el forum, se edificaron los templos y se hicieron los sacrificios fundacionales. Los campamentos romanos imitaban a escala reducida el modelo de ciudad. Gracias a que algunos de estos campamentos acabaron por hacerse permanentes (como Timgad, en Argelia, o Le\u00f3n, en Espa\u00f1a), podemos adivinar en su trazado un esquema que en muchas ciudades no se ve tan claramente.<\/p>\n\n\n\n<div class=\"wp-block-image\"><figure class=\"alignright is-resized\"><img decoding=\"async\" loading=\"lazy\" src=\"http:\/\/www.iessenara.es\/Revista\/wp-content\/uploads\/2019\/03\/acueducto-989x1024.jpg\" alt=\"\" class=\"wp-image-1382\" width=\"364\" height=\"376\" srcset=\"https:\/\/www.iessenara.es\/Revista\/wp-content\/uploads\/2019\/03\/acueducto-989x1024.jpg 989w, https:\/\/www.iessenara.es\/Revista\/wp-content\/uploads\/2019\/03\/acueducto-290x300.jpg 290w, https:\/\/www.iessenara.es\/Revista\/wp-content\/uploads\/2019\/03\/acueducto-768x795.jpg 768w, https:\/\/www.iessenara.es\/Revista\/wp-content\/uploads\/2019\/03\/acueducto.jpg 1837w\" sizes=\"(max-width: 364px) 100vw, 364px\" \/><\/figure><\/div>\n\n\n\n<p>La ciudad romana exig\u00eda importantes obras de ingenier\u00eda que\nla mantuvieran comunicada, limpia y abastecida. Los romanos, herederos de los\netruscos en este campo, construyeron puentes y acueductos, como el Puente de\nAlc\u00e1ntara y el Acueducto de Segovia, que se muestran a continuaci\u00f3n.<\/p>\n\n\n\n<p>Mientras que las calzadas y puentes aseguraban la comunicaci\u00f3n entre ciudades, el resto de los edificios de ingenier\u00eda (acueductos, cloacas, termas y cisternas) est\u00e1n en funci\u00f3n del abastecimiento y evacuaci\u00f3n del agua, sin la que un romano no entiende la vida. <\/p>\n\n\n\n<div class=\"wp-block-image\"><figure class=\"alignleft is-resized\"><img decoding=\"async\" loading=\"lazy\" src=\"http:\/\/www.iessenara.es\/Revista\/wp-content\/uploads\/2019\/03\/legado-romano-04-1024x842.jpg\" alt=\"\" class=\"wp-image-1384\" width=\"322\" height=\"264\" srcset=\"https:\/\/www.iessenara.es\/Revista\/wp-content\/uploads\/2019\/03\/legado-romano-04-1024x842.jpg 1024w, https:\/\/www.iessenara.es\/Revista\/wp-content\/uploads\/2019\/03\/legado-romano-04-300x247.jpg 300w, https:\/\/www.iessenara.es\/Revista\/wp-content\/uploads\/2019\/03\/legado-romano-04-768x632.jpg 768w\" sizes=\"(max-width: 322px) 100vw, 322px\" \/><\/figure><\/div>\n\n\n\n<p>En Roma no se entend\u00eda la arquitectura sin conocimientos\npr\u00e1cticos, es decir, de los materiales, de su peso y resistencia y de las\ndistintas t\u00e9cnicas de edificaci\u00f3n, lo que hoy considerar\u00edamos parte de la\ningenier\u00eda. Para el arquitecto romano su oficio consist\u00eda en levantar edificios\n\u00fatiles y bellos y para ello hac\u00edan falta materiales resistentes y ligeros como\nel hormig\u00f3n, que permitieran elevar grandes alturas y abrir amplios espacios, y\nque adoptaran formas curvas. Para ello utilizaron el arco de medio punto y la\nb\u00f3veda de ca\u00f1\u00f3n, que hacen posible que un muro se eleve varios pisos y cubra\ngrandes espacios rectangulares. Podemos comprobarlo a trav\u00e9s de la\nreconstrucci\u00f3n del Anfiteatro Flavio o Coliseo y del Teatro de M\u00e9rida, que se exponen\na continuaci\u00f3n.<\/p>\n\n\n\n<p>La exposici\u00f3n contin\u00faa con el Pante\u00f3n de Roma. La c\u00fapula fue especialmente desarrollada por los romanos para cubrir espacios cuadrados o circulares. La enorme c\u00fapula que cubre el Pante\u00f3n, del a\u00f1o 118 d.C., es la m\u00e1s grande construida jam\u00e1s por el hombre usando mamposter\u00eda y es el edificio mejor conservado de la antigua Roma: <em>Ars longa, vita brevis<\/em>.<\/p>\n\n\n\n<figure class=\"wp-block-image\"><img decoding=\"async\" loading=\"lazy\" width=\"1024\" height=\"579\" src=\"http:\/\/www.iessenara.es\/Revista\/wp-content\/uploads\/2019\/03\/domus-villa-1024x579.jpg\" alt=\"\" class=\"wp-image-1387\" srcset=\"https:\/\/www.iessenara.es\/Revista\/wp-content\/uploads\/2019\/03\/domus-villa-1024x579.jpg 1024w, https:\/\/www.iessenara.es\/Revista\/wp-content\/uploads\/2019\/03\/domus-villa-300x170.jpg 300w, https:\/\/www.iessenara.es\/Revista\/wp-content\/uploads\/2019\/03\/domus-villa-768x434.jpg 768w\" sizes=\"(max-width: 1024px) 100vw, 1024px\" \/><\/figure>\n\n\n\n<p>Para que fuesen bellos, los edificios ocultaban los materiales baratos y ligeros de que estaban hechos -cemento, ladrillo, mampuesto- con placas de m\u00e1rmol o con pintura, y decoraban las fachadas utilizando elementos arquitect\u00f3nicos: columnas, arquitrabes, arcos, etc. De los tres tipos de vivienda romana, <em>insula<\/em> o bloque de viviendas de varias plantas, <em>domus<\/em> o vivienda unifamiliar y <em>villa<\/em> o propiedad agr\u00edcola de las familias m\u00e1s poderosas, presentamos la reconstrucci\u00f3n de estas dos \u00faltimas, con todos sus elementos decorativos.<\/p>\n\n\n\n<figure class=\"wp-block-image\"><img decoding=\"async\" loading=\"lazy\" width=\"972\" height=\"650\" src=\"http:\/\/www.iessenara.es\/Revista\/wp-content\/uploads\/2019\/03\/luis.grupo2_.jpeg\" alt=\"\" class=\"wp-image-1386\" srcset=\"https:\/\/www.iessenara.es\/Revista\/wp-content\/uploads\/2019\/03\/luis.grupo2_.jpeg 972w, https:\/\/www.iessenara.es\/Revista\/wp-content\/uploads\/2019\/03\/luis.grupo2_-300x201.jpeg 300w, https:\/\/www.iessenara.es\/Revista\/wp-content\/uploads\/2019\/03\/luis.grupo2_-768x514.jpeg 768w\" sizes=\"(max-width: 972px) 100vw, 972px\" \/><\/figure>\n\n\n\n<p>La exposici\u00f3n \u201cEl Legado Romano: construcciones e infraestructuras\u201d ha sido realizada por los alumnos de 2\u00ba de ESO de Cultura Cl\u00e1sica para mostrar una parte important\u00edsima del legado romano. Pero a los romanos les debemos tambi\u00e9n las lenguas romances derivadas del lat\u00edn, los g\u00e9neros literarios, el derecho, las instituciones pol\u00edticas, las formas de ocio, etc. CONTINUAR\u00c1&#8230;<\/p>\n\n\n\n<figure class=\"wp-block-embed-youtube wp-block-embed is-type-video is-provider-youtube wp-embed-aspect-16-9 wp-has-aspect-ratio\"><div class=\"wp-block-embed__wrapper\">\n<div class=\"video-container\"><span class=\"embed-youtube\" style=\"text-align:center; display: block;\"><iframe loading=\"lazy\" class=\"youtube-player\" width=\"640\" height=\"360\" src=\"https:\/\/www.youtube.com\/embed\/mUBjZEz1tCk?version=3&#038;rel=1&#038;showsearch=0&#038;showinfo=1&#038;iv_load_policy=1&#038;fs=1&#038;hl=es-ES&#038;autohide=2&#038;wmode=transparent\" allowfullscreen=\"true\" style=\"border:0;\" sandbox=\"allow-scripts allow-same-origin allow-popups allow-presentation\"><\/iframe><\/span><\/div>\n<\/div><\/figure>\n","protected":false},"excerpt":{"rendered":"<p>Construcciones e infraestructuras JOS\u00c9 FERNANDO PABLOS NAVAZO Entre la fecha m\u00edtica de la fundaci\u00f3n de Roma (hacia el 753 a.C.) y la de su ca\u00edda (476 d.C.), se desarrolla una de las civilizaciones m\u00e1s&#46;&#46;&#46;<\/p>\n","protected":false},"author":3,"featured_media":1379,"comment_status":"open","ping_status":"open","sticky":false,"template":"","format":"standard","meta":{"jetpack_post_was_ever_published":false,"jetpack_publicize_message":"","jetpack_is_tweetstorm":false,"jetpack_publicize_feature_enabled":true,"jetpack_social_options":[]},"categories":[7,1,8],"tags":[106,109,107,60,105,108,35,36],"jetpack_publicize_connections":[],"jetpack_featured_media_url":"https:\/\/www.iessenara.es\/Revista\/wp-content\/uploads\/2019\/03\/legado-romano-00.jpg","jetpack_sharing_enabled":true,"jetpack_shortlink":"https:\/\/wp.me\/p5mbkp-md","_links":{"self":[{"href":"https:\/\/www.iessenara.es\/Revista\/index.php?rest_route=\/wp\/v2\/posts\/1377"}],"collection":[{"href":"https:\/\/www.iessenara.es\/Revista\/index.php?rest_route=\/wp\/v2\/posts"}],"about":[{"href":"https:\/\/www.iessenara.es\/Revista\/index.php?rest_route=\/wp\/v2\/types\/post"}],"author":[{"embeddable":true,"href":"https:\/\/www.iessenara.es\/Revista\/index.php?rest_route=\/wp\/v2\/users\/3"}],"replies":[{"embeddable":true,"href":"https:\/\/www.iessenara.es\/Revista\/index.php?rest_route=%2Fwp%2Fv2%2Fcomments&post=1377"}],"version-history":[{"count":4,"href":"https:\/\/www.iessenara.es\/Revista\/index.php?rest_route=\/wp\/v2\/posts\/1377\/revisions"}],"predecessor-version":[{"id":1393,"href":"https:\/\/www.iessenara.es\/Revista\/index.php?rest_route=\/wp\/v2\/posts\/1377\/revisions\/1393"}],"wp:featuredmedia":[{"embeddable":true,"href":"https:\/\/www.iessenara.es\/Revista\/index.php?rest_route=\/wp\/v2\/media\/1379"}],"wp:attachment":[{"href":"https:\/\/www.iessenara.es\/Revista\/index.php?rest_route=%2Fwp%2Fv2%2Fmedia&parent=1377"}],"wp:term":[{"taxonomy":"category","embeddable":true,"href":"https:\/\/www.iessenara.es\/Revista\/index.php?rest_route=%2Fwp%2Fv2%2Fcategories&post=1377"},{"taxonomy":"post_tag","embeddable":true,"href":"https:\/\/www.iessenara.es\/Revista\/index.php?rest_route=%2Fwp%2Fv2%2Ftags&post=1377"}],"curies":[{"name":"wp","href":"https:\/\/api.w.org\/{rel}","templated":true}]}}