{"id":1396,"date":"2019-03-21T23:01:14","date_gmt":"2019-03-21T23:01:14","guid":{"rendered":"http:\/\/www.iessenara.es\/Revista\/?p=1396"},"modified":"2020-12-13T23:12:27","modified_gmt":"2020-12-13T23:12:27","slug":"agua-el-nuevo-oro-liquido","status":"publish","type":"post","link":"https:\/\/www.iessenara.es\/Revista\/?p=1396","title":{"rendered":"Agua, el nuevo oro l\u00edquido"},"content":{"rendered":"\n<h3>22 de marzo: D\u00eda Mundial del Agua<\/h3>\n\n\n\n<p> ROBERTO SANTIAGO BARRIOS. 1.\u00ba Bachillerato HCS <\/p>\n\n\n\n<div class=\"wp-block-image\"><figure class=\"alignleft is-resized\"><img decoding=\"async\" loading=\"lazy\" src=\"http:\/\/www.iessenara.es\/Revista\/wp-content\/uploads\/2019\/03\/agua.gif\" alt=\"\" class=\"wp-image-1394\" width=\"216\" height=\"216\" \/><\/figure><\/div>\n\n\n\n<p>Desde 1993, se celebra anualmente el D\u00eda Mundial del Agua el 22 de marzo como un medio de llamar la atenci\u00f3n sobre la importancia del agua dulce y la defensa de la gesti\u00f3n sostenible de los recursos de agua dulce.<\/p>\n\n\n\n<p>Con unas\ncifras que llaman notablemente la atenci\u00f3n, seg\u00fan Naciones Unidas,\naproximadamente 2.100 millones de personas carecen de acceso al agua potable. Tambi\u00e9n\nse se\u00f1ala que para el a\u00f1o 2050 la situaci\u00f3n ser\u00e1 mucho m\u00e1s dram\u00e1tica, con un\n30% de la poblaci\u00f3n mundial sin posibilidad de acceder a agua potable y de\ncalidad y, debido al cambio clim\u00e1tico, esta situaci\u00f3n no har\u00e1 m\u00e1s que\nacrecentarse.<\/p>\n\n\n\n<p>El agua es totalmente necesaria para nuestra vida cotidiana. Si no tomamos medidas pronto para evitar el despilfarro de agua y encauzar el cambio clim\u00e1tico, nos arrepentiremos de haber despilfarrado este oro l\u00edquido.<\/p>\n\n\n\n<figure class=\"wp-block-image\"><img decoding=\"async\" loading=\"lazy\" width=\"1024\" height=\"427\" src=\"http:\/\/www.iessenara.es\/Revista\/wp-content\/uploads\/2019\/03\/agua-etiopia-1024x427.jpg\" alt=\"\" class=\"wp-image-1395\" srcset=\"https:\/\/www.iessenara.es\/Revista\/wp-content\/uploads\/2019\/03\/agua-etiopia-1024x427.jpg 1024w, https:\/\/www.iessenara.es\/Revista\/wp-content\/uploads\/2019\/03\/agua-etiopia-300x125.jpg 300w, https:\/\/www.iessenara.es\/Revista\/wp-content\/uploads\/2019\/03\/agua-etiopia-768x320.jpg 768w, https:\/\/www.iessenara.es\/Revista\/wp-content\/uploads\/2019\/03\/agua-etiopia.jpg 1200w\" sizes=\"(max-width: 1024px) 100vw, 1024px\" \/><\/figure>\n","protected":false},"excerpt":{"rendered":"<p>22 de marzo: D\u00eda Mundial del Agua ROBERTO SANTIAGO BARRIOS. 1.\u00ba Bachillerato HCS Desde 1993, se celebra anualmente el D\u00eda Mundial del Agua el 22 de marzo como un medio de llamar la atenci\u00f3n&#46;&#46;&#46;<\/p>\n","protected":false},"author":3,"featured_media":1395,"comment_status":"open","ping_status":"open","sticky":false,"template":"","format":"standard","meta":{"jetpack_post_was_ever_published":false,"jetpack_publicize_message":"","jetpack_is_tweetstorm":false,"jetpack_publicize_feature_enabled":true,"jetpack_social_options":[]},"categories":[7,8],"tags":[110,111,112],"jetpack_publicize_connections":[],"jetpack_featured_media_url":"https:\/\/www.iessenara.es\/Revista\/wp-content\/uploads\/2019\/03\/agua-etiopia.jpg","jetpack_sharing_enabled":true,"jetpack_shortlink":"https:\/\/wp.me\/p5mbkp-mw","_links":{"self":[{"href":"https:\/\/www.iessenara.es\/Revista\/index.php?rest_route=\/wp\/v2\/posts\/1396"}],"collection":[{"href":"https:\/\/www.iessenara.es\/Revista\/index.php?rest_route=\/wp\/v2\/posts"}],"about":[{"href":"https:\/\/www.iessenara.es\/Revista\/index.php?rest_route=\/wp\/v2\/types\/post"}],"author":[{"embeddable":true,"href":"https:\/\/www.iessenara.es\/Revista\/index.php?rest_route=\/wp\/v2\/users\/3"}],"replies":[{"embeddable":true,"href":"https:\/\/www.iessenara.es\/Revista\/index.php?rest_route=%2Fwp%2Fv2%2Fcomments&post=1396"}],"version-history":[{"count":4,"href":"https:\/\/www.iessenara.es\/Revista\/index.php?rest_route=\/wp\/v2\/posts\/1396\/revisions"}],"predecessor-version":[{"id":2143,"href":"https:\/\/www.iessenara.es\/Revista\/index.php?rest_route=\/wp\/v2\/posts\/1396\/revisions\/2143"}],"wp:featuredmedia":[{"embeddable":true,"href":"https:\/\/www.iessenara.es\/Revista\/index.php?rest_route=\/wp\/v2\/media\/1395"}],"wp:attachment":[{"href":"https:\/\/www.iessenara.es\/Revista\/index.php?rest_route=%2Fwp%2Fv2%2Fmedia&parent=1396"}],"wp:term":[{"taxonomy":"category","embeddable":true,"href":"https:\/\/www.iessenara.es\/Revista\/index.php?rest_route=%2Fwp%2Fv2%2Fcategories&post=1396"},{"taxonomy":"post_tag","embeddable":true,"href":"https:\/\/www.iessenara.es\/Revista\/index.php?rest_route=%2Fwp%2Fv2%2Ftags&post=1396"}],"curies":[{"name":"wp","href":"https:\/\/api.w.org\/{rel}","templated":true}]}}