{"id":1438,"date":"2019-04-16T18:46:12","date_gmt":"2019-04-16T18:46:12","guid":{"rendered":"http:\/\/www.iessenara.es\/Revista\/?p=1438"},"modified":"2020-12-13T23:11:26","modified_gmt":"2020-12-13T23:11:26","slug":"notre-drame","status":"publish","type":"post","link":"https:\/\/www.iessenara.es\/Revista\/?p=1438","title":{"rendered":"Notre-Drame"},"content":{"rendered":"\n<h3>Arde Notre-Dame, historia de Europa y de la humanidad<\/h3>\n\n\n\n<p>ROBERTO SANTIAGO BARRIOS. 1.\u00b0 Bachillerato HCS<\/p>\n\n\n\n<figure class=\"wp-block-image\"><img decoding=\"async\" loading=\"lazy\" width=\"1024\" height=\"575\" src=\"http:\/\/www.iessenara.es\/Revista\/wp-content\/uploads\/2019\/04\/notre-dame-1024x575.jpg\" alt=\"\" class=\"wp-image-1434\" srcset=\"https:\/\/www.iessenara.es\/Revista\/wp-content\/uploads\/2019\/04\/notre-dame-1024x575.jpg 1024w, https:\/\/www.iessenara.es\/Revista\/wp-content\/uploads\/2019\/04\/notre-dame-300x168.jpg 300w, https:\/\/www.iessenara.es\/Revista\/wp-content\/uploads\/2019\/04\/notre-dame-768x431.jpg 768w, https:\/\/www.iessenara.es\/Revista\/wp-content\/uploads\/2019\/04\/notre-dame.jpg 1140w\" sizes=\"(max-width: 1024px) 100vw, 1024px\" \/><\/figure>\n\n\n\n<p>Ayer, al filo de las siete menos diez de la tarde, se desataba un horrible incendio en la catedral parisina de Notre-Dame, el monumento m\u00e1s visitado de Europa y uno de los m\u00e1s visitados del mundo. Las llamas devoraban una de las catedrales g\u00f3ticas m\u00e1s importantes del mundo, s\u00edmbolo de la cristiandad europea, pero sobre todo parte de la historia de esta. <\/p>\n\n\n\n<div class=\"wp-block-image\"><figure class=\"alignleft is-resized\"><img decoding=\"async\" loading=\"lazy\" src=\"http:\/\/www.iessenara.es\/Revista\/wp-content\/uploads\/2019\/04\/organo.jpg\" alt=\"\" class=\"wp-image-1436\" width=\"328\" height=\"202\" srcset=\"https:\/\/www.iessenara.es\/Revista\/wp-content\/uploads\/2019\/04\/organo.jpg 610w, https:\/\/www.iessenara.es\/Revista\/wp-content\/uploads\/2019\/04\/organo-300x185.jpg 300w\" sizes=\"(max-width: 328px) 100vw, 328px\" \/><\/figure><\/div>\n\n\n\n<p>La construcci\u00f3n de esta catedral se prolong\u00f3 durante 180 a\u00f1os y el Papa Alejandro III visit\u00f3 las obras en persona. En su interior, testigo de excepci\u00f3n de hechos tan importantes como la autocoronaci\u00f3n de Napole\u00f3n ante el Papa P\u00edo VII o la beatificaci\u00f3n de Juana de Arco, se encuentra la corona de espinas que habr\u00eda usado Jes\u00fas, adem\u00e1s de contar con uno de los \u00f3rganos m\u00e1s prestigiosos del mundo. El instrumento, obra de Aristide Cavaill\u00e9-Coll, tiene cinco teclados de 56 notas, un pedal de 32 notas, 109 juegos, 111 registros y 7.374 tubos.<\/p>\n\n\n\n<div class=\"wp-block-image\"><figure class=\"alignright is-resized\"><img decoding=\"async\" loading=\"lazy\" src=\"http:\/\/www.iessenara.es\/Revista\/wp-content\/uploads\/2019\/04\/Notre_Dame_de_Paris.jpg\" alt=\"\" class=\"wp-image-1437\" width=\"263\" height=\"355\" srcset=\"https:\/\/www.iessenara.es\/Revista\/wp-content\/uploads\/2019\/04\/Notre_Dame_de_Paris.jpg 405w, https:\/\/www.iessenara.es\/Revista\/wp-content\/uploads\/2019\/04\/Notre_Dame_de_Paris-222x300.jpg 222w\" sizes=\"(max-width: 263px) 100vw, 263px\" \/><\/figure><\/div>\n\n\n\n<p>La bas\u00edlica es adem\u00e1s un templo de enormes dimensiones. Su parte m\u00e1s elevada la ocupaba hasta ayer la aguja central de 96 m de altura. Las dos torres laterales miden 69 m, mientras que el techo tiene una altura de 43 m.<\/p>\n\n\n\n<p>Este templo es adem\u00e1s protagonista de una de las m\u00e1s c\u00e9lebres novelas de V\u00edctor Hugo, <em>Notre-Dame de Par\u00eds,<\/em> conocida tambi\u00e9n como <em>El Jorobado de Notre-Dame<\/em>, un jorobado que ayer, como todos nosotros, vio arder una parte de su historia, de Francia y de toda la humanidad.<\/p>\n\n\n\n<div class=\"wp-block-image\"><figure class=\"alignleft is-resized\"><img decoding=\"async\" loading=\"lazy\" src=\"http:\/\/www.iessenara.es\/Revista\/wp-content\/uploads\/2019\/04\/hugo-677x1024.jpg\" alt=\"\" class=\"wp-image-1443\" width=\"193\" height=\"292\" srcset=\"https:\/\/www.iessenara.es\/Revista\/wp-content\/uploads\/2019\/04\/hugo-677x1024.jpg 677w, https:\/\/www.iessenara.es\/Revista\/wp-content\/uploads\/2019\/04\/hugo-198x300.jpg 198w, https:\/\/www.iessenara.es\/Revista\/wp-content\/uploads\/2019\/04\/hugo-768x1161.jpg 768w, https:\/\/www.iessenara.es\/Revista\/wp-content\/uploads\/2019\/04\/hugo.jpg 2000w\" sizes=\"(max-width: 193px) 100vw, 193px\" \/><\/figure><\/div>\n\n\n\n<p>Nuestros sentimientos est\u00e1n con todos los franceses y sin duda con la ciudad de Par\u00eds, una ciudad que la reconstruir\u00e1, la levantar\u00e1 de nuevo y volveremos a visitarla, cuando, como el Ave F\u00e9nix, resurja de sus cenizas.<\/p>\n","protected":false},"excerpt":{"rendered":"<p>Arde Notre-Dame, historia de Europa y de la humanidad ROBERTO SANTIAGO BARRIOS. 1.\u00b0 Bachillerato HCS Ayer, al filo de las siete menos diez de la tarde, se desataba un horrible incendio en la catedral&#46;&#46;&#46;<\/p>\n","protected":false},"author":3,"featured_media":1435,"comment_status":"open","ping_status":"open","sticky":false,"template":"","format":"standard","meta":{"jetpack_post_was_ever_published":false,"jetpack_publicize_message":"","jetpack_is_tweetstorm":false,"jetpack_publicize_feature_enabled":true,"jetpack_social_options":[]},"categories":[1,8],"tags":[73,122,121,72],"jetpack_publicize_connections":[],"jetpack_featured_media_url":"https:\/\/www.iessenara.es\/Revista\/wp-content\/uploads\/2019\/04\/notre-dame-fire.jpg","jetpack_sharing_enabled":true,"jetpack_shortlink":"https:\/\/wp.me\/p5mbkp-nc","_links":{"self":[{"href":"https:\/\/www.iessenara.es\/Revista\/index.php?rest_route=\/wp\/v2\/posts\/1438"}],"collection":[{"href":"https:\/\/www.iessenara.es\/Revista\/index.php?rest_route=\/wp\/v2\/posts"}],"about":[{"href":"https:\/\/www.iessenara.es\/Revista\/index.php?rest_route=\/wp\/v2\/types\/post"}],"author":[{"embeddable":true,"href":"https:\/\/www.iessenara.es\/Revista\/index.php?rest_route=\/wp\/v2\/users\/3"}],"replies":[{"embeddable":true,"href":"https:\/\/www.iessenara.es\/Revista\/index.php?rest_route=%2Fwp%2Fv2%2Fcomments&post=1438"}],"version-history":[{"count":5,"href":"https:\/\/www.iessenara.es\/Revista\/index.php?rest_route=\/wp\/v2\/posts\/1438\/revisions"}],"predecessor-version":[{"id":2140,"href":"https:\/\/www.iessenara.es\/Revista\/index.php?rest_route=\/wp\/v2\/posts\/1438\/revisions\/2140"}],"wp:featuredmedia":[{"embeddable":true,"href":"https:\/\/www.iessenara.es\/Revista\/index.php?rest_route=\/wp\/v2\/media\/1435"}],"wp:attachment":[{"href":"https:\/\/www.iessenara.es\/Revista\/index.php?rest_route=%2Fwp%2Fv2%2Fmedia&parent=1438"}],"wp:term":[{"taxonomy":"category","embeddable":true,"href":"https:\/\/www.iessenara.es\/Revista\/index.php?rest_route=%2Fwp%2Fv2%2Fcategories&post=1438"},{"taxonomy":"post_tag","embeddable":true,"href":"https:\/\/www.iessenara.es\/Revista\/index.php?rest_route=%2Fwp%2Fv2%2Ftags&post=1438"}],"curies":[{"name":"wp","href":"https:\/\/api.w.org\/{rel}","templated":true}]}}