{"id":1540,"date":"2019-05-21T19:16:00","date_gmt":"2019-05-21T19:16:00","guid":{"rendered":"http:\/\/www.iessenara.es\/Revista\/?p=1540"},"modified":"2019-05-21T19:16:55","modified_gmt":"2019-05-21T19:16:55","slug":"charlie-hebdo","status":"publish","type":"post","link":"https:\/\/www.iessenara.es\/Revista\/?p=1540","title":{"rendered":"CHARLIE HEBDO"},"content":{"rendered":"\n<p>ALICIA MART\u00cdN PAV\u00d3N (1.\u00ba Bachillerato Ciencias) y SELENA GONZ\u00c1LEZ ROMERO (1.\u00ba Bachillerato Humanidades)<\/p>\n\n\n\n<div class=\"wp-block-image\"><figure class=\"alignleft is-resized\"><img decoding=\"async\" loading=\"lazy\" src=\"http:\/\/www.iessenara.es\/Revista\/wp-content\/uploads\/2019\/05\/charlie.heb2_-850x1024.jpg\" alt=\"\" class=\"wp-image-1543\" width=\"290\" height=\"349\" srcset=\"https:\/\/www.iessenara.es\/Revista\/wp-content\/uploads\/2019\/05\/charlie.heb2_-850x1024.jpg 850w, https:\/\/www.iessenara.es\/Revista\/wp-content\/uploads\/2019\/05\/charlie.heb2_-249x300.jpg 249w, https:\/\/www.iessenara.es\/Revista\/wp-content\/uploads\/2019\/05\/charlie.heb2_-768x925.jpg 768w, https:\/\/www.iessenara.es\/Revista\/wp-content\/uploads\/2019\/05\/charlie.heb2_.jpg 1162w\" sizes=\"(max-width: 290px) 100vw, 290px\" \/><\/figure><\/div>\n\n\n\n<p>Charlie Hebdo est un magazine hebdomadaire satirique de gauche cr\u00e9\u00e9 en 1992. Son objectif est, selon son directeur, de pr\u00e9senter toutes les composantes de la gauche. Avec ses publications il a provoqu\u00e9 l\u2019indignation des juifs, des musulmans et m\u00eame des chr\u00e9tiens.<\/p>\n\n\n\n<p>Philippe Val, directeur du magazine en 2006, a d\u00fb subir un proc\u00e8s \u00e0 cause\nde la publication des caricatures de Mahomet, surtout pour celle qui pr\u00e9sentait\n\u00e0 Mahomet en disant: \u201cC\u2019est dur d\u2019\u00eatre aim\u00e9 par des cons\u201d. Cela a provoqu\u00e9 une\ntr\u00e8s forte agitation puisque selon la religion islamique, le proph\u00e8te Mahomet\nne peut jamais \u00eatre repr\u00e9sent\u00e9. Val a \u00e9t\u00e9 accus\u00e9 par les groupes islamistes\nfran\u00e7ais d\u2019injurier le proph\u00e8te publiquement, mais finalement il a \u00e9t\u00e9 d\u00e9clar\u00e9\nnon coupable.<\/p>\n\n\n\n<p>Ces caricatures ont \u00e9t\u00e9 l\u2019origine du proc\u00e8s qui a provoqu\u00e9 le d\u00e9bat \u00e0\npropos de la libert\u00e9 d\u2019expression, des accusations de provocations aux\ndiff\u00e9rentes religions et malheureusement des attentats.<\/p>\n\n\n\n<p>Le plus grave s\u2019est produit au si\u00e8ge parisien de Charlie Hebdo, le matin du\n7 janvier 2015. Deux hommes masqu\u00e9s avec des fusils sont entr\u00e9s dans le\nmagazine en criant: \u201cAl-lahu-\u00e0kbar\u201d (\u201cAl\u00e1 est le plus grand\u201d) et ils commenc\u00e8rent\n\u00e0 tirer, tuant 12 personnes et blessant gravement encore quatre. Il s\u2019agissait\nd\u2019une vengeance de l\u2019honneur de Mahomet.<\/p>\n\n\n\n<p>Avant cet attentat, Charlie Hebdo avait eu des difficult\u00e9s financi\u00e8res avec\nune \u00e9mission de seulement 60.000 exemplaires par semaine. Le premier num\u00e9ro du\nmagazine apr\u00e8s le terrible attentat a connu 7.000.000 copies et a \u00e9t\u00e9 traduit\nen 6 langues. Dans ce num\u00e9ro une caricature de Mahomet apparaissait avec une\nlarme et cette phrase: \u201cTout est pardonn\u00e9\u201d.<\/p>\n\n\n\n<p>Le 11 Janvier, 3.700.000 personnes ont particip\u00e9 dans des manifestations par toute la France. La phrase \u201cJe suis Charlie\u201d \u00e9tait une devise de soutien qui \u00e9tait pr\u00e9sente dans ces manifestations et dans les m\u00e9dias sociaux.<\/p>\n\n\n\n<div class=\"wp-block-image\"><figure class=\"aligncenter is-resized\"><img decoding=\"async\" loading=\"lazy\" src=\"http:\/\/www.iessenara.es\/Revista\/wp-content\/uploads\/2019\/05\/je-suis-charlie-1024x512.jpg\" alt=\"\" class=\"wp-image-1541\" width=\"475\" height=\"237\" srcset=\"https:\/\/www.iessenara.es\/Revista\/wp-content\/uploads\/2019\/05\/je-suis-charlie-1024x512.jpg 1024w, https:\/\/www.iessenara.es\/Revista\/wp-content\/uploads\/2019\/05\/je-suis-charlie-300x150.jpg 300w, https:\/\/www.iessenara.es\/Revista\/wp-content\/uploads\/2019\/05\/je-suis-charlie-768x384.jpg 768w, https:\/\/www.iessenara.es\/Revista\/wp-content\/uploads\/2019\/05\/je-suis-charlie.jpg 1280w\" sizes=\"(max-width: 475px) 100vw, 475px\" \/><\/figure><\/div>\n","protected":false},"excerpt":{"rendered":"<p>ALICIA MART\u00cdN PAV\u00d3N (1.\u00ba Bachillerato Ciencias) y SELENA GONZ\u00c1LEZ ROMERO (1.\u00ba Bachillerato Humanidades) Charlie Hebdo est un magazine hebdomadaire satirique de gauche cr\u00e9\u00e9 en 1992. Son objectif est, selon son directeur, de pr\u00e9senter toutes&#46;&#46;&#46;<\/p>\n","protected":false},"author":3,"featured_media":1541,"comment_status":"open","ping_status":"open","sticky":false,"template":"","format":"standard","meta":{"jetpack_post_was_ever_published":false,"jetpack_publicize_message":"","jetpack_is_tweetstorm":false,"jetpack_publicize_feature_enabled":true,"jetpack_social_options":[]},"categories":[8],"tags":[71,75,55,73,74,65],"jetpack_publicize_connections":[],"jetpack_featured_media_url":"https:\/\/www.iessenara.es\/Revista\/wp-content\/uploads\/2019\/05\/je-suis-charlie.jpg","jetpack_sharing_enabled":true,"jetpack_shortlink":"https:\/\/wp.me\/p5mbkp-oQ","_links":{"self":[{"href":"https:\/\/www.iessenara.es\/Revista\/index.php?rest_route=\/wp\/v2\/posts\/1540"}],"collection":[{"href":"https:\/\/www.iessenara.es\/Revista\/index.php?rest_route=\/wp\/v2\/posts"}],"about":[{"href":"https:\/\/www.iessenara.es\/Revista\/index.php?rest_route=\/wp\/v2\/types\/post"}],"author":[{"embeddable":true,"href":"https:\/\/www.iessenara.es\/Revista\/index.php?rest_route=\/wp\/v2\/users\/3"}],"replies":[{"embeddable":true,"href":"https:\/\/www.iessenara.es\/Revista\/index.php?rest_route=%2Fwp%2Fv2%2Fcomments&post=1540"}],"version-history":[{"count":8,"href":"https:\/\/www.iessenara.es\/Revista\/index.php?rest_route=\/wp\/v2\/posts\/1540\/revisions"}],"predecessor-version":[{"id":1550,"href":"https:\/\/www.iessenara.es\/Revista\/index.php?rest_route=\/wp\/v2\/posts\/1540\/revisions\/1550"}],"wp:featuredmedia":[{"embeddable":true,"href":"https:\/\/www.iessenara.es\/Revista\/index.php?rest_route=\/wp\/v2\/media\/1541"}],"wp:attachment":[{"href":"https:\/\/www.iessenara.es\/Revista\/index.php?rest_route=%2Fwp%2Fv2%2Fmedia&parent=1540"}],"wp:term":[{"taxonomy":"category","embeddable":true,"href":"https:\/\/www.iessenara.es\/Revista\/index.php?rest_route=%2Fwp%2Fv2%2Fcategories&post=1540"},{"taxonomy":"post_tag","embeddable":true,"href":"https:\/\/www.iessenara.es\/Revista\/index.php?rest_route=%2Fwp%2Fv2%2Ftags&post=1540"}],"curies":[{"name":"wp","href":"https:\/\/api.w.org\/{rel}","templated":true}]}}