{"id":1576,"date":"2019-06-07T11:26:09","date_gmt":"2019-06-07T11:26:09","guid":{"rendered":"http:\/\/www.iessenara.es\/Revista\/?p=1576"},"modified":"2019-06-07T11:26:15","modified_gmt":"2019-06-07T11:26:15","slug":"everest-vertedero-de-altura","status":"publish","type":"post","link":"https:\/\/www.iessenara.es\/Revista\/?p=1576","title":{"rendered":"Everest, vertedero de altura"},"content":{"rendered":"\n<h4>Roberto Santiago Barrios. 1.\u00b0 Bachillerato HCS<\/h4>\n\n\n\n<figure class=\"wp-block-image\"><img decoding=\"async\" loading=\"lazy\" width=\"1024\" height=\"557\" src=\"http:\/\/www.iessenara.es\/Revista\/wp-content\/uploads\/2019\/06\/everest_02-1024x557.jpg\" alt=\"\" class=\"wp-image-1579\" srcset=\"https:\/\/www.iessenara.es\/Revista\/wp-content\/uploads\/2019\/06\/everest_02-1024x557.jpg 1024w, https:\/\/www.iessenara.es\/Revista\/wp-content\/uploads\/2019\/06\/everest_02-300x163.jpg 300w, https:\/\/www.iessenara.es\/Revista\/wp-content\/uploads\/2019\/06\/everest_02-768x418.jpg 768w, https:\/\/www.iessenara.es\/Revista\/wp-content\/uploads\/2019\/06\/everest_02.jpg 1280w\" sizes=\"(max-width: 1024px) 100vw, 1024px\" \/><\/figure>\n\n\n\n<p>Son las 11:30 de la ma\u00f1ana del 29 de mayo de 1953, cuando dos hombres exhaustos coronan la cima del mundo. Han estado cinco horas caminando al l\u00edmite de sus fuerzas. Un esfuerzo tremendo donde su cerebro extenuado solo ha sido capaz de dar una orden: seguir adelante y no parar ante nada, un paso tras otro. Sin apenas aire en los pulmones, las palpitaciones en las sienes aten\u00faan el ruido del viento. \u00bfConseguir\u00e1n ambos llegar?<\/p>\n\n\n\n<p>Agotados tras la tremenda y despiadada ascensi\u00f3n, de repente\ncomprenden que ya no pueden seguir avanzando, que ya no hay nada m\u00e1s. Despu\u00e9s\nde recorrer el filo inestable apoyado sobre el vac\u00edo, lo han conseguido. Edmund\nHillary y Tenzing Norgay alcanzan la anhelada cumbre del Everest, 8.848 metros,\nel punto m\u00e1s elevado del planeta.<\/p>\n\n\n\n<p>Acababan de lograr una haza\u00f1a&nbsp; de dimensiones \u00e9picas, nunca nadie lo hab\u00eda\nlogrado hasta entonces: ascender a la cima del monte Everest, el techo del\nmundo. Tras varias expediciones fallidas, Edmund Hillary, alpinista, explorador\ny fil\u00e1ntropo neozeland\u00e9s, y Tenzing Norgay, su gu\u00eda sherpa nepal\u00ed, lo lograron,\nalcanzaron la cima del Everest. <\/p>\n\n\n\n<p>Desde entonces, numerosas expediciones trataron y lograron\ncon \u00e9xito alcanzar y conquistar la cumbre del gigante. Para lograr este\nobjetivo, los alpinistas necesitaban una preparaci\u00f3n de a\u00f1os, constituyendo\npara muchos de ellos una victoria llegar a la parte m\u00e1s alta de este g\u00e9lido\ntit\u00e1n. <\/p>\n\n\n\n<p>Las primeras ascensiones se sucedieron con cuentagotas. La segunda corri\u00f3 a cargo de los suizos, quienes en 1956 colocaron a cuatro alpinistas en la cima. La siguiente se retrasar\u00eda hasta 1960 y fue protagonizada por una gran expedici\u00f3n china que recorri\u00f3 la arista noreste, donde desaparecieron Mallory e Irvine. Hasta los 80, las escaladas eran bastante espor\u00e1dicas y en los primeros 25 a\u00f1os solo se subi\u00f3 en setenta ocasiones. La n\u00famero 1.000 se hizo en 1999, de manera que en los \u00faltimos 14 a\u00f1os se ha subido 5.000 veces. <\/p>\n\n\n\n<figure class=\"wp-block-image\"><img decoding=\"async\" loading=\"lazy\" width=\"1024\" height=\"576\" src=\"http:\/\/www.iessenara.es\/Revista\/wp-content\/uploads\/2019\/06\/everest_01-1024x576.jpg\" alt=\"\" class=\"wp-image-1578\" srcset=\"https:\/\/www.iessenara.es\/Revista\/wp-content\/uploads\/2019\/06\/everest_01-1024x576.jpg 1024w, https:\/\/www.iessenara.es\/Revista\/wp-content\/uploads\/2019\/06\/everest_01-300x169.jpg 300w, https:\/\/www.iessenara.es\/Revista\/wp-content\/uploads\/2019\/06\/everest_01-768x432.jpg 768w\" sizes=\"(max-width: 1024px) 100vw, 1024px\" \/><\/figure>\n\n\n\n<p>Pero lamentablemente, como hemos tenido ocasi\u00f3n de observar \u00faltimamente, todo eso ha quedado atr\u00e1s; el Monte Everest se ha convertido en una simple atracci\u00f3n tur\u00edstica, invadida por cientos de turistas que, aun a riesgo de perder la vida en su ascenso a la cumbre, intentan, con una escasa preparaci\u00f3n y tras haber pagado cantidades ingentes de dinero, alcanzar la c\u00faspide del g\u00e9lido coloso, dejando tras de s\u00ed cuantiosas cantidades de desechos y convirtiendo la cima del mundo en un vertedero de altura. <\/p>\n\n\n\n<figure class=\"wp-block-image\"><img decoding=\"async\" loading=\"lazy\" width=\"1024\" height=\"576\" src=\"http:\/\/www.iessenara.es\/Revista\/wp-content\/uploads\/2019\/06\/everest_03-1024x576.jpg\" alt=\"\" class=\"wp-image-1580\" srcset=\"https:\/\/www.iessenara.es\/Revista\/wp-content\/uploads\/2019\/06\/everest_03-1024x576.jpg 1024w, https:\/\/www.iessenara.es\/Revista\/wp-content\/uploads\/2019\/06\/everest_03-300x169.jpg 300w, https:\/\/www.iessenara.es\/Revista\/wp-content\/uploads\/2019\/06\/everest_03-768x432.jpg 768w, https:\/\/www.iessenara.es\/Revista\/wp-content\/uploads\/2019\/06\/everest_03.jpg 1280w\" sizes=\"(max-width: 1024px) 100vw, 1024px\" \/><\/figure>\n","protected":false},"excerpt":{"rendered":"<p>Roberto Santiago Barrios. 1.\u00b0 Bachillerato HCS Son las 11:30 de la ma\u00f1ana del 29 de mayo de 1953, cuando dos hombres exhaustos coronan la cima del mundo. Han estado cinco horas caminando al l\u00edmite&#46;&#46;&#46;<\/p>\n","protected":false},"author":3,"featured_media":1578,"comment_status":"open","ping_status":"open","sticky":false,"template":"","format":"standard","meta":{"jetpack_post_was_ever_published":false,"jetpack_publicize_message":"","jetpack_is_tweetstorm":false,"jetpack_publicize_feature_enabled":true,"jetpack_social_options":[]},"categories":[8],"tags":[],"jetpack_publicize_connections":[],"jetpack_featured_media_url":"https:\/\/www.iessenara.es\/Revista\/wp-content\/uploads\/2019\/06\/everest_01.jpg","jetpack_sharing_enabled":true,"jetpack_shortlink":"https:\/\/wp.me\/p5mbkp-pq","_links":{"self":[{"href":"https:\/\/www.iessenara.es\/Revista\/index.php?rest_route=\/wp\/v2\/posts\/1576"}],"collection":[{"href":"https:\/\/www.iessenara.es\/Revista\/index.php?rest_route=\/wp\/v2\/posts"}],"about":[{"href":"https:\/\/www.iessenara.es\/Revista\/index.php?rest_route=\/wp\/v2\/types\/post"}],"author":[{"embeddable":true,"href":"https:\/\/www.iessenara.es\/Revista\/index.php?rest_route=\/wp\/v2\/users\/3"}],"replies":[{"embeddable":true,"href":"https:\/\/www.iessenara.es\/Revista\/index.php?rest_route=%2Fwp%2Fv2%2Fcomments&post=1576"}],"version-history":[{"count":2,"href":"https:\/\/www.iessenara.es\/Revista\/index.php?rest_route=\/wp\/v2\/posts\/1576\/revisions"}],"predecessor-version":[{"id":1581,"href":"https:\/\/www.iessenara.es\/Revista\/index.php?rest_route=\/wp\/v2\/posts\/1576\/revisions\/1581"}],"wp:featuredmedia":[{"embeddable":true,"href":"https:\/\/www.iessenara.es\/Revista\/index.php?rest_route=\/wp\/v2\/media\/1578"}],"wp:attachment":[{"href":"https:\/\/www.iessenara.es\/Revista\/index.php?rest_route=%2Fwp%2Fv2%2Fmedia&parent=1576"}],"wp:term":[{"taxonomy":"category","embeddable":true,"href":"https:\/\/www.iessenara.es\/Revista\/index.php?rest_route=%2Fwp%2Fv2%2Fcategories&post=1576"},{"taxonomy":"post_tag","embeddable":true,"href":"https:\/\/www.iessenara.es\/Revista\/index.php?rest_route=%2Fwp%2Fv2%2Ftags&post=1576"}],"curies":[{"name":"wp","href":"https:\/\/api.w.org\/{rel}","templated":true}]}}