{"id":158,"date":"2014-01-17T19:17:12","date_gmt":"2014-01-17T19:17:12","guid":{"rendered":"http:\/\/www.iessenara.es\/Revista\/?p=158"},"modified":"2014-02-22T16:56:32","modified_gmt":"2014-02-22T16:56:32","slug":"anoranza","status":"publish","type":"post","link":"https:\/\/www.iessenara.es\/Revista\/?p=158","title":{"rendered":"A\u00f1oranza"},"content":{"rendered":"<p><a href=\"http:\/\/www.iessenara.es\/Revista\/wp-content\/uploads\/2013\/12\/Imagen_212.jpg\"><img decoding=\"async\" loading=\"lazy\" class=\"alignnone size-medium wp-image-89\" alt=\"Imagen_212\" src=\"http:\/\/www.iessenara.es\/Revista\/wp-content\/uploads\/2013\/12\/Imagen_212-300x157.jpg\" width=\"300\" height=\"157\" srcset=\"https:\/\/www.iessenara.es\/Revista\/wp-content\/uploads\/2013\/12\/Imagen_212-300x157.jpg 300w, https:\/\/www.iessenara.es\/Revista\/wp-content\/uploads\/2013\/12\/Imagen_212.jpg 570w\" sizes=\"(max-width: 300px) 100vw, 300px\" \/><\/a><\/p>\n<pre><span style=\"color: #000000\">No s\u00e9 si es bueno o si es malo.\r\n\r\nMe pregunto qui\u00e9n lo habr\u00e1 inventado.\r\n\r\nEs dif\u00edcil no sentirlo.\r\n\r\nEs dif\u00edcil no notarlo.\r\n\r\n\u00bfSer\u00e1 que es bueno amar?\r\n\r\n\u00bfAcaso no he pensado\r\n\r\nantes de hacer lo que hice?\r\n\r\n\u00bfAcaso no me avisaron\r\n\r\nde que era una decisi\u00f3n dif\u00edcil?\r\n\r\nNo pens\u00e9 en las consecuencias.\r\n\r\nNo sab\u00eda que este sentimiento\r\n\r\npod\u00eda ser tan intenso.<\/span>\r\n\r\n<span style=\"color: #ffffff\">-<\/span>\r\n\r\n<span style=\"color: #000000\">Me fui, sin m\u00e1s.\r\n\r\nSolo entonces descubr\u00ed\r\n\r\nel verdadero dolor.\r\n\r\nComo si se hubiera muerto,\r\n\r\npero no se ha muerto.\r\n\r\nPasan los d\u00edas...\r\n\r\nMe aprieta el pecho.\r\n\r\nMe encoge el coraz\u00f3n,\r\n\r\ncomo si alguien hubiera puesto\r\n\r\nuna piedra all\u00ed\r\n\r\nespecialmente para aplastarlo,\r\n\r\nsin piedad.<\/span>\r\n\r\n<span style=\"color: #ffffff\">-<\/span>\r\n\r\n<span style=\"color: #000000\">Llega la noche.\r\n\r\n\u00a1Recuerdos!\r\n\r\n\u00a1L\u00e1grimas!\r\n\r\nSon incontrolables.\r\n\r\nBajan silenciosas.\r\n\r\nLos sollozos se ahogan en la garganta, \r\n\r\ndesesperados por salir.\r\n\r\nLa Soledad me acompa\u00f1a,\r\n\r\ndisfrutando de mi compa\u00f1\u00eda.\r\n\r\nLlega el fr\u00edo y me envuelve \r\n\r\ncomo una manta.\r\n\r\nLlega el sue\u00f1o y cierra\r\n\r\nmis cansados ojos.<\/span>\r\n\r\n<span style=\"color: #ffffff\">-<\/span>\r\n\r\n<span style=\"color: #000000\">Otro d\u00eda, otra sonrisa.\r\n\r\nTodos perciben mi alegr\u00eda,\r\n\r\npero nadie nota mi tristeza.\r\n\r\nLa piedra me sigue aplastando\r\n\r\ncomo si se estuviera vengando \r\n\r\npor mi err\u00f3nea decisi\u00f3n.\r\n\r\nNo puedo m\u00e1s.<\/span>\r\n\r\n<span style=\"color: #ffffff\">-<\/span>\r\n\r\n<span style=\"color: #000000\">Muchas veces pens\u00e9 en desistir,\r\n\r\npero hay algo que \r\n\r\nme impulsa para seguir adelante.\r\n\r\nMe gusta amar, me hace feliz.\r\n\r\nPero...\r\n\r\nLa nostalgia es horrible.<\/span><\/pre>\n<pre><\/pre>\n<pre><span style=\"color: #000000\">Danyelle Ribeiro Pimentel (4\u00ba ESO A)<\/span><\/pre>\n","protected":false},"excerpt":{"rendered":"<p>No s\u00e9 si es bueno o si es malo. Me pregunto qui\u00e9n lo habr\u00e1 inventado. Es dif\u00edcil no sentirlo. Es dif\u00edcil no notarlo. \u00bfSer\u00e1 que es bueno amar? \u00bfAcaso no he pensado antes de&#46;&#46;&#46;<\/p>\n","protected":false},"author":3,"featured_media":89,"comment_status":"open","ping_status":"open","sticky":false,"template":"","format":"standard","meta":{"jetpack_post_was_ever_published":false,"jetpack_publicize_message":"","jetpack_is_tweetstorm":false,"jetpack_publicize_feature_enabled":true,"jetpack_social_options":[]},"categories":[10],"tags":[21],"jetpack_publicize_connections":[],"jetpack_featured_media_url":"https:\/\/www.iessenara.es\/Revista\/wp-content\/uploads\/2013\/12\/Imagen_212.jpg","jetpack_sharing_enabled":true,"jetpack_shortlink":"https:\/\/wp.me\/s5mbkp-anoranza","_links":{"self":[{"href":"https:\/\/www.iessenara.es\/Revista\/index.php?rest_route=\/wp\/v2\/posts\/158"}],"collection":[{"href":"https:\/\/www.iessenara.es\/Revista\/index.php?rest_route=\/wp\/v2\/posts"}],"about":[{"href":"https:\/\/www.iessenara.es\/Revista\/index.php?rest_route=\/wp\/v2\/types\/post"}],"author":[{"embeddable":true,"href":"https:\/\/www.iessenara.es\/Revista\/index.php?rest_route=\/wp\/v2\/users\/3"}],"replies":[{"embeddable":true,"href":"https:\/\/www.iessenara.es\/Revista\/index.php?rest_route=%2Fwp%2Fv2%2Fcomments&post=158"}],"version-history":[{"count":12,"href":"https:\/\/www.iessenara.es\/Revista\/index.php?rest_route=\/wp\/v2\/posts\/158\/revisions"}],"predecessor-version":[{"id":215,"href":"https:\/\/www.iessenara.es\/Revista\/index.php?rest_route=\/wp\/v2\/posts\/158\/revisions\/215"}],"wp:featuredmedia":[{"embeddable":true,"href":"https:\/\/www.iessenara.es\/Revista\/index.php?rest_route=\/wp\/v2\/media\/89"}],"wp:attachment":[{"href":"https:\/\/www.iessenara.es\/Revista\/index.php?rest_route=%2Fwp%2Fv2%2Fmedia&parent=158"}],"wp:term":[{"taxonomy":"category","embeddable":true,"href":"https:\/\/www.iessenara.es\/Revista\/index.php?rest_route=%2Fwp%2Fv2%2Fcategories&post=158"},{"taxonomy":"post_tag","embeddable":true,"href":"https:\/\/www.iessenara.es\/Revista\/index.php?rest_route=%2Fwp%2Fv2%2Ftags&post=158"}],"curies":[{"name":"wp","href":"https:\/\/api.w.org\/{rel}","templated":true}]}}