{"id":1595,"date":"2019-06-22T22:13:31","date_gmt":"2019-06-22T22:13:31","guid":{"rendered":"http:\/\/www.iessenara.es\/Revista\/?p=1595"},"modified":"2019-06-22T22:13:32","modified_gmt":"2019-06-22T22:13:32","slug":"taller-de-reciclaje-instrumentos-musicales","status":"publish","type":"post","link":"https:\/\/www.iessenara.es\/Revista\/?p=1595","title":{"rendered":"Taller de reciclaje: instrumentos musicales"},"content":{"rendered":"\n<h4>Roc\u00edo Marco Mu\u00f1oz. Profesora de M\u00fasica<\/h4>\n\n\n\n<div class=\"wp-block-image\"><figure class=\"alignleft is-resized\"><img decoding=\"async\" loading=\"lazy\" src=\"http:\/\/www.iessenara.es\/Revista\/wp-content\/uploads\/2019\/06\/musica-1024x576.jpg\" alt=\"\" class=\"wp-image-1598\" width=\"367\" height=\"207\" srcset=\"https:\/\/www.iessenara.es\/Revista\/wp-content\/uploads\/2019\/06\/musica-1024x576.jpg 1024w, https:\/\/www.iessenara.es\/Revista\/wp-content\/uploads\/2019\/06\/musica-300x169.jpg 300w, https:\/\/www.iessenara.es\/Revista\/wp-content\/uploads\/2019\/06\/musica-768x432.jpg 768w, https:\/\/www.iessenara.es\/Revista\/wp-content\/uploads\/2019\/06\/musica.jpg 1920w\" sizes=\"(max-width: 367px) 100vw, 367px\" \/><\/figure><\/div>\n\n\n\n<p>Los alumnos de M\u00fasica de 2.\u00ba y 3.\u00ba de ESO han construido unos instrumentos musicales con materiales reciclados. \u00a1Y suenan!<\/p>\n\n\n\n<p>Escucha su sonido y la presentaci\u00f3n que hacen sus creadores en este v\u00eddeo.<\/p>\n\n\n\n<p><a href=\"https:\/\/photos.google.com\/share\/AF1QipMF0U9oK4KFp1Oz2Ow3odapd53Nw9-aOx6dx5jWS9uFEHQ9RJDSK6_4b55gKYQ_yw\/photo\/AF1QipOc_bCFBb-ruIwOGUuBcq2MR0ymSmYEL_aPhe7y?key=MWZEQkN4a0lsSFlScEtGTjdPRURlRmVxclZDdmpR\">https:\/\/photos.google.com\/share\/AF1QipMF0U9oK4KFp1Oz2Ow3odapd53Nw9-aOx6dx5jWS9uFEHQ9RJDSK6_4b55gKYQ_yw\/photo\/AF1QipOc_bCFBb-ruIwOGUuBcq2MR0ymSmYEL_aPhe7y?key=MWZEQkN4a0lsSFlScEtGTjdPRURlRmVxclZDdmpR<\/a><\/p>\n\n\n\n<p><br><\/p>\n","protected":false},"excerpt":{"rendered":"<p>Roc\u00edo Marco Mu\u00f1oz. Profesora de M\u00fasica Los alumnos de M\u00fasica de 2.\u00ba y 3.\u00ba de ESO han construido unos instrumentos musicales con materiales reciclados. \u00a1Y suenan! Escucha su sonido y la presentaci\u00f3n que hacen&#46;&#46;&#46;<\/p>\n","protected":false},"author":3,"featured_media":1598,"comment_status":"open","ping_status":"open","sticky":false,"template":"","format":"standard","meta":{"jetpack_post_was_ever_published":false,"jetpack_publicize_message":"","jetpack_is_tweetstorm":false,"jetpack_publicize_feature_enabled":true,"jetpack_social_options":[]},"categories":[11],"tags":[147,95,146],"jetpack_publicize_connections":[],"jetpack_featured_media_url":"https:\/\/www.iessenara.es\/Revista\/wp-content\/uploads\/2019\/06\/musica.jpg","jetpack_sharing_enabled":true,"jetpack_shortlink":"https:\/\/wp.me\/p5mbkp-pJ","_links":{"self":[{"href":"https:\/\/www.iessenara.es\/Revista\/index.php?rest_route=\/wp\/v2\/posts\/1595"}],"collection":[{"href":"https:\/\/www.iessenara.es\/Revista\/index.php?rest_route=\/wp\/v2\/posts"}],"about":[{"href":"https:\/\/www.iessenara.es\/Revista\/index.php?rest_route=\/wp\/v2\/types\/post"}],"author":[{"embeddable":true,"href":"https:\/\/www.iessenara.es\/Revista\/index.php?rest_route=\/wp\/v2\/users\/3"}],"replies":[{"embeddable":true,"href":"https:\/\/www.iessenara.es\/Revista\/index.php?rest_route=%2Fwp%2Fv2%2Fcomments&post=1595"}],"version-history":[{"count":5,"href":"https:\/\/www.iessenara.es\/Revista\/index.php?rest_route=\/wp\/v2\/posts\/1595\/revisions"}],"predecessor-version":[{"id":1601,"href":"https:\/\/www.iessenara.es\/Revista\/index.php?rest_route=\/wp\/v2\/posts\/1595\/revisions\/1601"}],"wp:featuredmedia":[{"embeddable":true,"href":"https:\/\/www.iessenara.es\/Revista\/index.php?rest_route=\/wp\/v2\/media\/1598"}],"wp:attachment":[{"href":"https:\/\/www.iessenara.es\/Revista\/index.php?rest_route=%2Fwp%2Fv2%2Fmedia&parent=1595"}],"wp:term":[{"taxonomy":"category","embeddable":true,"href":"https:\/\/www.iessenara.es\/Revista\/index.php?rest_route=%2Fwp%2Fv2%2Fcategories&post=1595"},{"taxonomy":"post_tag","embeddable":true,"href":"https:\/\/www.iessenara.es\/Revista\/index.php?rest_route=%2Fwp%2Fv2%2Ftags&post=1595"}],"curies":[{"name":"wp","href":"https:\/\/api.w.org\/{rel}","templated":true}]}}