{"id":1602,"date":"2019-06-23T22:16:29","date_gmt":"2019-06-23T22:16:29","guid":{"rendered":"http:\/\/www.iessenara.es\/Revista\/?p=1602"},"modified":"2019-07-16T09:48:05","modified_gmt":"2019-07-16T09:48:05","slug":"despedida-de-francisco-blazquez-profesor-de-educacion-fisica","status":"publish","type":"post","link":"https:\/\/www.iessenara.es\/Revista\/?p=1602","title":{"rendered":"Despedida de Francisco Bl\u00e1zquez, profesor de Educaci\u00f3n F\u00edsica"},"content":{"rendered":"\n<h4>Luc\u00eda S\u00e1nchez de la Torre, 4.\u00ba ESO B y J. Fernando Pablos Navazo, profesor<\/h4>\n\n\n\n<p>La Revista Cosas del Senara entrevista a Fran, profesor de Educaci\u00f3n F\u00edsica del IES Senara de Babilafuente durante 16 cursos, antes de su inminente traslado a Salamanca. En ella desgrana sus pasiones, sus vivencias en el instituto y sus esperanzas para el futuro.<\/p>\n\n\n\n<figure class=\"wp-block-embed-youtube wp-block-embed is-type-video is-provider-youtube wp-embed-aspect-16-9 wp-has-aspect-ratio\"><div class=\"wp-block-embed__wrapper\">\n<div class=\"video-container\"><span class=\"embed-youtube\" style=\"text-align:center; display: block;\"><iframe loading=\"lazy\" class=\"youtube-player\" width=\"640\" height=\"360\" src=\"https:\/\/www.youtube.com\/embed\/p9Wcve-CwVE?version=3&#038;rel=1&#038;showsearch=0&#038;showinfo=1&#038;iv_load_policy=1&#038;fs=1&#038;hl=es-ES&#038;autohide=2&#038;wmode=transparent\" allowfullscreen=\"true\" style=\"border:0;\" sandbox=\"allow-scripts allow-same-origin allow-popups allow-presentation\"><\/iframe><\/span><\/div>\n<\/div><\/figure>\n","protected":false},"excerpt":{"rendered":"<p>Luc\u00eda S\u00e1nchez de la Torre, 4.\u00ba ESO B y J. Fernando Pablos Navazo, profesor La Revista Cosas del Senara entrevista a Fran, profesor de Educaci\u00f3n F\u00edsica del IES Senara de Babilafuente durante 16 cursos,&#46;&#46;&#46;<\/p>\n","protected":false},"author":3,"featured_media":1604,"comment_status":"open","ping_status":"open","sticky":false,"template":"","format":"standard","meta":{"jetpack_post_was_ever_published":false,"jetpack_publicize_message":"","jetpack_is_tweetstorm":false,"jetpack_publicize_feature_enabled":true,"jetpack_social_options":[]},"categories":[9],"tags":[148,16,149],"jetpack_publicize_connections":[],"jetpack_featured_media_url":"https:\/\/www.iessenara.es\/Revista\/wp-content\/uploads\/2019\/06\/fran.proyecto_Moment.jpg","jetpack_sharing_enabled":true,"jetpack_shortlink":"https:\/\/wp.me\/p5mbkp-pQ","_links":{"self":[{"href":"https:\/\/www.iessenara.es\/Revista\/index.php?rest_route=\/wp\/v2\/posts\/1602"}],"collection":[{"href":"https:\/\/www.iessenara.es\/Revista\/index.php?rest_route=\/wp\/v2\/posts"}],"about":[{"href":"https:\/\/www.iessenara.es\/Revista\/index.php?rest_route=\/wp\/v2\/types\/post"}],"author":[{"embeddable":true,"href":"https:\/\/www.iessenara.es\/Revista\/index.php?rest_route=\/wp\/v2\/users\/3"}],"replies":[{"embeddable":true,"href":"https:\/\/www.iessenara.es\/Revista\/index.php?rest_route=%2Fwp%2Fv2%2Fcomments&post=1602"}],"version-history":[{"count":2,"href":"https:\/\/www.iessenara.es\/Revista\/index.php?rest_route=\/wp\/v2\/posts\/1602\/revisions"}],"predecessor-version":[{"id":1605,"href":"https:\/\/www.iessenara.es\/Revista\/index.php?rest_route=\/wp\/v2\/posts\/1602\/revisions\/1605"}],"wp:featuredmedia":[{"embeddable":true,"href":"https:\/\/www.iessenara.es\/Revista\/index.php?rest_route=\/wp\/v2\/media\/1604"}],"wp:attachment":[{"href":"https:\/\/www.iessenara.es\/Revista\/index.php?rest_route=%2Fwp%2Fv2%2Fmedia&parent=1602"}],"wp:term":[{"taxonomy":"category","embeddable":true,"href":"https:\/\/www.iessenara.es\/Revista\/index.php?rest_route=%2Fwp%2Fv2%2Fcategories&post=1602"},{"taxonomy":"post_tag","embeddable":true,"href":"https:\/\/www.iessenara.es\/Revista\/index.php?rest_route=%2Fwp%2Fv2%2Ftags&post=1602"}],"curies":[{"name":"wp","href":"https:\/\/api.w.org\/{rel}","templated":true}]}}