{"id":1624,"date":"2019-07-15T23:08:10","date_gmt":"2019-07-15T23:08:10","guid":{"rendered":"http:\/\/www.iessenara.es\/Revista\/?p=1624"},"modified":"2020-10-04T16:27:09","modified_gmt":"2020-10-04T16:27:09","slug":"entrevista-con-mariola-flamante-adjudicataria-de-la-cafeteria","status":"publish","type":"post","link":"https:\/\/www.iessenara.es\/Revista\/?p=1624","title":{"rendered":"Entrevista con Mariola, flamante adjudicataria de la Cafeter\u00eda"},"content":{"rendered":"\n<h4>Jos\u00e9 Fernando Pablos Navazo, director interino de <em>Cosas del Senara<\/em><\/h4>\n\n\n\n<figure class=\"wp-block-image\"><img decoding=\"async\" loading=\"lazy\" width=\"1024\" height=\"591\" src=\"http:\/\/www.iessenara.es\/Revista\/wp-content\/uploads\/2019\/07\/mariola-03-1-1024x591.jpg\" alt=\"\" class=\"wp-image-1634\" srcset=\"https:\/\/www.iessenara.es\/Revista\/wp-content\/uploads\/2019\/07\/mariola-03-1-1024x591.jpg 1024w, https:\/\/www.iessenara.es\/Revista\/wp-content\/uploads\/2019\/07\/mariola-03-1-300x173.jpg 300w, https:\/\/www.iessenara.es\/Revista\/wp-content\/uploads\/2019\/07\/mariola-03-1-768x444.jpg 768w\" sizes=\"(max-width: 1024px) 100vw, 1024px\" \/><figcaption>Mariola, al frente de la cafeter\u00eda que dirigir\u00e1 los pr\u00f3ximos cuatro a\u00f1os.  <br>FOTO: JF Pablos <\/figcaption><\/figure>\n\n\n\n<p>El d\u00eda 2 de julio supimos que la cafeter\u00eda del IES Senara hab\u00eda sido concedida a Mariola Mesonero Barbero para los pr\u00f3ximos cuatro cursos escolares. Por ese motivo nos hemos desplazado a Babilafuente para hacer una entrevista a la persona que ha atendido la cafeter\u00eda los \u00faltimos cinco a\u00f1os, y que dirigir\u00e1 la Cafeter\u00eda los siguientes cuatro. <\/p>\n\n\n\n<p><strong>Pregunta: Mariola, estar\u00e1s contenta, \u00bfno?<\/strong><\/p>\n\n\n\n<p>Respuesta: Hombre, contenta no, estoy muy contenta.<\/p>\n\n\n\n<p><strong>P. Expl\u00edcanos c\u00f3mo ha sido todo.<\/strong><\/p>\n\n\n\n<p>R. Puesto que Jonatan lo dejaba -su hijo, el anterior\nadjudicatario-, yo quer\u00eda una nueva concesi\u00f3n. Solicit\u00e9 la cafeter\u00eda y, aunque\ninicialmente se la adjudicaron a otra persona, esta la rechaz\u00f3 y\u2026 bienvenido\nsea el rechazo, porque me lo adjudicaron a m\u00ed.<\/p>\n\n\n\n<p><strong>P. Para cuatro a\u00f1os entonces.<\/strong><\/p>\n\n\n\n<p>R. Exactamente.<\/p>\n\n\n\n<figure class=\"wp-block-image\"><img decoding=\"async\" loading=\"lazy\" width=\"1024\" height=\"683\" src=\"http:\/\/www.iessenara.es\/Revista\/wp-content\/uploads\/2019\/07\/mariola-02-1024x683.jpg\" alt=\"\" class=\"wp-image-1627\" srcset=\"https:\/\/www.iessenara.es\/Revista\/wp-content\/uploads\/2019\/07\/mariola-02-1024x683.jpg 1024w, https:\/\/www.iessenara.es\/Revista\/wp-content\/uploads\/2019\/07\/mariola-02-300x200.jpg 300w, https:\/\/www.iessenara.es\/Revista\/wp-content\/uploads\/2019\/07\/mariola-02-768x512.jpg 768w\" sizes=\"(max-width: 1024px) 100vw, 1024px\" \/><figcaption>Mariola, delante de las fotograf\u00edas premiadas en el Concurso de Fotograf\u00eda Matem\u00e1tica. FOTO: JF Pablos <\/figcaption><\/figure>\n\n\n\n<p><strong>P. \u00bfQu\u00e9 novedades vamos a encontrar en la cafeter\u00eda estos pr\u00f3ximos cuatro a\u00f1os?<\/strong><\/p>\n\n\n\n<p>R. De momento no lo he pensado todav\u00eda, pero voy a tener m\u00e1s\ntiempo de hacer m\u00e1s cosas, porque solo me voy a dedicar a la cafeter\u00eda.<\/p>\n\n\n\n<p><strong>P. Al menos danos un avance.<\/strong><\/p>\n\n\n\n<p>R. M\u00e1s postres caseros y alguna cosa m\u00e1s.<\/p>\n\n\n\n<p><strong>P. Despu\u00e9s de los cinco a\u00f1os, \u00bfte has encontrado lo que esperabas o ha habido alguna sorpresa, agradable o desagradable?<\/strong><\/p>\n\n\n\n<div class=\"wp-block-image\"><figure class=\"alignleft is-resized\"><img decoding=\"async\" loading=\"lazy\" src=\"http:\/\/www.iessenara.es\/Revista\/wp-content\/uploads\/2019\/07\/feliz.jpg\" alt=\"\" class=\"wp-image-1637\" width=\"313\" height=\"116\" srcset=\"https:\/\/www.iessenara.es\/Revista\/wp-content\/uploads\/2019\/07\/feliz.jpg 542w, https:\/\/www.iessenara.es\/Revista\/wp-content\/uploads\/2019\/07\/feliz-300x112.jpg 300w\" sizes=\"(max-width: 313px) 100vw, 313px\" \/><\/figure><\/div>\n\n\n\n<p>R. Estos cinco a\u00f1os he estado muy contenta -remarca Mariola el\nmuy-. Yo creo que ha sido de los trabajos en que m\u00e1s a gusto he estado. Si no\nme lo hubieran adjudicado, me habr\u00eda llevado un disgusto.<\/p>\n\n\n\n<p><strong>P. \u00bfA gusto desde el punto de vista personal o desde el\npunto de vista laboral?<\/strong><\/p>\n\n\n\n<p>R. Desde la satisfacci\u00f3n del trabajo en primer lugar y por los compa\u00f1eros, como llamo a los profesores, y por los ni\u00f1os a continuaci\u00f3n.<\/p>\n\n\n\n<figure class=\"wp-block-image\"><img decoding=\"async\" loading=\"lazy\" width=\"1024\" height=\"576\" src=\"http:\/\/www.iessenara.es\/Revista\/wp-content\/uploads\/2019\/06\/Valentina-11-1024x576.jpg\" alt=\"\" class=\"wp-image-1616\" srcset=\"https:\/\/www.iessenara.es\/Revista\/wp-content\/uploads\/2019\/06\/Valentina-11-1024x576.jpg 1024w, https:\/\/www.iessenara.es\/Revista\/wp-content\/uploads\/2019\/06\/Valentina-11-300x169.jpg 300w, https:\/\/www.iessenara.es\/Revista\/wp-content\/uploads\/2019\/06\/Valentina-11-768x432.jpg 768w, https:\/\/www.iessenara.es\/Revista\/wp-content\/uploads\/2019\/06\/Valentina-11.jpg 1600w\" sizes=\"(max-width: 1024px) 100vw, 1024px\" \/><figcaption>Junto a los profesores, en la graduaci\u00f3n de los alumnos de 2\u00ba de Bachillerato del curso 2015\/2016. FOTO: JF Pablos <\/figcaption><\/figure>\n\n\n\n<p><strong>P. Con respecto a los ni\u00f1os, \u00bfen qu\u00e9 medida crees que la\ncafeter\u00eda les brinda una ayuda, tanto desde el punto de vista alimentario, como\ndesde otros puntos de vista que t\u00fa conoces m\u00e1s de cerca?<\/strong><\/p>\n\n\n\n<p>R. Hay ni\u00f1os que no llevan ni una triste galleta. Para ellos\nla cafeter\u00eda es como una salvaci\u00f3n, porque, si tienen hambre, van enseguida y,\ncomo yo les f\u00edo muchas veces, para ellos es un alivio. Y hay ni\u00f1os que van sin\ndesayunar.<\/p>\n\n\n\n<div class=\"wp-block-image\"><figure class=\"alignleft is-resized\"><img decoding=\"async\" loading=\"lazy\" src=\"http:\/\/www.iessenara.es\/Revista\/wp-content\/uploads\/2019\/07\/comer.jpg\" alt=\"\" class=\"wp-image-1636\" width=\"304\" height=\"129\" srcset=\"https:\/\/www.iessenara.es\/Revista\/wp-content\/uploads\/2019\/07\/comer.jpg 483w, https:\/\/www.iessenara.es\/Revista\/wp-content\/uploads\/2019\/07\/comer-300x128.jpg 300w\" sizes=\"(max-width: 304px) 100vw, 304px\" \/><\/figure><\/div>\n\n\n\n<p><strong>P. Incluso a veces se lo das sin fiar, \u00bfno es as\u00ed?<\/strong><\/p>\n\n\n\n<p>R. Pero eso se queda de puertas para adentro -responde\nMariola con modestia-. Ver a un ni\u00f1o sin comer, eso no puede ser.<\/p>\n\n\n\n<p><strong>P. \u00bfExige una discreci\u00f3n especial el trabajo en una\ncafeter\u00eda de instituto?<\/strong><\/p>\n\n\n\n<p>R. Yo creo que no. Lo que se oye en la cafeter\u00eda se queda en\nla cafeter\u00eda, tanto de profesores como de alumnos. La discreci\u00f3n es lo primero.<\/p>\n\n\n\n<p><strong>P. No vamos a preguntar por el grado de beneficio que\nreporta una cafeter\u00eda, para que no lo soliciten otras personas, pero en tu\nopini\u00f3n, \u00bfson muchos los gastos que conlleva?<\/strong><\/p>\n\n\n\n<p>R. S\u00ed. Tienes que pagar como aut\u00f3nomo, la luz, los m\u00f3dulos,\nel IVA, la empresa del veterinario\u2026<\/p>\n\n\n\n<p><strong>P. Ya que eres t\u00fa quien menciona al veterinario, \u00bfcu\u00e1ntas\nvisitas hemos tenido de \u00e9l durante estos cinco a\u00f1os?<\/strong><\/p>\n\n\n\n<p>R. Por lo menos seis.<\/p>\n\n\n\n<p><strong>P. \u00bfSabes cu\u00e1ntas visitas hizo desde que se cre\u00f3 el instituto hasta la adjudicaci\u00f3n a Jonatan?<\/strong><\/p>\n\n\n\n<p>R. Ninguna.<\/p>\n\n\n\n<p><strong>P. \u00bfY a qu\u00e9 crees que se debi\u00f3?<\/strong><\/p>\n\n\n\n<p>R. Si no est\u00e1s dado de alta en Sanidad no vienen. Es su\ntrabajo, no me importa que me inspeccionen, pero deber\u00edan hac\u00e9rselo a todo el\nmundo. No tengo ning\u00fan problema, porque en la cocina puede entrar todo el\nmundo.<\/p>\n\n\n\n<p><strong>P. No deja de ser una garant\u00eda para el centro que cada\nvez que haya venido el veterinario no hayamos tenido ning\u00fan apercibimiento.<\/strong><\/p>\n\n\n\n<p>R. As\u00ed es. La \u00faltima vez que vino comunic\u00f3 a la direcci\u00f3n\ndel centro que todo estaba impecable.<\/p>\n\n\n\n<p><strong>P. Cambiando de tercio, \u00bfc\u00f3mo definir\u00edas a los alumnos\ndel instituto?<\/strong><\/p>\n\n\n\n<div class=\"wp-block-image\"><figure class=\"alignleft is-resized\"><img decoding=\"async\" loading=\"lazy\" src=\"http:\/\/www.iessenara.es\/Revista\/wp-content\/uploads\/2019\/07\/alumnos.jpg\" alt=\"\" class=\"wp-image-1635\" width=\"330\" height=\"109\" srcset=\"https:\/\/www.iessenara.es\/Revista\/wp-content\/uploads\/2019\/07\/alumnos.jpg 657w, https:\/\/www.iessenara.es\/Revista\/wp-content\/uploads\/2019\/07\/alumnos-300x100.jpg 300w\" sizes=\"(max-width: 330px) 100vw, 330px\" \/><\/figure><\/div>\n\n\n\n<p>R. Yo creo que son buena gente, son buenos chicos, aunque siempre hay alguien que da guerra, no son problem\u00e1ticos. Cuando Jonatan entr\u00f3 en el instituto hab\u00eda muchos alumnos problem\u00e1ticos, pero ahora no.<\/p>\n\n\n\n<p><strong>P. Y el instituto, \u00bfc\u00f3mo lo definir\u00edas?<\/strong><\/p>\n\n\n\n<p>R. Como un instituto familiar. Cuando hay un problema, ese problema se aborda enseguida para que no vaya a m\u00e1s.<\/p>\n\n\n\n<figure class=\"wp-block-image\"><img decoding=\"async\" loading=\"lazy\" width=\"1024\" height=\"616\" src=\"http:\/\/www.iessenara.es\/Revista\/wp-content\/uploads\/2019\/07\/cafeteria-01-1024x616.jpg\" alt=\"\" class=\"wp-image-1646\" srcset=\"https:\/\/www.iessenara.es\/Revista\/wp-content\/uploads\/2019\/07\/cafeteria-01-1024x616.jpg 1024w, https:\/\/www.iessenara.es\/Revista\/wp-content\/uploads\/2019\/07\/cafeteria-01-300x181.jpg 300w, https:\/\/www.iessenara.es\/Revista\/wp-content\/uploads\/2019\/07\/cafeteria-01-768x462.jpg 768w\" sizes=\"(max-width: 1024px) 100vw, 1024px\" \/><figcaption>El ambiente de la cafeter\u00eda es un factor importante que contribuye al buen ambiente de un centro escolar. FOTO: JF Pablos <\/figcaption><\/figure>\n\n\n\n<p><strong>P. Desde esa visi\u00f3n panor\u00e1mica que te ofrece la\ncafeter\u00eda, \u00bfconsideras privilegiada la posici\u00f3n que te brinda esa atalaya?<\/strong><\/p>\n\n\n\n<p>R. S\u00ed, porque me permite ver los problemas que surgen,\nconocer a los alumnos, etc.<\/p>\n\n\n\n<p><strong>P. Ser\u00eda una de las cuatro torres de vig\u00eda: orientadora,\njefe de estudios, conserjes y cafeter\u00eda.<\/strong><\/p>\n\n\n\n<p>R. S\u00ed, alguna vez he comentado con la orientadora alguna cosa que he observado y ha podido solucionarse. Por eso me considero una privilegiada por haberme adjudicado la cafeter\u00eda y poder ayudar a alg\u00fan chaval.<\/p>\n\n\n\n<p><strong>P. Volviendo al tema de la alimentaci\u00f3n, \u00bfqu\u00e9 productos\nm\u00e1s saludables ofrece la cafeter\u00eda?<\/strong><\/p>\n\n\n\n<p>R. La fruta, los bocadillos caseros que no son precocinados,\nlas pizzas que yo hago, los pinchos caseros, los s\u00e1ndwiches vegetales.\nIntentar\u00e9 introducir m\u00e1s alimentos saludables.<\/p>\n\n\n\n<p><strong>P. Cuando se te ha pedido que ofrezcas una comida o una\ndespedida, la cafeter\u00eda siempre ha estado dispuesta. \u00bfEso supone m\u00e1s trabajo y\npoco beneficio o ah\u00ed no se mira tanto?<\/strong><\/p>\n\n\n\n<p>R: Yo no lo miro, porque a m\u00ed me encanta. La cocina me gusta y estoy dispuesta a hacer cualquier cosa. Entonces no tengo ning\u00fan problema.<\/p>\n\n\n\n<figure class=\"wp-block-image\"><img decoding=\"async\" loading=\"lazy\" width=\"1024\" height=\"627\" src=\"http:\/\/www.iessenara.es\/Revista\/wp-content\/uploads\/2019\/07\/mariola-05-1024x627.jpg\" alt=\"\" class=\"wp-image-1630\" srcset=\"https:\/\/www.iessenara.es\/Revista\/wp-content\/uploads\/2019\/07\/mariola-05-1024x627.jpg 1024w, https:\/\/www.iessenara.es\/Revista\/wp-content\/uploads\/2019\/07\/mariola-05-300x184.jpg 300w, https:\/\/www.iessenara.es\/Revista\/wp-content\/uploads\/2019\/07\/mariola-05-768x471.jpg 768w, https:\/\/www.iessenara.es\/Revista\/wp-content\/uploads\/2019\/07\/mariola-05.jpg 1092w\" sizes=\"(max-width: 1024px) 100vw, 1024px\" \/><figcaption>La \u00faltima despedida de profesores que dejaron el IES Senara: Valentina, por jubilaci\u00f3n, y Fran, por traslado. Luis es un pesado: ni se jubila ni se separa de donde hay convite. Y Clara vino a despedir a sus compa\u00f1eros. FOTO: JF Pablos <\/figcaption><\/figure>\n\n\n\n<p><strong>P. Porque en el instituto ya no se conciben las\ndespedidas sin pasar por <em>Mariola\u2019s<\/em>.<\/strong><\/p>\n\n\n\n<p>R. Yo creo que no. Ya no se traen las cosas de fuera. Estoy muy contenta, porque deposit\u00e1is en m\u00ed una confianza que se percibe.<\/p>\n\n\n\n<figure class=\"wp-block-image\"><img decoding=\"async\" loading=\"lazy\" width=\"1024\" height=\"364\" src=\"http:\/\/www.iessenara.es\/Revista\/wp-content\/uploads\/2019\/07\/mariola-06-1024x364.jpg\" alt=\"\" class=\"wp-image-1631\" srcset=\"https:\/\/www.iessenara.es\/Revista\/wp-content\/uploads\/2019\/07\/mariola-06-1024x364.jpg 1024w, https:\/\/www.iessenara.es\/Revista\/wp-content\/uploads\/2019\/07\/mariola-06-300x107.jpg 300w, https:\/\/www.iessenara.es\/Revista\/wp-content\/uploads\/2019\/07\/mariola-06-768x273.jpg 768w\" sizes=\"(max-width: 1024px) 100vw, 1024px\" \/><figcaption>&#8230;y te lo quer\u00edas perder. FOTO: JF Pablos <\/figcaption><\/figure>\n\n\n\n<p><strong>P. \u00bfCu\u00e1ntas quejas has tenido en este tiempo respecto a\nproductos caducados o alimentos en mal estado?<\/strong><\/p>\n\n\n\n<p>R. Ninguna. Preferir\u00eda tirar a la basura los alimentos, si alguna vez estuvieran en mal estado. La salud de las personas est\u00e1 por encima de todo.<\/p>\n\n\n\n<p><strong>P. Hiciste un viaje a Londres con los alumnos en 2016,\norganizado por el Dpto. de Ingl\u00e9s. Esa experiencia viene a demostrar que\nCafeter\u00eda es casi un departamento m\u00e1s.<\/strong><\/p>\n\n\n\n<p>R. Exactamente. Aunque est\u00e9s en la cafeter\u00eda, aportas un grano de arena. Me gustar\u00eda agradecer personalmente a Rosa la oportunidad que me dio de ir a Londres.<\/p>\n\n\n\n<p><strong>P. \u00bfEl recuerdo m\u00e1s especial de ese viaje?<\/strong><\/p>\n\n\n\n<p>R. Las Casas del Parlamento por dentro.<\/p>\n\n\n\n<p><strong>P. Pese a que la comida deja mucho que desear.<\/strong><\/p>\n\n\n\n<p>R. S\u00ed, la compr\u00e1bamos en un supermercado, porque la comida\ninglesa como que no.<\/p>\n\n\n\n<p><strong>P. \u00bfMejoraste tu ingl\u00e9s?<\/strong><\/p>\n\n\n\n<p>R. Eso s\u00ed que no. Cero patatero -responde entre risas-.<\/p>\n\n\n\n<figure class=\"wp-block-image\"><img decoding=\"async\" loading=\"lazy\" width=\"1024\" height=\"710\" src=\"http:\/\/www.iessenara.es\/Revista\/wp-content\/uploads\/2019\/07\/londres-1024x710.jpg\" alt=\"\" class=\"wp-image-1665\" srcset=\"https:\/\/www.iessenara.es\/Revista\/wp-content\/uploads\/2019\/07\/londres-1024x710.jpg 1024w, https:\/\/www.iessenara.es\/Revista\/wp-content\/uploads\/2019\/07\/londres-300x208.jpg 300w, https:\/\/www.iessenara.es\/Revista\/wp-content\/uploads\/2019\/07\/londres-768x533.jpg 768w, https:\/\/www.iessenara.es\/Revista\/wp-content\/uploads\/2019\/07\/londres.jpg 1038w\" sizes=\"(max-width: 1024px) 100vw, 1024px\" \/><figcaption>El grupo de alumnos delante de Tower Bridge, Londres. FOTO: R Varas<br><\/figcaption><\/figure>\n\n\n\n<p><strong>P. Y entre las actividades complementarias del centro\ndeber\u00edamos incluir los viernes interdepartamentales -muchos profesores tienen\nlibre la 4\u00aa hora del viernes y se re\u00fanen en la cafeter\u00eda-.<\/strong><\/p>\n\n\n\n<p>R. Hombre, claro. Eso que no falte: es un relax. Bienvenida sea la reuni\u00f3n del grupo mixto.<\/p>\n\n\n\n<figure class=\"wp-block-image\"><img decoding=\"async\" loading=\"lazy\" width=\"1024\" height=\"738\" src=\"http:\/\/www.iessenara.es\/Revista\/wp-content\/uploads\/2019\/07\/mariola-08-1024x738.jpg\" alt=\"\" class=\"wp-image-1633\" srcset=\"https:\/\/www.iessenara.es\/Revista\/wp-content\/uploads\/2019\/07\/mariola-08-1024x738.jpg 1024w, https:\/\/www.iessenara.es\/Revista\/wp-content\/uploads\/2019\/07\/mariola-08-300x216.jpg 300w, https:\/\/www.iessenara.es\/Revista\/wp-content\/uploads\/2019\/07\/mariola-08-768x554.jpg 768w\" sizes=\"(max-width: 1024px) 100vw, 1024px\" \/><figcaption>Tres de los parroquianos habituales de <em>Mariola&#8217;s<\/em>: Juan, M\u00e1nuel y Manuel. FOTO: JF Pablos <\/figcaption><\/figure>\n\n\n\n<p><strong>P. Quieres a\u00f1adir algo m\u00e1s.<\/strong><\/p>\n\n\n\n<p>R. Quiero agradecer el trato recibido por los alumnos y por\nlos profesores, as\u00ed como la confianza depositada en m\u00ed y har\u00e9 los esfuerzos\npara no defraudarlos. Este es el trabajo que me ha hecho m\u00e1s feliz.<\/p>\n","protected":false},"excerpt":{"rendered":"<p>Jos\u00e9 Fernando Pablos Navazo, director interino de Cosas del Senara El d\u00eda 2 de julio supimos que la cafeter\u00eda del IES Senara hab\u00eda sido concedida a Mariola Mesonero Barbero para los pr\u00f3ximos cuatro cursos&#46;&#46;&#46;<\/p>\n","protected":false},"author":3,"featured_media":1626,"comment_status":"open","ping_status":"open","sticky":false,"template":"","format":"standard","meta":{"jetpack_post_was_ever_published":false,"jetpack_publicize_message":"","jetpack_is_tweetstorm":false,"jetpack_publicize_feature_enabled":true,"jetpack_social_options":[]},"categories":[9],"tags":[153,16,152],"jetpack_publicize_connections":[],"jetpack_featured_media_url":"https:\/\/www.iessenara.es\/Revista\/wp-content\/uploads\/2019\/07\/mariola-03.jpg","jetpack_sharing_enabled":true,"jetpack_shortlink":"https:\/\/wp.me\/p5mbkp-qc","_links":{"self":[{"href":"https:\/\/www.iessenara.es\/Revista\/index.php?rest_route=\/wp\/v2\/posts\/1624"}],"collection":[{"href":"https:\/\/www.iessenara.es\/Revista\/index.php?rest_route=\/wp\/v2\/posts"}],"about":[{"href":"https:\/\/www.iessenara.es\/Revista\/index.php?rest_route=\/wp\/v2\/types\/post"}],"author":[{"embeddable":true,"href":"https:\/\/www.iessenara.es\/Revista\/index.php?rest_route=\/wp\/v2\/users\/3"}],"replies":[{"embeddable":true,"href":"https:\/\/www.iessenara.es\/Revista\/index.php?rest_route=%2Fwp%2Fv2%2Fcomments&post=1624"}],"version-history":[{"count":16,"href":"https:\/\/www.iessenara.es\/Revista\/index.php?rest_route=\/wp\/v2\/posts\/1624\/revisions"}],"predecessor-version":[{"id":2067,"href":"https:\/\/www.iessenara.es\/Revista\/index.php?rest_route=\/wp\/v2\/posts\/1624\/revisions\/2067"}],"wp:featuredmedia":[{"embeddable":true,"href":"https:\/\/www.iessenara.es\/Revista\/index.php?rest_route=\/wp\/v2\/media\/1626"}],"wp:attachment":[{"href":"https:\/\/www.iessenara.es\/Revista\/index.php?rest_route=%2Fwp%2Fv2%2Fmedia&parent=1624"}],"wp:term":[{"taxonomy":"category","embeddable":true,"href":"https:\/\/www.iessenara.es\/Revista\/index.php?rest_route=%2Fwp%2Fv2%2Fcategories&post=1624"},{"taxonomy":"post_tag","embeddable":true,"href":"https:\/\/www.iessenara.es\/Revista\/index.php?rest_route=%2Fwp%2Fv2%2Ftags&post=1624"}],"curies":[{"name":"wp","href":"https:\/\/api.w.org\/{rel}","templated":true}]}}