{"id":1715,"date":"2019-11-08T17:54:42","date_gmt":"2019-11-08T17:54:42","guid":{"rendered":"http:\/\/www.iessenara.es\/Revista\/?p=1715"},"modified":"2019-11-08T17:54:48","modified_gmt":"2019-11-08T17:54:48","slug":"abstencion-desinteres-o-protesta","status":"publish","type":"post","link":"https:\/\/www.iessenara.es\/Revista\/?p=1715","title":{"rendered":"Abstenci\u00f3n, \u00bfdesinter\u00e9s o protesta?"},"content":{"rendered":"\n<p>A partir del <a href=\"https:\/\/elpais.com\/elpais\/2019\/09\/26\/opinion\/1569496440_267103.html\">art\u00edculo<\/a> de Juan Jos\u00e9 Mill\u00e1s, \u201cVotar o no\u201d, publicado en <em>EL PA\u00cdS SEMANAL<\/em> el 27 de septiembre de 2019, los alumnos de 2\u00ba de Bachillerato expresan sus opiniones en este foro de actualidad. Puedes expresar la tuya a\u00f1adiendo un comentario a esta entrada.<\/p>\n\n\n\n<figure class=\"wp-block-image\"><img decoding=\"async\" loading=\"lazy\" width=\"1024\" height=\"512\" src=\"http:\/\/www.iessenara.es\/Revista\/wp-content\/uploads\/2019\/11\/votar-1024x512.jpg\" alt=\"\" class=\"wp-image-1716\" srcset=\"https:\/\/www.iessenara.es\/Revista\/wp-content\/uploads\/2019\/11\/votar-1024x512.jpg 1024w, https:\/\/www.iessenara.es\/Revista\/wp-content\/uploads\/2019\/11\/votar-300x150.jpg 300w, https:\/\/www.iessenara.es\/Revista\/wp-content\/uploads\/2019\/11\/votar-768x384.jpg 768w, https:\/\/www.iessenara.es\/Revista\/wp-content\/uploads\/2019\/11\/votar.jpg 1152w\" sizes=\"(max-width: 1024px) 100vw, 1024px\" \/><\/figure>\n\n\n\n<h4>Por Juan Ramos Mateos, 2\u00ba Bachillerato<\/h4>\n\n\n\n<p><em>En menos de cuatro a\u00f1os los espa\u00f1oles, entre elecciones generales,\nmunicipales, auton\u00f3micas y europeas, han votado cinco veces. <\/em><\/p>\n\n\n\n<p><em>Durante este periodo en Espa\u00f1a ha habido un cambio pol\u00edtico, hemos\npasado de un sistema bipartidista o un sistema pluripartidista, abri\u00e9ndose un\nnuevo tiempo en el que la ausencia de grandes mayor\u00edas va a requerir de\nconsensos pol\u00edticos. \u00bfLa clase pol\u00edtica actual est\u00e1 preparadas para llegar a\nacuerdos? Como hemos visto, no lo est\u00e1n. Su irresponsabilidad y sus egos\npersonales nos han llevado a repeticiones de elecciones constantes.<\/em><\/p>\n\n\n\n<p><em>Entiendo que muchas personas el 10 N hayan decidido abstenerse como\nforma de rechazo hacia los pol\u00edticos, pero no es la mejor opci\u00f3n, ya que si te\nabstienes lo que suceder\u00e1 es que suban los extremos. Porque cuando el centro\nvota, las consecuencias son la moderaci\u00f3n y el di\u00e1logo.<\/em><\/p>\n\n\n\n<p><em>Por eso el 10 N es importante que la gente de centro moderado no se\ndecante por la abstenci\u00f3n, esto facilitar\u00e1 un gobierno moderado que no dependa\nde nacionalistas ni de populistas. <\/em><\/p>\n\n\n\n<h4>Por Blanca Palomero Carrasco, 2\u00ba\nBachillerato<\/h4>\n\n\n\n<p><em>En la actualidad, el hecho de no ir a votar es desinter\u00e9s. La\nabstenci\u00f3n es tan elevada, porque la sociedad no cree en los valores personales\nde los pol\u00edticos, en los partidos y en la pol\u00edtica en general. Esto se debe a\nque muchos pol\u00edticos no cumplen con lo prometido y se interesan m\u00e1s por el\npoder y por ellos mismos que por el bien com\u00fan. Adem\u00e1s son incapaces de\ndialogar entre ellos para llegar a acuerdos. <\/em><\/p>\n\n\n\n<p><em>Por otro lado, los medios de comunicaci\u00f3n est\u00e1n muy influidos por la\nideolog\u00eda, ya que a veces no quieren o no pueden trasmitir la realidad a la\nciudadan\u00eda. Otro motivo importante del desinter\u00e9s es la corrupci\u00f3n.<\/em><\/p>\n\n\n\n<p><em>Sin embargo, la pol\u00edtica es necesaria e imprescindible para arbitrar\nlas ideas y los intereses contrapuestos de la sociedad. Al abstenerse no se\npuede protestar por la actuaci\u00f3n de un gobierno. El d\u00eda de las elecciones se\nelige a quienes van a decidir sobre temas fundamentales como la econom\u00eda, la\nsanidad o la educaci\u00f3n. De ah\u00ed la importancia de ejercer el derecho al voto. <\/em><\/p>\n\n\n\n<h4>Por Alicia Mart\u00edn Pav\u00f3n, 2\u00ba de\nBachillerato<\/h4>\n\n\n\n<p><em>La abstenci\u00f3n es una opci\u00f3n que actualmente existe en el sistema\ndemocr\u00e1tico. Hay gente que lo ve como desinter\u00e9s, pereza por ir a votar. Otros,\nen cambio, piensan que es un m\u00e9todo de protesta por estar en desacuerdo con el\nsistema, por no estar de acuerdo con ning\u00fan partido pol\u00edtico o por otras muchas\nrazones. <\/em><\/p>\n\n\n\n<p><em>En mi opini\u00f3n, la abstenci\u00f3n es una demostraci\u00f3n de desinter\u00e9s. Todas\nlas personas mayores de dieciocho a\u00f1os deber\u00edan ejercer el derecho al voto, ya\nque lo que est\u00e1n eligiendo es el futuro del propio pa\u00eds. Si no votas y\nfinalmente gana un partido que no es de tu agrado, te arrepentir\u00e1s de haberte\nabstenido. Uno voto no modifica el resultado final, pero si es el voto de\nmuchos, el resultado s\u00ed podr\u00eda ser diferente.<\/em><\/p>\n\n\n\n<p><em>Por \u00faltimo, si todos ejercen su derecho a voto, los resultados\nreflejar\u00e1n m\u00e1s fielmente lo que realmente quieren los espa\u00f1oles para su pa\u00eds. <\/em><\/p>\n\n\n\n<h4>Por Daniel Paradinas Bl\u00e1zquez, 2\u00ba\nBachillerato<\/h4>\n\n\n\n<p><em>En las pasadas elecciones de abril hubo un total de 8.137.153\nabstenciones, seg\u00fan los datos publicados por el peri\u00f3dico La Vanguardia.\nEsto supone un porcentaje muy alto de personas que no han votado, bien puede\nser por desinter\u00e9s o por tratar de protestar contra el gobierno. <\/em><\/p>\n\n\n\n<p><em>La inmensa mayor\u00eda de pol\u00edticos y partidos tratan de convencernos para\nque les votemos, exponiendo argumentos para declarar que su partido es mejor\nque otro. La mayor parte de la gente se f\u00eda de las propuestas de cada partido\npara votar al que le parece mejor. Sin embargo, otras tantas personas prefieren\nno atender a esto, ya que seguramente a la hora de la verdad les resulta\nindiferente una ideolog\u00eda u otra, as\u00ed que prefieren no votar, pensando que es\nperder el tiempo. <\/em><\/p>\n\n\n\n<p><em>En mi opini\u00f3n, las abstenciones se deben en su mayor\u00eda a desinter\u00e9s,\nporque para protestar contra el gobierno deben hacerse cosas m\u00e1s notorias y\nsignificativas, es decir, manifestaciones&nbsp;\no huelgas&nbsp; ontra \u201cesto o lo otro\u201d,\npuesto que causan mayor impacto y la gente se conciencia m\u00e1s por una determinada\ncausa. <\/em><\/p>\n\n\n\n<h4>Por Selena Gonz\u00e1lez Romero, 2\u00ba\nBachillerato<\/h4>\n\n\n\n<p><em>Muchas personas utilizan la abstenci\u00f3n como una protesta por el\nhartazgo con la clase pol\u00edtica. Esto es una manera de hacerles saber que est\u00e1n\nrealizando una mala gesti\u00f3n y la poblaci\u00f3n est\u00e1 descontenta. Adem\u00e1s, muchas\npersonas se abstienen porque piensan que no van a solucionar nada con su voto,\nporque al votar no decides nada, solo das pie a que terceras personas tomen las\ndecisiones por ti. Esta opci\u00f3n no hace que los resultados electorales cambien,\npero s\u00ed hace que haya menor n\u00famero de votos y que el parlamento que salga sea\nmenos representativo. <\/em><\/p>\n\n\n\n<p><em>Hay personas que no van a votar por el hecho de tener que cambiar de\npartido pol\u00edtico, porque aunque s\u00ed es de su ideolog\u00eda, no cumple con las\nexpectativas creadas. Otros no votan porque no hay ning\u00fan partido que le\nconvenza del todo.<\/em><\/p>\n\n\n\n<p><em>En conclusi\u00f3n, si no est\u00e1s de acuerdo con ning\u00fan partido pol\u00edtico o\nest\u00e1s cansado de que ninguno cumpla con sus propuestas, la mejor manera de\nprotestar es la abstenci\u00f3n.<\/em><\/p>\n\n\n\n<h4>Por Roberto Santiago Barrios, 2\u00ba\nBachillerato<\/h4>\n\n\n\n<p><em>En un momento tan crucial como el que vivimos hoy en d\u00eda, es normal que\nnos pueda asaltar la duda de si el abstenernos a la hora de votar se\ninterpretar\u00e1 como una forma de protesta hacia los gobernantes, o por el contrario,\npodr\u00e1 ser interpretado como un completo desinter\u00e9s a la hora de ejercer un\nderecho fundamental de los pa\u00edses democr\u00e1ticos.<\/em><\/p>\n\n\n\n<p><em>A mi modo de ver, la abstenci\u00f3n, secundada por una parte significativa\nde los ciudadanos, es solo un s\u00edntoma de protesta de estos, quienes, cansados\nde la inoperancia e incapacidad de las fuerzas pol\u00edticas para llegar a\nacuerdos, huyen de las urnas, por el mismo motivo que un rat\u00f3n reh\u00faye de una\nratonera, porque sabe que el queso expuesto en ella acabar\u00e1 por matarlo.<\/em><\/p>\n\n\n\n<p><em>El hartazgo de los ciudadanos no se debe solo al descontento con los\npol\u00edticos, sino tambi\u00e9n por el ego, expuesto en todas y cada una de las figuras\nde los l\u00edderes y el omnipresente y elevado derroche de fondos p\u00fablicos.<\/em><\/p>\n\n\n\n<p><em>El votante espa\u00f1ol empu\u00f1a la \u00faltima arma con la que cuenta, la\nabstenci\u00f3n, para enfrentarse a todas las organizaciones pol\u00edticas que,\nrespaldadas por los colosales poderes del Estado, hacen y deshacen a su antojo,\ncontrolando y disponiendo del dinero de todos para sus propios fines personales.<\/em><\/p>\n\n\n\n<p><em>Pero no nos enga\u00f1emos, nada podemos hacer ante este despilfarro\nilimitado, \u201cellos\u201d siempre encontrar\u00e1n la manera de coger el queso sin pisar la\nratonera. Dicho esto, solo nos cabe esperar el 10 N para comprobarlo, si\nnuestras armas han hecho mella en su conciencia o simplemente eran de fogueo.<\/em><\/p>\n","protected":false},"excerpt":{"rendered":"<p>A partir del art\u00edculo de Juan Jos\u00e9 Mill\u00e1s, \u201cVotar o no\u201d, publicado en EL PA\u00cdS SEMANAL el 27 de septiembre de 2019, los alumnos de 2\u00ba de Bachillerato expresan sus opiniones en este foro&#46;&#46;&#46;<\/p>\n","protected":false},"author":3,"featured_media":1716,"comment_status":"open","ping_status":"open","sticky":false,"template":"","format":"standard","meta":{"jetpack_post_was_ever_published":false,"jetpack_publicize_message":"","jetpack_is_tweetstorm":false,"jetpack_publicize_feature_enabled":true,"jetpack_social_options":[]},"categories":[10,8],"tags":[160,163,28,162,161],"jetpack_publicize_connections":[],"jetpack_featured_media_url":"https:\/\/www.iessenara.es\/Revista\/wp-content\/uploads\/2019\/11\/votar.jpg","jetpack_sharing_enabled":true,"jetpack_shortlink":"https:\/\/wp.me\/p5mbkp-rF","_links":{"self":[{"href":"https:\/\/www.iessenara.es\/Revista\/index.php?rest_route=\/wp\/v2\/posts\/1715"}],"collection":[{"href":"https:\/\/www.iessenara.es\/Revista\/index.php?rest_route=\/wp\/v2\/posts"}],"about":[{"href":"https:\/\/www.iessenara.es\/Revista\/index.php?rest_route=\/wp\/v2\/types\/post"}],"author":[{"embeddable":true,"href":"https:\/\/www.iessenara.es\/Revista\/index.php?rest_route=\/wp\/v2\/users\/3"}],"replies":[{"embeddable":true,"href":"https:\/\/www.iessenara.es\/Revista\/index.php?rest_route=%2Fwp%2Fv2%2Fcomments&post=1715"}],"version-history":[{"count":1,"href":"https:\/\/www.iessenara.es\/Revista\/index.php?rest_route=\/wp\/v2\/posts\/1715\/revisions"}],"predecessor-version":[{"id":1717,"href":"https:\/\/www.iessenara.es\/Revista\/index.php?rest_route=\/wp\/v2\/posts\/1715\/revisions\/1717"}],"wp:featuredmedia":[{"embeddable":true,"href":"https:\/\/www.iessenara.es\/Revista\/index.php?rest_route=\/wp\/v2\/media\/1716"}],"wp:attachment":[{"href":"https:\/\/www.iessenara.es\/Revista\/index.php?rest_route=%2Fwp%2Fv2%2Fmedia&parent=1715"}],"wp:term":[{"taxonomy":"category","embeddable":true,"href":"https:\/\/www.iessenara.es\/Revista\/index.php?rest_route=%2Fwp%2Fv2%2Fcategories&post=1715"},{"taxonomy":"post_tag","embeddable":true,"href":"https:\/\/www.iessenara.es\/Revista\/index.php?rest_route=%2Fwp%2Fv2%2Ftags&post=1715"}],"curies":[{"name":"wp","href":"https:\/\/api.w.org\/{rel}","templated":true}]}}