{"id":1721,"date":"2019-11-20T18:40:21","date_gmt":"2019-11-20T18:40:21","guid":{"rendered":"http:\/\/www.iessenara.es\/Revista\/?p=1721"},"modified":"2019-11-20T18:40:27","modified_gmt":"2019-11-20T18:40:27","slug":"estan-los-politicos-a-la-altura-de-la-ciudadania","status":"publish","type":"post","link":"https:\/\/www.iessenara.es\/Revista\/?p=1721","title":{"rendered":"\u00bfEst\u00e1n los pol\u00edticos a la altura de la ciudadan\u00eda?"},"content":{"rendered":"\n<h3>Opiniones a partir del art\u00edculo <em>Descr\u00e9dito <\/em>de Manuel Vicent<\/h3>\n\n\n\n<p> A partir del <a href=\"https:\/\/elpais.com\/elpais\/2018\/01\/12\/opinion\/1515760183_830431.html\">art\u00edculo<\/a> de Manuel Vicent, \u201cDescr\u00e9dito\u201d, publicado en <em>EL PA\u00cdS <\/em>el 18 de enero de 2018, los alumnos de 2\u00ba de Bachillerato expresan sus opiniones en este foro de actualidad. Puedes expresar la tuya a\u00f1adiendo un comentario a esta entrada. <\/p>\n\n\n\n<figure class=\"wp-block-image\"><img decoding=\"async\" loading=\"lazy\" width=\"1024\" height=\"579\" src=\"http:\/\/www.iessenara.es\/Revista\/wp-content\/uploads\/2019\/11\/congreso-1024x579.jpg\" alt=\"\" class=\"wp-image-1723\" srcset=\"https:\/\/www.iessenara.es\/Revista\/wp-content\/uploads\/2019\/11\/congreso-1024x579.jpg 1024w, https:\/\/www.iessenara.es\/Revista\/wp-content\/uploads\/2019\/11\/congreso-300x170.jpg 300w, https:\/\/www.iessenara.es\/Revista\/wp-content\/uploads\/2019\/11\/congreso-768x434.jpg 768w, https:\/\/www.iessenara.es\/Revista\/wp-content\/uploads\/2019\/11\/congreso.jpg 1960w\" sizes=\"(max-width: 1024px) 100vw, 1024px\" \/><\/figure>\n\n\n\n<h4>Por \u00c1lvaro Miguel Mart\u00edn<\/h4>\n\n\n\n<p><em>La clase pol\u00edtica espa\u00f1ola no est\u00e1 ni mucho menos a la altura de la\nciudadan\u00eda. Ahora mismo se encuentra estancada, donde pol\u00edticos, sin ideas,\npiensan en c\u00f3mo reducir o parar la crisis que se avecina.<\/em><\/p>\n\n\n\n<p><em>Todo lo que est\u00e1 viviendo Espa\u00f1a, un pa\u00eds que se encuentra al borde de\nun conflicto civil en Catalu\u00f1a, se debe al enorme fracaso de la clase pol\u00edtica,\nya que ha sido incapaz de unir a los espa\u00f1oles y generar ilusiones. <\/em><\/p>\n\n\n\n<p><em>El \u00fanico camino que debe seguir Espa\u00f1a es la regeneraci\u00f3n para\nrecuperar ilusiones y metas comunes. Es la hora de tomar conciencia del momento\nhist\u00f3rico que nuestro pa\u00eds vive y pasar de la estrategia a la acci\u00f3n. En\ndefinitiva, toca exigir a la clase pol\u00edtica estar a la altura de los ciudadanos\ny, en caso de no conseguirlo, pedirles que dejen paso a otras personas capaces\nde liderar. <\/em><\/p>\n\n\n\n<h4>Por Bel\u00e9n Barrios Vaquero<\/h4>\n\n\n\n<p><em>El panorama pol\u00edtico espa\u00f1ol en la actualidad presenta gran\ninestabilidad y controversia. Los pol\u00edticos generalmente anteponen sus\nintereses a los de la poblaci\u00f3n, cuando se deber\u00eda tener m\u00e1s en cuenta las\nnecesidades que esta presenta.<\/em><\/p>\n\n\n\n<p><em>Por esta raz\u00f3n, la clase pol\u00edtica no se encuentra a la altura de la\nciudadan\u00eda y cada vez con m\u00e1s frecuencia la poblaci\u00f3n est\u00e1 mostrando rechazo y descontento\nhacia las formas de gobierno y sus representantes. El papel que desempe\u00f1an los\ngobernantes en la evoluci\u00f3n y organizaci\u00f3n de un pa\u00eds deber\u00eda ir orientado a la\nconsecuci\u00f3n de una sociedad en la que los ciudadanos se sientan parte de ella, se\ntengan en cuenta sus opiniones y preferencias y en la se respeten sus derechos\ny libertades. <\/em><\/p>\n\n\n\n<p><em>De esta forma, los pol\u00edticos deben orientar sus acciones para\nencaminarlas a alcanzar el bien com\u00fan del pa\u00eds sobre el que gobiernan.<\/em><\/p>\n\n\n\n<h4>Por Alicia Mart\u00edn Pav\u00f3n<\/h4>\n\n\n\n<p><em>La clase pol\u00edtica actual est\u00e1 m\u00e1s formada en su \u00e1mbito de lo que se\npod\u00eda estar anteriormente, pero por lo visto, no por ello est\u00e1n m\u00e1s capacitados\npara desempe\u00f1ar sus cargos. En estos momentos todos los pol\u00edticos buscan su\npropio beneficio y tambi\u00e9n buscan perjudicar a otros partidos de ideolog\u00edas\ndiferentes a las suyas, en lugar de pensar en el bien com\u00fan y, sobre todo,\npensar en el bien de los ciudadanos que van a gobernar. Estos pol\u00edticos\nprometen muchas propuestas en sus programas electorales para conseguir los\nvotos de los espa\u00f1oles, pero una vez llegan al poder no cumplen todo lo que\nhab\u00edan prometido y, cuando se ven all\u00ed arriba, comienzan a dejarse llevar por\nla avaricia, dando lugar a la corrupci\u00f3n de la que ning\u00fan partido se encuentra\nlibre. <\/em><\/p>\n\n\n\n<p><em>En resumen, creo que la clase pol\u00edtica actual deber\u00eda esforzarse m\u00e1s\npor tener contentos a los ciudadanos, en la medida de lo posible, claro.<\/em><\/p>\n\n\n\n<h4>Por Selena Gonz\u00e1lez Romero<\/h4>\n\n\n\n<p><em>Hoy en d\u00eda la clase pol\u00edtica est\u00e1 claramente desprestigiada y la\nciudadan\u00eda considera que los pol\u00edticos no est\u00e1n a la altura de la democracia.\nTenemos unos pol\u00edticos mediocres, sin ideas y sin ganas de hacer nada para\ncambiar las cosas. El descr\u00e9dito de los pol\u00edticos se ha ido acelerando en los\n\u00faltimos diez a\u00f1os; solo la aparici\u00f3n de nuevos partidos ha permitido parar la\nca\u00edda. Los pol\u00edticos de nuestros d\u00edas est\u00e1n faltos de un proyecto pol\u00edtico\nnacional y, sobre todo, popular, como de un relato coherente que explique d\u00f3nde\nestamos y hacia d\u00f3nde hemos de ir. <\/em><\/p>\n\n\n\n<h4>Por Roberto Santiago Ramos<\/h4>\n\n\n\n<p><em>Ante la pregunta de si tenemos los pol\u00edticos que nos merecemos,\nsimult\u00e1neamente surge otra de mayor relevancia e igual calado: \u00bfcumplen los\npol\u00edticos las funciones que tienen asignadas, respecto a sus elevados salarios?<\/em><\/p>\n\n\n\n<p><em>En mi opini\u00f3n la respuesta es rotundamente no. Solamente hay que echar\nla vista atr\u00e1s, para comprobar la necesidad de nuestra clase pol\u00edtica de\nconvocar tres procesos electorales, para llegar a una serie de acuerdos que\nhabr\u00edan sido posibles sin gastar, nada m\u00e1s y nada menos, que ciento setenta\nmillones de euros, siempre con la sombra del ya conocido despilfarro a costa\ndel contribuyente. <\/em><\/p>\n\n\n\n<p><em>Bien es sabido que cualquier tiempo pasado casi siempre fue mejor. \u00bfDe\nveras alguien puede imaginarse un pacto entre Unidas Podemos y Vox por el bien\nde Espa\u00f1a? Pues aunque a algunos les pueda parecer mentira, hubo un tiempo, en\nun reino para nosotros ahora muy lejano, en que para salir de un largo periodo\nde tinieblas y terror, un grupo de hombres de Estado, seres mitol\u00f3gicos all\u00e1\ndonde los haya, consiguieron no sin dificultades limar asperezas y lograr un\nbien com\u00fan en beneficio de los ciudadanos de ese reino. Gracias a ellos y al\nesfuerzo de un rey consiguieron para todos y cada uno el derecho de ser\nconsiderados ciudadanos del reino.<\/em><\/p>\n\n\n\n<p><em>Aunque para ello un rat\u00f3n comunista y un gato muy derechista, en otro\ntiempo enemistados y muy diferentes en cuanto a lo que a ideas se refiere, se\ntuvieran que sentar juntos para ayudar al reino y a sus ciudadanos a salir de\nla l\u00fagubre historia, en la que hab\u00edan estado sumidos durante m\u00e1s de cuarenta\na\u00f1os.<\/em><\/p>\n\n\n\n<p><em>Para aquellos que no lo sepan, aquel reino construido desde las\ntinieblas es este que hoy llamamos Espa\u00f1a. En aquellos a\u00f1os nuestro pa\u00eds\nenfilaba el camino de la transici\u00f3n para convertirse en una democracia, tras\nm\u00e1s de cuarenta a\u00f1os sumidos en una dictadura, resultado de una cruenta Guerra\nCivil, en la que todos los espa\u00f1oles se vieron sumidos. <\/em><\/p>\n\n\n\n<p><em>Aquella generaci\u00f3n de hombres de Estado, con nombres tan c\u00e9lebres como\nAdolfo Su\u00e1rez, Torcuato Fern\u00e1ndez Miranda, Felipe Gonz\u00e1lez, Miguel Roca,\npasando por el rat\u00f3n de nuestra historia, Santiago Carrillo, o el gato, Manuel\nFraga, supieron encontrar una posici\u00f3n com\u00fan en todo aquello que les un\u00eda\nfrente a lo que les separaba.<\/em><\/p>\n\n\n\n<p><em>Aunque parezca mentira, cuarenta a\u00f1os despu\u00e9s de aquello, encontramos\nque hoy en d\u00eda solo vale lo que separa a nuestros pol\u00edticos, no lo que les une:\nun proyecto com\u00fan para ellos, que deber\u00eda ser Espa\u00f1a. A\u00f1orar el pasado y\nlamentarse no sirve de nada, mucho me temo que mientras ellos sigan cobrando\nsus salarios y fracturando a la sociedad, nos adentraremos de nuevo en las\ntinieblas. Puede que esta vez s\u00ed, el viaje sea de no retorno.<\/em><\/p>\n\n\n\n<h4>Rafael Garc\u00eda Monsalvo<\/h4>\n\n\n\n<p><em>La pol\u00edtica espa\u00f1ola est\u00e1 viviendo malos momentos. Nuestros pol\u00edticos\nno son capaces de llegar a un acuerdo para gobernar el pa\u00eds. Hace a\u00f1os este\nproblema no lo ten\u00edan los ciudadanos, ya que exist\u00edan muchos menos partidos y\nlos gobernantes eran capaces de dialogar para llegar a un acuerdo de\ngobernabilidad. Ahora nuestros partidos pol\u00edticos no se preocupan por la\nsituaci\u00f3n de los ciudadanos, sino que solo les importa su inter\u00e9s. Parece que han\nolvidado los asuntos importantes: econom\u00eda, sanidad, educaci\u00f3n, bienestar\nsocial\u2026<\/em><\/p>\n\n\n\n<p><em>Este abandono hace que los ciudadanos est\u00e9n m\u00e1s cansados de la pol\u00edtica\ny no ven a ninguno de los candidatos aptos para dirigir un pa\u00eds, porque \u00bfde\nverdad eran necesarias otras elecciones?<\/em><\/p>\n\n\n\n<h4>Daniel Paradinas Bl\u00e1zquez<\/h4>\n\n\n\n<p><em>Despu\u00e9s de tantas elecciones en un periodo corto de tiempo, uno se\nplantea el por qu\u00e9 no surte efecto un pacto de gobierno a la primera, cuando\nnormalmente podr\u00eda ser as\u00ed.<\/em><\/p>\n\n\n\n<p><em>Desde mi punto de vista, Espa\u00f1a no es un pa\u00eds f\u00e1cil de gobernar, pues\ntiene retos muy complicados que ha de resolver. La gente vota al partido que\ncree capaz de enfrentarse a los grandes problemas; sin embargo, a la hora de\ngobernar (si hay gobierno estable) se limita a resolver minucias y revestirlas\nde grandes \u00e9xitos para dar prestigio tanto al l\u00edder como al partido. La clase\npol\u00edtica olvida que han de centrar su atenci\u00f3n en los problemas prioritarios.\nEsta falta de atenci\u00f3n a lo importante puede deberse o bien a la dificultad de\n\u201clidiar\u201d con los graves problemas de Espa\u00f1a, o bien a la mediocridad de unos\npol\u00edticos para estar al frente de nuestro pa\u00eds.<\/em><\/p>\n","protected":false},"excerpt":{"rendered":"<p>Opiniones a partir del art\u00edculo Descr\u00e9dito de Manuel Vicent A partir del art\u00edculo de Manuel Vicent, \u201cDescr\u00e9dito\u201d, publicado en EL PA\u00cdS el 18 de enero de 2018, los alumnos de 2\u00ba de Bachillerato expresan&#46;&#46;&#46;<\/p>\n","protected":false},"author":3,"featured_media":1723,"comment_status":"open","ping_status":"open","sticky":false,"template":"","format":"standard","meta":{"jetpack_post_was_ever_published":false,"jetpack_publicize_message":"","jetpack_is_tweetstorm":false,"jetpack_publicize_feature_enabled":true,"jetpack_social_options":[]},"categories":[10],"tags":[164,100,28],"jetpack_publicize_connections":[],"jetpack_featured_media_url":"https:\/\/www.iessenara.es\/Revista\/wp-content\/uploads\/2019\/11\/congreso.jpg","jetpack_sharing_enabled":true,"jetpack_shortlink":"https:\/\/wp.me\/p5mbkp-rL","_links":{"self":[{"href":"https:\/\/www.iessenara.es\/Revista\/index.php?rest_route=\/wp\/v2\/posts\/1721"}],"collection":[{"href":"https:\/\/www.iessenara.es\/Revista\/index.php?rest_route=\/wp\/v2\/posts"}],"about":[{"href":"https:\/\/www.iessenara.es\/Revista\/index.php?rest_route=\/wp\/v2\/types\/post"}],"author":[{"embeddable":true,"href":"https:\/\/www.iessenara.es\/Revista\/index.php?rest_route=\/wp\/v2\/users\/3"}],"replies":[{"embeddable":true,"href":"https:\/\/www.iessenara.es\/Revista\/index.php?rest_route=%2Fwp%2Fv2%2Fcomments&post=1721"}],"version-history":[{"count":4,"href":"https:\/\/www.iessenara.es\/Revista\/index.php?rest_route=\/wp\/v2\/posts\/1721\/revisions"}],"predecessor-version":[{"id":1726,"href":"https:\/\/www.iessenara.es\/Revista\/index.php?rest_route=\/wp\/v2\/posts\/1721\/revisions\/1726"}],"wp:featuredmedia":[{"embeddable":true,"href":"https:\/\/www.iessenara.es\/Revista\/index.php?rest_route=\/wp\/v2\/media\/1723"}],"wp:attachment":[{"href":"https:\/\/www.iessenara.es\/Revista\/index.php?rest_route=%2Fwp%2Fv2%2Fmedia&parent=1721"}],"wp:term":[{"taxonomy":"category","embeddable":true,"href":"https:\/\/www.iessenara.es\/Revista\/index.php?rest_route=%2Fwp%2Fv2%2Fcategories&post=1721"},{"taxonomy":"post_tag","embeddable":true,"href":"https:\/\/www.iessenara.es\/Revista\/index.php?rest_route=%2Fwp%2Fv2%2Ftags&post=1721"}],"curies":[{"name":"wp","href":"https:\/\/api.w.org\/{rel}","templated":true}]}}