{"id":1727,"date":"2019-11-20T19:37:36","date_gmt":"2019-11-20T19:37:36","guid":{"rendered":"http:\/\/www.iessenara.es\/Revista\/?p=1727"},"modified":"2020-10-04T16:23:35","modified_gmt":"2020-10-04T16:23:35","slug":"excursion-a-la-villa-romana-de-almenara-y-al-museo-de-valladolid","status":"publish","type":"post","link":"https:\/\/www.iessenara.es\/Revista\/?p=1727","title":{"rendered":"Excursi\u00f3n a la Villa Romana de Almenara y al Museo de Valladolid"},"content":{"rendered":"\n<p>IN\u00c9S DO CARMO CORREIA CAROLO y HUGO GONZ\u00c1LEZ GONZ\u00c1LEZ. Cultura Cl\u00e1sica 4.\u00ba ESO A<\/p>\n\n\n\n<p>El 14 de noviembre los alumnos de Cultura Cl\u00e1sica y de Lat\u00edn de 4.\u00ba de ESO y de Lat\u00edn de 1.\u00ba de Bachillerato visitamos la Villa Romana de Almenara-Puras y el Museo de Valladolid. Aunque llovi\u00f3 un poco e hizo fr\u00edo, nos lo pasamos genial y aprendimos mucho.<\/p>\n\n\n\n<h4>Villa Romana de Almenara-Puras<\/h4>\n\n\n\n<figure class=\"wp-block-image\"><img decoding=\"async\" loading=\"lazy\" width=\"1024\" height=\"576\" src=\"http:\/\/www.iessenara.es\/Revista\/wp-content\/uploads\/2019\/11\/Almenara-Valladolid-8-1024x576.jpeg\" alt=\"\" class=\"wp-image-1731\" srcset=\"https:\/\/www.iessenara.es\/Revista\/wp-content\/uploads\/2019\/11\/Almenara-Valladolid-8-1024x576.jpeg 1024w, https:\/\/www.iessenara.es\/Revista\/wp-content\/uploads\/2019\/11\/Almenara-Valladolid-8-300x169.jpeg 300w, https:\/\/www.iessenara.es\/Revista\/wp-content\/uploads\/2019\/11\/Almenara-Valladolid-8-768x432.jpeg 768w, https:\/\/www.iessenara.es\/Revista\/wp-content\/uploads\/2019\/11\/Almenara-Valladolid-8.jpeg 2048w\" sizes=\"(max-width: 1024px) 100vw, 1024px\" \/><\/figure>\n\n\n\n<p>El Museo de las Villas Romanas de Almenara es un conjunto muse\u00edstico formado por dos edificios. El primero son los restos recuperados de una mansi\u00f3n o palacio de una familia adinerada; en ella se encuentran las termas, patios interiores y pueden diferenciarse dos zonas, una para las personas que trabajaban all\u00ed, con cocina, despensa y habitaciones con suelo de mortero, y otra para la familia, con comedor, salones, habitaciones pavimentadas con mosaico, etc.<\/p>\n\n\n\n<figure class=\"wp-block-image\"><img decoding=\"async\" loading=\"lazy\" width=\"1024\" height=\"576\" src=\"http:\/\/www.iessenara.es\/Revista\/wp-content\/uploads\/2019\/11\/Almenara-Valladolid-4-1024x576.jpeg\" alt=\"\" class=\"wp-image-1729\" srcset=\"https:\/\/www.iessenara.es\/Revista\/wp-content\/uploads\/2019\/11\/Almenara-Valladolid-4-1024x576.jpeg 1024w, https:\/\/www.iessenara.es\/Revista\/wp-content\/uploads\/2019\/11\/Almenara-Valladolid-4-300x169.jpeg 300w, https:\/\/www.iessenara.es\/Revista\/wp-content\/uploads\/2019\/11\/Almenara-Valladolid-4-768x432.jpeg 768w, https:\/\/www.iessenara.es\/Revista\/wp-content\/uploads\/2019\/11\/Almenara-Valladolid-4.jpeg 2048w\" sizes=\"(max-width: 1024px) 100vw, 1024px\" \/><\/figure>\n\n\n\n<p>No muy lejos de esta villa estaba el r\u00edo Adaja, de donde pod\u00edan sacar agua o utilizarla para las tierras de cultivo o alimentar el ganado. En esta casa se\u00f1orial se encuentra uno de los mosaicos m\u00e1s importantes, el del ba\u00f1o de Pegaso, en el sal\u00f3n desde donde el se\u00f1or contemplaba sentado toda su casa. En \u00e9l se ve a Pegaso ba\u00f1ado por dos ninfas, mientras golpea el suelo con una pata delantera de donde brota la fuente Hipocrene, a la que se ve en la parte superior junto al monte Helic\u00f3n.<\/p>\n\n\n\n<figure class=\"wp-block-image\"><img decoding=\"async\" loading=\"lazy\" width=\"1024\" height=\"576\" src=\"http:\/\/www.iessenara.es\/Revista\/wp-content\/uploads\/2019\/11\/Almenara-Valladolid-1-1024x576.jpeg\" alt=\"\" class=\"wp-image-1732\" srcset=\"https:\/\/www.iessenara.es\/Revista\/wp-content\/uploads\/2019\/11\/Almenara-Valladolid-1-1024x576.jpeg 1024w, https:\/\/www.iessenara.es\/Revista\/wp-content\/uploads\/2019\/11\/Almenara-Valladolid-1-300x169.jpeg 300w, https:\/\/www.iessenara.es\/Revista\/wp-content\/uploads\/2019\/11\/Almenara-Valladolid-1-768x432.jpeg 768w, https:\/\/www.iessenara.es\/Revista\/wp-content\/uploads\/2019\/11\/Almenara-Valladolid-1.jpeg 2048w\" sizes=\"(max-width: 1024px) 100vw, 1024px\" \/><\/figure>\n\n\n\n<p>El otro edificio es una maqueta a gran escala de lo que ser\u00eda una villa romana de los siglos III-IV d. C. Una villa era una explotaci\u00f3n agropecuaria autosuficiente, rodeada de parcelas, para os cultivos y para que el ganado paste, que suele ubicarse cerca de una fuente de agua, un bosque del que obtener madera y caza y que est\u00e9 bien comunicada mediante una calzada.<\/p>\n\n\n\n<figure class=\"wp-block-image\"><img decoding=\"async\" loading=\"lazy\" width=\"1024\" height=\"576\" src=\"http:\/\/www.iessenara.es\/Revista\/wp-content\/uploads\/2019\/11\/Almenara-Valladolid-15-1024x576.jpeg\" alt=\"\" class=\"wp-image-1730\" srcset=\"https:\/\/www.iessenara.es\/Revista\/wp-content\/uploads\/2019\/11\/Almenara-Valladolid-15-1024x576.jpeg 1024w, https:\/\/www.iessenara.es\/Revista\/wp-content\/uploads\/2019\/11\/Almenara-Valladolid-15-300x169.jpeg 300w, https:\/\/www.iessenara.es\/Revista\/wp-content\/uploads\/2019\/11\/Almenara-Valladolid-15-768x432.jpeg 768w, https:\/\/www.iessenara.es\/Revista\/wp-content\/uploads\/2019\/11\/Almenara-Valladolid-15.jpeg 2048w\" sizes=\"(max-width: 1024px) 100vw, 1024px\" \/><\/figure>\n\n\n\n<h4>Museo de Valladolid<\/h4>\n\n\n\n<p>El Museo Arqueol\u00f3gico de Valladolid fue creado en 1879 y se\ndivide en Arqueolog\u00eda y Bellas Artes. Visitamos la secci\u00f3n de arqueolog\u00eda\nprerromana y romana. La primera sala albergaba objetos vacceos: cer\u00e1micas, herramientas\nde hierro, espadas, brazaletes y monedas. <\/p>\n\n\n\n<figure class=\"wp-block-image\"><img decoding=\"async\" loading=\"lazy\" width=\"1024\" height=\"576\" src=\"http:\/\/www.iessenara.es\/Revista\/wp-content\/uploads\/2019\/11\/Almenara-Valladolid-14-1024x576.jpeg\" alt=\"\" class=\"wp-image-1733\" srcset=\"https:\/\/www.iessenara.es\/Revista\/wp-content\/uploads\/2019\/11\/Almenara-Valladolid-14-1024x576.jpeg 1024w, https:\/\/www.iessenara.es\/Revista\/wp-content\/uploads\/2019\/11\/Almenara-Valladolid-14-300x169.jpeg 300w, https:\/\/www.iessenara.es\/Revista\/wp-content\/uploads\/2019\/11\/Almenara-Valladolid-14-768x432.jpeg 768w, https:\/\/www.iessenara.es\/Revista\/wp-content\/uploads\/2019\/11\/Almenara-Valladolid-14.jpeg 2048w\" sizes=\"(max-width: 1024px) 100vw, 1024px\" \/><\/figure>\n\n\n\n<p>En la segunda sala vimos una estatua que hab\u00eda perdido su policrom\u00eda de la diosa Isis. En la siguiente la cer\u00e1mica <em>sigillata<\/em> o sellada, con pastas m\u00e1s claras o m\u00e1s oscuras, seg\u00fan su procedencia. Aprendimos que esta cer\u00e1mica de lujo acab\u00f3 perdiendo su valor cuando el estilo de vida pas\u00f3 de urbano a rural, puesto que en las villas fabricaban sus propios utensilios. En una maqueta se explicaba el m\u00e9todo de trabajo de los arque\u00f3logos. Junto a ella un gran mosaico procedente de la Villa de Prado (Valladolid). En la \u00faltima sala que visitamos volvimos a ver la maqueta de la Villa Romana de Almenara-Puras y otro mosaico con la personificaci\u00f3n de las cuatro estaciones. Aprendimos el modo de construcci\u00f3n de un mosaico romano: no exist\u00edan dos mosaicos iguales, puesto que se dise\u00f1aban adaptados al suelo de la estancia que iban a cubrir.<\/p>\n\n\n\n<figure class=\"wp-block-image\"><img decoding=\"async\" loading=\"lazy\" width=\"576\" height=\"1024\" src=\"http:\/\/www.iessenara.es\/Revista\/wp-content\/uploads\/2019\/11\/Almenara-Valladolid-16-576x1024.jpeg\" alt=\"\" class=\"wp-image-1734\" srcset=\"https:\/\/www.iessenara.es\/Revista\/wp-content\/uploads\/2019\/11\/Almenara-Valladolid-16-576x1024.jpeg 576w, https:\/\/www.iessenara.es\/Revista\/wp-content\/uploads\/2019\/11\/Almenara-Valladolid-16-169x300.jpeg 169w, https:\/\/www.iessenara.es\/Revista\/wp-content\/uploads\/2019\/11\/Almenara-Valladolid-16-768x1365.jpeg 768w, https:\/\/www.iessenara.es\/Revista\/wp-content\/uploads\/2019\/11\/Almenara-Valladolid-16.jpeg 1152w\" sizes=\"(max-width: 576px) 100vw, 576px\" \/><\/figure>\n","protected":false},"excerpt":{"rendered":"<p>IN\u00c9S DO CARMO CORREIA CAROLO y HUGO GONZ\u00c1LEZ GONZ\u00c1LEZ. Cultura Cl\u00e1sica 4.\u00ba ESO A El 14 de noviembre los alumnos de Cultura Cl\u00e1sica y de Lat\u00edn de 4.\u00ba de ESO y de Lat\u00edn de&#46;&#46;&#46;<\/p>\n","protected":false},"author":3,"featured_media":1731,"comment_status":"open","ping_status":"open","sticky":false,"template":"","format":"standard","meta":{"jetpack_post_was_ever_published":false,"jetpack_publicize_message":"","jetpack_is_tweetstorm":false,"jetpack_publicize_feature_enabled":true,"jetpack_social_options":[]},"categories":[6,7,8],"tags":[60,53,35,36,165,32,166],"jetpack_publicize_connections":[],"jetpack_featured_media_url":"https:\/\/www.iessenara.es\/Revista\/wp-content\/uploads\/2019\/11\/Almenara-Valladolid-8.jpeg","jetpack_sharing_enabled":true,"jetpack_shortlink":"https:\/\/wp.me\/p5mbkp-rR","_links":{"self":[{"href":"https:\/\/www.iessenara.es\/Revista\/index.php?rest_route=\/wp\/v2\/posts\/1727"}],"collection":[{"href":"https:\/\/www.iessenara.es\/Revista\/index.php?rest_route=\/wp\/v2\/posts"}],"about":[{"href":"https:\/\/www.iessenara.es\/Revista\/index.php?rest_route=\/wp\/v2\/types\/post"}],"author":[{"embeddable":true,"href":"https:\/\/www.iessenara.es\/Revista\/index.php?rest_route=\/wp\/v2\/users\/3"}],"replies":[{"embeddable":true,"href":"https:\/\/www.iessenara.es\/Revista\/index.php?rest_route=%2Fwp%2Fv2%2Fcomments&post=1727"}],"version-history":[{"count":5,"href":"https:\/\/www.iessenara.es\/Revista\/index.php?rest_route=\/wp\/v2\/posts\/1727\/revisions"}],"predecessor-version":[{"id":2065,"href":"https:\/\/www.iessenara.es\/Revista\/index.php?rest_route=\/wp\/v2\/posts\/1727\/revisions\/2065"}],"wp:featuredmedia":[{"embeddable":true,"href":"https:\/\/www.iessenara.es\/Revista\/index.php?rest_route=\/wp\/v2\/media\/1731"}],"wp:attachment":[{"href":"https:\/\/www.iessenara.es\/Revista\/index.php?rest_route=%2Fwp%2Fv2%2Fmedia&parent=1727"}],"wp:term":[{"taxonomy":"category","embeddable":true,"href":"https:\/\/www.iessenara.es\/Revista\/index.php?rest_route=%2Fwp%2Fv2%2Fcategories&post=1727"},{"taxonomy":"post_tag","embeddable":true,"href":"https:\/\/www.iessenara.es\/Revista\/index.php?rest_route=%2Fwp%2Fv2%2Ftags&post=1727"}],"curies":[{"name":"wp","href":"https:\/\/api.w.org\/{rel}","templated":true}]}}