{"id":1739,"date":"2019-11-21T19:00:14","date_gmt":"2019-11-21T19:00:14","guid":{"rendered":"http:\/\/www.iessenara.es\/Revista\/?p=1739"},"modified":"2020-10-04T16:21:35","modified_gmt":"2020-10-04T16:21:35","slug":"exposicion-el-legado-romano-el-latin-y-las-lenguas-romances","status":"publish","type":"post","link":"https:\/\/www.iessenara.es\/Revista\/?p=1739","title":{"rendered":"Exposici\u00f3n \u00abEl Legado Romano: el lat\u00edn y las lenguas romances\u00bb"},"content":{"rendered":"\n<p>JOS\u00c9 FERNANDO PABLOS NAVAZO. Profesor de Lat\u00edn<\/p>\n\n\n\n<figure class=\"wp-block-image\"><img decoding=\"async\" loading=\"lazy\" width=\"1024\" height=\"576\" src=\"http:\/\/www.iessenara.es\/Revista\/wp-content\/uploads\/2019\/11\/expo-legado-latin-26-1024x576.jpg\" alt=\"\" class=\"wp-image-1740\" srcset=\"https:\/\/www.iessenara.es\/Revista\/wp-content\/uploads\/2019\/11\/expo-legado-latin-26-1024x576.jpg 1024w, https:\/\/www.iessenara.es\/Revista\/wp-content\/uploads\/2019\/11\/expo-legado-latin-26-300x169.jpg 300w, https:\/\/www.iessenara.es\/Revista\/wp-content\/uploads\/2019\/11\/expo-legado-latin-26-768x432.jpg 768w\" sizes=\"(max-width: 1024px) 100vw, 1024px\" \/><\/figure>\n\n\n\n<p>La exposici\u00f3n \u201cEl Legado Romano: el lat\u00edn y las lenguas romances\u201d, organizada por el Dpto. de Cultura Cl\u00e1sica con las alumnas de Lat\u00edn de 4.\u00ba de ESO, se muestra en la entrada del instituto desde el 21 de noviembre hasta el 13 de diciembre y es continuaci\u00f3n de la exposici\u00f3n del curso anterior \u201cEl Legado Romano: construcciones e infraestructuras\u201d.<\/p>\n\n\n\n<figure class=\"wp-block-image\"><img decoding=\"async\" loading=\"lazy\" width=\"1024\" height=\"576\" src=\"http:\/\/www.iessenara.es\/Revista\/wp-content\/uploads\/2019\/11\/expo-legado-latin-1-1024x576.jpg\" alt=\"\" class=\"wp-image-1746\" srcset=\"https:\/\/www.iessenara.es\/Revista\/wp-content\/uploads\/2019\/11\/expo-legado-latin-1-1024x576.jpg 1024w, https:\/\/www.iessenara.es\/Revista\/wp-content\/uploads\/2019\/11\/expo-legado-latin-1-300x169.jpg 300w, https:\/\/www.iessenara.es\/Revista\/wp-content\/uploads\/2019\/11\/expo-legado-latin-1-768x432.jpg 768w\" sizes=\"(max-width: 1024px) 100vw, 1024px\" \/><\/figure>\n\n\n\n<p>En ella se explica por qu\u00e9 la lengua de Roma, en principio solo una ciudad, ejerci\u00f3 una poderosa influencia en la Europa occidental, \u00c1frica del norte y las regiones del Danubio, pues fue la lengua administrativa y oficial de los territorios que iba conquistando.<\/p>\n\n\n\n<figure class=\"wp-block-image\"><img decoding=\"async\" loading=\"lazy\" width=\"1024\" height=\"576\" src=\"http:\/\/www.iessenara.es\/Revista\/wp-content\/uploads\/2019\/11\/expo-legado-latin-21-1024x576.jpg\" alt=\"\" class=\"wp-image-1745\" srcset=\"https:\/\/www.iessenara.es\/Revista\/wp-content\/uploads\/2019\/11\/expo-legado-latin-21-1024x576.jpg 1024w, https:\/\/www.iessenara.es\/Revista\/wp-content\/uploads\/2019\/11\/expo-legado-latin-21-300x169.jpg 300w, https:\/\/www.iessenara.es\/Revista\/wp-content\/uploads\/2019\/11\/expo-legado-latin-21-768x432.jpg 768w\" sizes=\"(max-width: 1024px) 100vw, 1024px\" \/><\/figure>\n\n\n\n<h4>Las lenguas indoeuropeas<\/h4>\n\n\n\n<p>La exposici\u00f3n se abre con la explicaci\u00f3n de las lenguas indoeuropeas: la mayor\u00eda de las lenguas habladas en Europa y parte de Asia poseen un origen com\u00fan. Se analizan a continuaci\u00f3n las lenguas habladas en Europa que no tienen origen indoeuropeo, profundizando en el vascuence o euskera, hablada en la pen\u00ednsula ib\u00e9rica y de origen a\u00fan desconocido.<\/p>\n\n\n\n<figure class=\"wp-block-image\"><img decoding=\"async\" loading=\"lazy\" width=\"1024\" height=\"753\" src=\"http:\/\/www.iessenara.es\/Revista\/wp-content\/uploads\/2019\/11\/expo-legado-latin-13-1024x753.jpg\" alt=\"\" class=\"wp-image-1741\" srcset=\"https:\/\/www.iessenara.es\/Revista\/wp-content\/uploads\/2019\/11\/expo-legado-latin-13-1024x753.jpg 1024w, https:\/\/www.iessenara.es\/Revista\/wp-content\/uploads\/2019\/11\/expo-legado-latin-13-300x221.jpg 300w, https:\/\/www.iessenara.es\/Revista\/wp-content\/uploads\/2019\/11\/expo-legado-latin-13-768x565.jpg 768w\" sizes=\"(max-width: 1024px) 100vw, 1024px\" \/><\/figure>\n\n\n\n<h4>Sistemas de escritura<\/h4>\n\n\n\n<p>Los sistemas de escritura encuentran su explicaci\u00f3n en el siguiente panel. Desde los sistemas pictogr\u00e1ficos e ideogr\u00e1ficos como el antiguo egipcio, el maya o el chino, hasta los silabarios, como el japon\u00e9s o el mic\u00e9nico (lineal B), hasta llegar a los alfabetos en los que cada signo representa un sonido: griego, latino, \u00e1rabe.<\/p>\n\n\n\n<figure class=\"wp-block-image\"><img decoding=\"async\" loading=\"lazy\" width=\"1024\" height=\"769\" src=\"http:\/\/www.iessenara.es\/Revista\/wp-content\/uploads\/2019\/11\/expo-legado-latin-12-1024x769.jpg\" alt=\"\" class=\"wp-image-1742\" srcset=\"https:\/\/www.iessenara.es\/Revista\/wp-content\/uploads\/2019\/11\/expo-legado-latin-12-1024x769.jpg 1024w, https:\/\/www.iessenara.es\/Revista\/wp-content\/uploads\/2019\/11\/expo-legado-latin-12-300x225.jpg 300w, https:\/\/www.iessenara.es\/Revista\/wp-content\/uploads\/2019\/11\/expo-legado-latin-12-768x577.jpg 768w\" sizes=\"(max-width: 1024px) 100vw, 1024px\" \/><\/figure>\n\n\n\n<h4>El lat\u00edn<\/h4>\n\n\n\n<p> El lat\u00edn de los ss. I a. C. y I d. C.  se convirti\u00f3 en una lengua de prestigio, gracias a autores como Cicer\u00f3n, Virgilio, Horacio o Tito Livio. Era la lengua que se ense\u00f1aba en las escuelas y que se convirti\u00f3 en una lengua de cultura, que fue utilizada durante la Edad Media y el Renacimiento. Durante los siglos XV y XVI, la mayor\u00eda de las obras de importancia se redactaron en lat\u00edn.<\/p>\n\n\n\n<p>El tr\u00e1nsito del lat\u00edn a las lenguas romances se produjo lentamente. Influyeron muchos factores, pero el principal fue que el tipo de lat\u00edn que hablaba la gente, el lat\u00edn vulgar (<em>vulgus<\/em>: \u201cpueblo\u201d) era espont\u00e1neo y libre, alejado de la lengua literaria.<\/p>\n\n\n\n<figure class=\"wp-block-image\"><img decoding=\"async\" loading=\"lazy\" width=\"1024\" height=\"710\" src=\"http:\/\/www.iessenara.es\/Revista\/wp-content\/uploads\/2019\/11\/expo-legado-latin-11-1024x710.jpg\" alt=\"\" class=\"wp-image-1743\" srcset=\"https:\/\/www.iessenara.es\/Revista\/wp-content\/uploads\/2019\/11\/expo-legado-latin-11-1024x710.jpg 1024w, https:\/\/www.iessenara.es\/Revista\/wp-content\/uploads\/2019\/11\/expo-legado-latin-11-300x208.jpg 300w, https:\/\/www.iessenara.es\/Revista\/wp-content\/uploads\/2019\/11\/expo-legado-latin-11-768x533.jpg 768w\" sizes=\"(max-width: 1024px) 100vw, 1024px\" \/><\/figure>\n\n\n\n<h4>El \u00e1rbol de las lenguas romances<\/h4>\n\n\n\n<p>La exposici\u00f3n se completa con el \u00e1rbol de las lenguas romances. El tronco com\u00fan, el lat\u00edn, se ramifica en las lenguas romances m\u00e1s relevantes: espa\u00f1ol, portugu\u00e9s, gallego, catal\u00e1n, provenzal, franc\u00e9s, italiano y rumano, de cuyas ramas cuelgan las palabras elegidas por las alumnas de Lat\u00edn: <em>pueblo, vida, amor, beso, m\u00fasica, so\u00f1ar, amistad, familia, colega, fiesta, mar, libre, escuela, madre, hermano, maestro, etc<\/em>. De una rama ajena al \u00e1rbol de las lenguas romances, el ingl\u00e9s, cuelgan las mismas palabras, todas ellas de origen latino, como muestra de la deuda de la lengua inglesa, una lengua germ\u00e1nica, con el lat\u00edn.<\/p>\n\n\n\n<figure class=\"wp-block-embed-youtube wp-block-embed is-type-video is-provider-youtube wp-embed-aspect-16-9 wp-has-aspect-ratio\"><div class=\"wp-block-embed__wrapper\">\n<div class=\"video-container\"><span class=\"embed-youtube\" style=\"text-align:center; display: block;\"><iframe loading=\"lazy\" class=\"youtube-player\" width=\"640\" height=\"360\" src=\"https:\/\/www.youtube.com\/embed\/JQIx7lxd20M?version=3&#038;rel=1&#038;showsearch=0&#038;showinfo=1&#038;iv_load_policy=1&#038;fs=1&#038;hl=es-ES&#038;autohide=2&#038;start=18&#038;wmode=transparent\" allowfullscreen=\"true\" style=\"border:0;\" sandbox=\"allow-scripts allow-same-origin allow-popups allow-presentation\"><\/iframe><\/span><\/div>\n<\/div><\/figure>\n","protected":false},"excerpt":{"rendered":"<p>JOS\u00c9 FERNANDO PABLOS NAVAZO. Profesor de Lat\u00edn La exposici\u00f3n \u201cEl Legado Romano: el lat\u00edn y las lenguas romances\u201d, organizada por el Dpto. de Cultura Cl\u00e1sica con las alumnas de Lat\u00edn de 4.\u00ba de ESO,&#46;&#46;&#46;<\/p>\n","protected":false},"author":3,"featured_media":1740,"comment_status":"open","ping_status":"open","sticky":false,"template":"","format":"standard","meta":{"jetpack_post_was_ever_published":false,"jetpack_publicize_message":"","jetpack_is_tweetstorm":false,"jetpack_publicize_feature_enabled":true,"jetpack_social_options":[]},"categories":[11,8],"tags":[60,168,169,85,167,35,36],"jetpack_publicize_connections":[],"jetpack_featured_media_url":"https:\/\/www.iessenara.es\/Revista\/wp-content\/uploads\/2019\/11\/expo-legado-latin-26.jpg","jetpack_sharing_enabled":true,"jetpack_shortlink":"https:\/\/wp.me\/p5mbkp-s3","_links":{"self":[{"href":"https:\/\/www.iessenara.es\/Revista\/index.php?rest_route=\/wp\/v2\/posts\/1739"}],"collection":[{"href":"https:\/\/www.iessenara.es\/Revista\/index.php?rest_route=\/wp\/v2\/posts"}],"about":[{"href":"https:\/\/www.iessenara.es\/Revista\/index.php?rest_route=\/wp\/v2\/types\/post"}],"author":[{"embeddable":true,"href":"https:\/\/www.iessenara.es\/Revista\/index.php?rest_route=\/wp\/v2\/users\/3"}],"replies":[{"embeddable":true,"href":"https:\/\/www.iessenara.es\/Revista\/index.php?rest_route=%2Fwp%2Fv2%2Fcomments&post=1739"}],"version-history":[{"count":4,"href":"https:\/\/www.iessenara.es\/Revista\/index.php?rest_route=\/wp\/v2\/posts\/1739\/revisions"}],"predecessor-version":[{"id":2064,"href":"https:\/\/www.iessenara.es\/Revista\/index.php?rest_route=\/wp\/v2\/posts\/1739\/revisions\/2064"}],"wp:featuredmedia":[{"embeddable":true,"href":"https:\/\/www.iessenara.es\/Revista\/index.php?rest_route=\/wp\/v2\/media\/1740"}],"wp:attachment":[{"href":"https:\/\/www.iessenara.es\/Revista\/index.php?rest_route=%2Fwp%2Fv2%2Fmedia&parent=1739"}],"wp:term":[{"taxonomy":"category","embeddable":true,"href":"https:\/\/www.iessenara.es\/Revista\/index.php?rest_route=%2Fwp%2Fv2%2Fcategories&post=1739"},{"taxonomy":"post_tag","embeddable":true,"href":"https:\/\/www.iessenara.es\/Revista\/index.php?rest_route=%2Fwp%2Fv2%2Ftags&post=1739"}],"curies":[{"name":"wp","href":"https:\/\/api.w.org\/{rel}","templated":true}]}}