{"id":1750,"date":"2019-12-09T15:54:41","date_gmt":"2019-12-09T15:54:41","guid":{"rendered":"http:\/\/www.iessenara.es\/Revista\/?p=1750"},"modified":"2019-12-10T10:28:25","modified_gmt":"2019-12-10T10:28:25","slug":"greta-tunberg-activismo-climatico-o-negocio","status":"publish","type":"post","link":"https:\/\/www.iessenara.es\/Revista\/?p=1750","title":{"rendered":"Greta Thunberg: activismo clim\u00e1tico o negocio"},"content":{"rendered":"\n<p>ROBERTO SANTIAGO BARRIOS. 2\u00ba de Bachillerato HCS. <\/p>\n\n\n\n<figure class=\"wp-block-image\"><img decoding=\"async\" loading=\"lazy\" width=\"1024\" height=\"652\" src=\"http:\/\/www.iessenara.es\/Revista\/wp-content\/uploads\/2019\/12\/thunberg-01-1024x652.jpg\" alt=\"\" class=\"wp-image-1751\" srcset=\"https:\/\/www.iessenara.es\/Revista\/wp-content\/uploads\/2019\/12\/thunberg-01-1024x652.jpg 1024w, https:\/\/www.iessenara.es\/Revista\/wp-content\/uploads\/2019\/12\/thunberg-01-300x191.jpg 300w, https:\/\/www.iessenara.es\/Revista\/wp-content\/uploads\/2019\/12\/thunberg-01-768x489.jpg 768w, https:\/\/www.iessenara.es\/Revista\/wp-content\/uploads\/2019\/12\/thunberg-01.jpg 1071w\" sizes=\"(max-width: 1024px) 100vw, 1024px\" \/><\/figure>\n\n\n\n<p>Con motivo de la Cumbre Clim\u00e1tica\ncelebrada en Madrid este mes de diciembre, la asistencia de una figura ha\nresonado por encima de muchas m\u00e1s. Puede que algunos al leer esto est\u00e9n\npensando en alg\u00fan jefe de estado o de gobierno o alg\u00fan alto cargo gubernamental,\npero no, la asistencia m\u00e1s esperada a la cumbre ha sido la de la activista\nclim\u00e1tica Greta Thunberg. Esta&nbsp;joven sueca, procedente de una familia de\nartistas dedicados al mundo del espect\u00e1culo,&nbsp;desde hace algunos meses est\u00e1\nde actualidad por sus palabras en la sede de Naciones Unidas, desde donde\nabronc\u00f3 a los l\u00edderes mundiales por su inacci\u00f3n contra el cambio clim\u00e1tico.<\/p>\n\n\n\n<p>Parapetada tras su atril y blandiendo un micr\u00f3fono, Greta comenz\u00f3 su proceso de audiencias p\u00fablicas para concienciarnos y sensibilizarnos ante nuestra actitud totalmente ego\u00edsta sobre el deterioro del planeta. Reflejada ante un mar de c\u00e1maras, Greta nos demostr\u00f3 que ella era el claro ejemplo de persona normal y corriente que hab\u00eda decidido rebelarse contra una sociedad totalmente contaminante para luchar por el planeta sin esperar nada a cambio.<\/p>\n\n\n\n<p>Al observar el revuelo causado por su llegada a la cumbre, tras un azaroso viaje por el Oc\u00e9ano Atl\u00e1ntico, realizado en el velero de un matrimonio millonario australiano, Greta ha conseguido convencernos, por lo menos a m\u00ed, de que esa no es la manera de luchar contra el cambio clim\u00e1tico.<\/p>\n\n\n\n<figure class=\"wp-block-image\"><img decoding=\"async\" loading=\"lazy\" width=\"980\" height=\"549\" src=\"http:\/\/www.iessenara.es\/Revista\/wp-content\/uploads\/2019\/12\/thunberg-03.jpg\" alt=\"\" class=\"wp-image-1752\" srcset=\"https:\/\/www.iessenara.es\/Revista\/wp-content\/uploads\/2019\/12\/thunberg-03.jpg 980w, https:\/\/www.iessenara.es\/Revista\/wp-content\/uploads\/2019\/12\/thunberg-03-300x168.jpg 300w, https:\/\/www.iessenara.es\/Revista\/wp-content\/uploads\/2019\/12\/thunberg-03-768x430.jpg 768w\" sizes=\"(max-width: 980px) 100vw, 980px\" \/><\/figure>\n\n\n\n<p>\u00bfQu\u00e9 beneficio produce para el medio\nambiente el hecho de que, para evitar tomar un avi\u00f3n, usado como medio de\ntransporte para personas dedicadas a actividades laborales, se cruce el Atl\u00e1ntico\nen un velero?<\/p>\n\n\n\n<p>Yo mismo lo contestar\u00e9: ninguno. El problema no son las emisiones de los aviones en los que viajan hacinados turistas y trabajadores, sino la hipocres\u00eda que rodea la figura de esta joven activista.<\/p>\n\n\n\n<p>De qu\u00e9 sirve que ella no contamine evitando el avi\u00f3n, si los periodistas que siguen su trayectoria son suficientes para llenar varias aeronaves. \u00bfCu\u00e1ntas personas tienen la posibilidad de cruzar el Atl\u00e1ntico en un velero, teniendo en cuenta los salarios medios en Europa?<\/p>\n\n\n\n<p>Teniendo en cuenta esto, solo cabe preguntarnos qu\u00e9 m\u00e9ritos puede haber contra\u00eddo una joven de 16 a\u00f1os, para erigirse como s\u00edmbolo contra el cambio clim\u00e1tico; qu\u00e9 han hecho algunos actores o <em>celebrities<\/em> m\u00e1s que leer un manifiesto plagado de incorrecciones e insultos o desfilar por alfombras rojas, tras bajarse de sus lujosos coches contaminantes. \u00bfNo hubiese sido mejor que personas de renombre como Al Gore, dedicadas desde hace tiempo a luchar contra el cambio clim\u00e1tico, o simples ciudadanos&nbsp;que contribuyen con sencillas acciones como replantar \u00e1rboles o limpiar bosques, hubiesen sido los verdaderos protagonistas de la jornada de lucha contra el clima?<\/p>\n\n\n\n<figure class=\"wp-block-image\"><img decoding=\"async\" loading=\"lazy\" width=\"944\" height=\"569\" src=\"http:\/\/www.iessenara.es\/Revista\/wp-content\/uploads\/2019\/12\/thunberg-02.jpg\" alt=\"\" class=\"wp-image-1753\" srcset=\"https:\/\/www.iessenara.es\/Revista\/wp-content\/uploads\/2019\/12\/thunberg-02.jpg 944w, https:\/\/www.iessenara.es\/Revista\/wp-content\/uploads\/2019\/12\/thunberg-02-300x181.jpg 300w, https:\/\/www.iessenara.es\/Revista\/wp-content\/uploads\/2019\/12\/thunberg-02-768x463.jpg 768w\" sizes=\"(max-width: 944px) 100vw, 944px\" \/><\/figure>\n\n\n\n<p>Dicho esto, solo nos queda reconocer el excelente trabajo realizado por los progenitores de Greta, al contratar un experto en marketing para que explote la figura de su hija, tal y como narra su madre en el libro recientemente publicado: c\u00f3mo Greta se negaba a comer alimentos que pudiesen ser perjudiciales para el medio ambiente, (sin comentarios), un superventas, recordemos, fabricado gracias a la tala de \u00e1rboles. Muy coherente todo. <\/p>\n\n\n\n<p>D\u00edas atr\u00e1s Greta, en su tan esperado discurso, hac\u00eda un llamamiento a los j\u00f3venes y ni\u00f1os de todo el planeta, para que, como ella, luchemos contra el cambio clim\u00e1tico, para revertir el calentamiento global.&nbsp; En fin, si pudiera hablar con Greta le dir\u00eda que, como joven preocupado por el medio ambiente, no cuente conmigo; por lo menos as\u00ed, as\u00ed no, de esta manera rotundamente NO. <\/p>\n","protected":false},"excerpt":{"rendered":"<p>ROBERTO SANTIAGO BARRIOS. 2\u00ba de Bachillerato HCS. Con motivo de la Cumbre Clim\u00e1tica celebrada en Madrid este mes de diciembre, la asistencia de una figura ha resonado por encima de muchas m\u00e1s. Puede que&#46;&#46;&#46;<\/p>\n","protected":false},"author":3,"featured_media":1751,"comment_status":"open","ping_status":"open","sticky":false,"template":"","format":"standard","meta":{"jetpack_post_was_ever_published":false,"jetpack_publicize_message":"","jetpack_is_tweetstorm":false,"jetpack_publicize_feature_enabled":true,"jetpack_social_options":[]},"categories":[8],"tags":[171,173,172,170],"jetpack_publicize_connections":[],"jetpack_featured_media_url":"https:\/\/www.iessenara.es\/Revista\/wp-content\/uploads\/2019\/12\/thunberg-01.jpg","jetpack_sharing_enabled":true,"jetpack_shortlink":"https:\/\/wp.me\/p5mbkp-se","_links":{"self":[{"href":"https:\/\/www.iessenara.es\/Revista\/index.php?rest_route=\/wp\/v2\/posts\/1750"}],"collection":[{"href":"https:\/\/www.iessenara.es\/Revista\/index.php?rest_route=\/wp\/v2\/posts"}],"about":[{"href":"https:\/\/www.iessenara.es\/Revista\/index.php?rest_route=\/wp\/v2\/types\/post"}],"author":[{"embeddable":true,"href":"https:\/\/www.iessenara.es\/Revista\/index.php?rest_route=\/wp\/v2\/users\/3"}],"replies":[{"embeddable":true,"href":"https:\/\/www.iessenara.es\/Revista\/index.php?rest_route=%2Fwp%2Fv2%2Fcomments&post=1750"}],"version-history":[{"count":3,"href":"https:\/\/www.iessenara.es\/Revista\/index.php?rest_route=\/wp\/v2\/posts\/1750\/revisions"}],"predecessor-version":[{"id":1763,"href":"https:\/\/www.iessenara.es\/Revista\/index.php?rest_route=\/wp\/v2\/posts\/1750\/revisions\/1763"}],"wp:featuredmedia":[{"embeddable":true,"href":"https:\/\/www.iessenara.es\/Revista\/index.php?rest_route=\/wp\/v2\/media\/1751"}],"wp:attachment":[{"href":"https:\/\/www.iessenara.es\/Revista\/index.php?rest_route=%2Fwp%2Fv2%2Fmedia&parent=1750"}],"wp:term":[{"taxonomy":"category","embeddable":true,"href":"https:\/\/www.iessenara.es\/Revista\/index.php?rest_route=%2Fwp%2Fv2%2Fcategories&post=1750"},{"taxonomy":"post_tag","embeddable":true,"href":"https:\/\/www.iessenara.es\/Revista\/index.php?rest_route=%2Fwp%2Fv2%2Ftags&post=1750"}],"curies":[{"name":"wp","href":"https:\/\/api.w.org\/{rel}","templated":true}]}}