{"id":1766,"date":"2019-12-10T22:51:42","date_gmt":"2019-12-10T22:51:42","guid":{"rendered":"http:\/\/www.iessenara.es\/Revista\/?p=1766"},"modified":"2019-12-10T22:51:49","modified_gmt":"2019-12-10T22:51:49","slug":"el-encargo-un-abogado-en-el-juicio-del-proces","status":"publish","type":"post","link":"https:\/\/www.iessenara.es\/Revista\/?p=1766","title":{"rendered":"El encargo: Un abogado en el juicio del proc\u00e9s"},"content":{"rendered":"\n<p>M\u00aa SOLEDAD HERN\u00c1NDEZ P\u00c9REZ, profesora de Lengua Castellana y Literatura<\/p>\n\n\n\n<p><em>Estrenamos en la secci\u00f3n <\/em><strong><em>Te recomiendo<\/em><\/strong><em> una iniciativa que llamaremos \u201c\u00bfQui\u00e9nes somos? Yo soy lo que leo, lo que escucho, lo que veo.\u201d Consiste en la rese\u00f1a de un libro, un disco, una pel\u00edcula, un lugar\u2026 o un dec\u00e1logo de libros, discos, pel\u00edculas, lugares que los miembros de la comunidad educativa recomendar\u00edan, ya sean de actualidad o su lista de imprescindibles.<\/em><\/p>\n\n\n\n<p><em>Abre la secci\u00f3n M\u00aa Soledad Hern\u00e1ndez P\u00e9rez, profesora de Lengua Castellana y Literatura, que nos regala esta rese\u00f1a de la obra de Xavier Melero, <\/em>El encargo: Un abogado en el juicio del \u2018proc\u00e9s\u2019.<em> Ed. Ariel. 2019<\/em><\/p>\n\n\n\n<figure class=\"wp-block-image\"><img decoding=\"async\" loading=\"lazy\" width=\"1024\" height=\"560\" src=\"http:\/\/www.iessenara.es\/Revista\/wp-content\/uploads\/2019\/12\/MELERO-PORTADA-1024x560.jpg\" alt=\"\" class=\"wp-image-1767\" srcset=\"https:\/\/www.iessenara.es\/Revista\/wp-content\/uploads\/2019\/12\/MELERO-PORTADA-1024x560.jpg 1024w, https:\/\/www.iessenara.es\/Revista\/wp-content\/uploads\/2019\/12\/MELERO-PORTADA-300x164.jpg 300w, https:\/\/www.iessenara.es\/Revista\/wp-content\/uploads\/2019\/12\/MELERO-PORTADA-768x420.jpg 768w, https:\/\/www.iessenara.es\/Revista\/wp-content\/uploads\/2019\/12\/MELERO-PORTADA.jpg 1234w\" sizes=\"(max-width: 1024px) 100vw, 1024px\" \/><\/figure>\n\n\n\n<p><em>El encargo<\/em> es una cr\u00f3nica del juicio por los hechos acaecidos en septiembre y octubre de 2017 en Catalu\u00f1a. La escribe quien fue abogado defensor de uno de los encausados, Joaquim Forn, consejero de Interior de la Generalitat. <\/p>\n\n\n\n<p>Segu\u00ed\ncon mucho inter\u00e9s todo lo sucedido durante esos meses de 2017, como toda\nEspa\u00f1a, supongo, hasta llegar a un punto en el que no era capaz de comprender\nnada, debido al exceso de opini\u00f3n que llenaban los medios de comunicaci\u00f3n y las\nredes sociales. No obstante, siempre fui consciente de que mis ideas pod\u00edan\nestar mediatizadas y llenas de prejuicios. <\/p>\n\n\n\n<p>Hace\nunas semanas iba en el coche escuchando mi emisora de radio, camino del\ntrabajo, y escuch\u00e9 una entrevista a Xavier Melero. No era la primera, pero en\nese momento me sorprendi\u00f3 su hablar calmado, nada emocional y su sentido com\u00fan.\nEn esta entrevista, adem\u00e1s&nbsp; de las ideas\nrazonables y comedidas, me sorprendi\u00f3 el sentido del humor de la conversaci\u00f3n\ncon el periodista. Fue este matiz lo que me llev\u00f3 a buscar el libro y, despu\u00e9s\nde hojearlo, leerlo. <\/p>\n\n\n\n<p>Es un libro muy ameno, mucho m\u00e1s que el propio juicio. Tiene un estilo sencillo, cercano y lleno de iron\u00eda. Nos relata los preparativos para la defensa, las conversaciones con los protagonistas: encausados, abogados, fiscales y jueces; describe sus viajes de Barcelona a Madrid, a las c\u00e1rceles de Estremera, Lledoners y Soto del Real; los paseos por Madrid, los locales y restaurantes que frecuenta e incluso nos hace part\u00edcipes de sus impresiones ante la estatua de Fernando VI. <\/p>\n\n\n\n<p>Cada\ncap\u00edtulo tiene un t\u00edtulo sacado de una canci\u00f3n y comienza con la cita de un\nboxeador. Al autor le gusta y practica el boxeo, y sorprenden al lector esas\ncitas, que obligan a una pausa antes de comenzar el cap\u00edtulo. <\/p>\n\n\n\n<p>No\nse excede nunca con la terminolog\u00eda jur\u00eddica, cualquier procedimiento necesario\nen el juicio lo explica con sencillez, de tal manera que el libro est\u00e1 al\nalcance de cualquier lector medio. <\/p>\n\n\n\n<p>Lo\nmejor de todo son las descripciones de cada uno de los personajes que aparecen,\ndesde el juez Marchena o Junqueras hasta el funcionario de la c\u00e1rcel de Soto\ndel Real o el camarero de uno de los bares de Madrid al que acude. Son\ndescripciones breves, agudas e ir\u00f3nicas, casi todas sacan una sonrisa al lector\ny ninguna degrada a la persona descrita.<\/p>\n\n\n\n<p>Xavier\nMelero pone algo m\u00e1s que sentido com\u00fan a unos hechos que han polarizado la\nopini\u00f3n de la sociedad y lo hace con la herramienta m\u00e1s \u00fatil y eficaz: el\nhumor. Despu\u00e9s de leer el libro, no puedes por menos de relativizar y repasar\nlos hechos con m\u00e1s calma, m\u00e1s raz\u00f3n y menos emoci\u00f3n.<\/p>\n\n\n\n<div class=\"wp-block-image\"><figure class=\"alignleft is-resized\"><img decoding=\"async\" loading=\"lazy\" src=\"http:\/\/www.iessenara.es\/Revista\/wp-content\/uploads\/2019\/12\/el_encargo_libro_abogado_javier_melero-768x1024.jpg\" alt=\"\" class=\"wp-image-1768\" width=\"324\" height=\"432\" srcset=\"https:\/\/www.iessenara.es\/Revista\/wp-content\/uploads\/2019\/12\/el_encargo_libro_abogado_javier_melero-768x1024.jpg 768w, https:\/\/www.iessenara.es\/Revista\/wp-content\/uploads\/2019\/12\/el_encargo_libro_abogado_javier_melero-225x300.jpg 225w, https:\/\/www.iessenara.es\/Revista\/wp-content\/uploads\/2019\/12\/el_encargo_libro_abogado_javier_melero.jpg 1080w\" sizes=\"(max-width: 324px) 100vw, 324px\" \/><\/figure><\/div>\n\n\n\n<p>Le\u00eddo\n<em>El encargo<\/em> desde este otro lado de la\nfrontera, se caen prejuicios levantados contra los pol\u00edticos independentistas:\nno es un libro para aferrarte a unas convicciones, sino para abrir la mente a\notra forma de ver las cosas, con m\u00e1s amplitud y menos cerraz\u00f3n. La vida nunca\nfue en blanco y negro, no solo hay colores, sino que tambi\u00e9n hay matices. La\nprueba de que hay m\u00e1s convivencia de la que pensamos (o yo pensaba) es el\npropio autor: defensor de Joaquim Forn y amigo de Arcadi Espada.<\/p>\n\n\n\n<p>Por \u00faltimo, la prosa tiene un tono de novela negra americana, al estilo de las de Raymond Chandler y, como ella, destila un poco de nostalgia, conseguida por la m\u00fasica inicial de cada cap\u00edtulo o la que se percibe en el narrador al volver a lugares conocidos de otros tiempos. Nostalgia no de un tiempo pasado y mejor, sino m\u00e1s bien de un tiempo m\u00e1s joven.<\/p>\n","protected":false},"excerpt":{"rendered":"<p>M\u00aa SOLEDAD HERN\u00c1NDEZ P\u00c9REZ, profesora de Lengua Castellana y Literatura Estrenamos en la secci\u00f3n Te recomiendo una iniciativa que llamaremos \u201c\u00bfQui\u00e9nes somos? Yo soy lo que leo, lo que escucho, lo que veo.\u201d Consiste&#46;&#46;&#46;<\/p>\n","protected":false},"author":3,"featured_media":1767,"comment_status":"open","ping_status":"open","sticky":false,"template":"","format":"standard","meta":{"jetpack_post_was_ever_published":false,"jetpack_publicize_message":"","jetpack_is_tweetstorm":false,"jetpack_publicize_feature_enabled":true,"jetpack_social_options":[]},"categories":[10,12],"tags":[22,180,179,178],"jetpack_publicize_connections":[],"jetpack_featured_media_url":"https:\/\/www.iessenara.es\/Revista\/wp-content\/uploads\/2019\/12\/MELERO-PORTADA.jpg","jetpack_sharing_enabled":true,"jetpack_shortlink":"https:\/\/wp.me\/p5mbkp-su","_links":{"self":[{"href":"https:\/\/www.iessenara.es\/Revista\/index.php?rest_route=\/wp\/v2\/posts\/1766"}],"collection":[{"href":"https:\/\/www.iessenara.es\/Revista\/index.php?rest_route=\/wp\/v2\/posts"}],"about":[{"href":"https:\/\/www.iessenara.es\/Revista\/index.php?rest_route=\/wp\/v2\/types\/post"}],"author":[{"embeddable":true,"href":"https:\/\/www.iessenara.es\/Revista\/index.php?rest_route=\/wp\/v2\/users\/3"}],"replies":[{"embeddable":true,"href":"https:\/\/www.iessenara.es\/Revista\/index.php?rest_route=%2Fwp%2Fv2%2Fcomments&post=1766"}],"version-history":[{"count":4,"href":"https:\/\/www.iessenara.es\/Revista\/index.php?rest_route=\/wp\/v2\/posts\/1766\/revisions"}],"predecessor-version":[{"id":1772,"href":"https:\/\/www.iessenara.es\/Revista\/index.php?rest_route=\/wp\/v2\/posts\/1766\/revisions\/1772"}],"wp:featuredmedia":[{"embeddable":true,"href":"https:\/\/www.iessenara.es\/Revista\/index.php?rest_route=\/wp\/v2\/media\/1767"}],"wp:attachment":[{"href":"https:\/\/www.iessenara.es\/Revista\/index.php?rest_route=%2Fwp%2Fv2%2Fmedia&parent=1766"}],"wp:term":[{"taxonomy":"category","embeddable":true,"href":"https:\/\/www.iessenara.es\/Revista\/index.php?rest_route=%2Fwp%2Fv2%2Fcategories&post=1766"},{"taxonomy":"post_tag","embeddable":true,"href":"https:\/\/www.iessenara.es\/Revista\/index.php?rest_route=%2Fwp%2Fv2%2Ftags&post=1766"}],"curies":[{"name":"wp","href":"https:\/\/api.w.org\/{rel}","templated":true}]}}