{"id":1775,"date":"2019-12-16T20:25:12","date_gmt":"2019-12-16T20:25:12","guid":{"rendered":"http:\/\/www.iessenara.es\/Revista\/?p=1775"},"modified":"2019-12-16T20:25:18","modified_gmt":"2019-12-16T20:25:18","slug":"mientras-dure-la-guerra","status":"publish","type":"post","link":"https:\/\/www.iessenara.es\/Revista\/?p=1775","title":{"rendered":"Mientras dure la guerra"},"content":{"rendered":"\n<p>MANUEL DE CASTRO DE DIEGO. 1\u00ba Bachillerato HCS<\/p>\n\n\n\n<p><em>Mientras dure la guerra<\/em> es un drama hist\u00f3rico producido por el director hispano-chileno Alejandro Amen\u00e1bar, y coescrita con Alejandro Hern\u00e1ndez. Fue rodada en la ciudad espa\u00f1ola de Salamanca en 2018 y est\u00e1 protagonizada por Karra Elejalde (Miguel de Unamuno), Eduardo Fern\u00e1ndez (Mill\u00e1n-Astray), Santiago Prego (Francisco Franco) y Carlos Serrano-Clark (Salvador Vila).<\/p>\n\n\n\n<figure class=\"wp-block-image\"><img decoding=\"async\" loading=\"lazy\" width=\"1024\" height=\"575\" src=\"http:\/\/www.iessenara.es\/Revista\/wp-content\/uploads\/2019\/12\/unamuno.01-1024x575.jpg\" alt=\"\" class=\"wp-image-1776\" srcset=\"https:\/\/www.iessenara.es\/Revista\/wp-content\/uploads\/2019\/12\/unamuno.01.jpg 1024w, https:\/\/www.iessenara.es\/Revista\/wp-content\/uploads\/2019\/12\/unamuno.01-300x168.jpg 300w, https:\/\/www.iessenara.es\/Revista\/wp-content\/uploads\/2019\/12\/unamuno.01-768x431.jpg 768w\" sizes=\"(max-width: 1024px) 100vw, 1024px\" \/><\/figure>\n\n\n\n<p>Mientras dure la guerra se centra en los\n\u00faltimos seis meses de vida del intelectual espa\u00f1ol de la generaci\u00f3n del 98, D. Miguel\nde Unamuno y Jugo.<\/p>\n\n\n\n<p>La pel\u00edcula comienza un 19 de julio, en la escena en la que un miembro del ej\u00e9rcito declara el estado de guerra en la ciudad, con una representaci\u00f3n del suceso acaecido a consecuencia de la lectura del parte de guerra llamado \u201cel tiro de la Plaza\u201d, en el cual los soldados dispararon a la masa concentrada all\u00ed, como respuesta a un tiro de origen incierto.<\/p>\n\n\n\n<figure class=\"wp-block-image\"><img decoding=\"async\" loading=\"lazy\" width=\"620\" height=\"330\" src=\"http:\/\/www.iessenara.es\/Revista\/wp-content\/uploads\/2019\/12\/unamuno.02.jpg\" alt=\"\" class=\"wp-image-1777\" srcset=\"https:\/\/www.iessenara.es\/Revista\/wp-content\/uploads\/2019\/12\/unamuno.02.jpg 620w, https:\/\/www.iessenara.es\/Revista\/wp-content\/uploads\/2019\/12\/unamuno.02-300x160.jpg 300w\" sizes=\"(max-width: 620px) 100vw, 620px\" \/><\/figure>\n\n\n\n<p>Unamuno, con extrema insensatez,\ndecide tomarse ese d\u00eda, en el que los falangistas y sublevados en general arrestaban\ny fusilaban a \u201csospechosos\u201d, con la normalidad de todos, saliendo para buscar a\nsus amigos para ir a tomar un caf\u00e9 en el Novelty. Primero va a buscar a Salvador\nVila, pupilo suyo y hombre de fuertes convicciones sociales y despu\u00e9s a Atilano\nCoco, pastor evang\u00e9lico y mas\u00f3n que ver\u00eda con mejores ojos el alzamiento. <\/p>\n\n\n\n<p>Salvador Vila es, desde un primer\nmomento, la ant\u00edtesis del golpe. Se considera socialista, aunque no pertenece a\nninguna sigla y analiza al bando golpista como af\u00edn al fascismo, como expresa y\nrepite insistentemente a don Miguel. Ser\u00e1 a lo largo de toda la pel\u00edcula la\ncontestaci\u00f3n al apoyo de Unamuno a los sublevados y quien le ir\u00e1 convenciendo\nde la verdadera naturaleza de aquellos.<\/p>\n\n\n\n<p>Atilano Coco es, sin embargo, un\nelemento m\u00e1s en la evoluci\u00f3n de la opini\u00f3n de Unamuno, puesto que su desarrollo\npersonal es muy escaso, pero esencial para entender el desarrollo del personaje\nde Unamuno. <\/p>\n\n\n\n<p>Finalmente, en los personajes\nprincipales de este \u201clado\u201d (con lado me refiero a que la acci\u00f3n de la pel\u00edcula\nse divide entre la evoluci\u00f3n de Unamuno y la esfera del comando de los\nsublevados), est\u00e1 el mismo Miguel de Unamuno y Jugo, protagonista. En estos\n\u00faltimos meses de su vida se nos muestra un hombre anciano, bastante crispado y\nterco, creyendo que la culpa de que nadie le entienda en sus posicionamientos\nno es suya, sino de los dem\u00e1s. Sin embargo, en su car\u00e1cter a\u00fan perdura un\natisbo de juventud: esa responsabilidad de no callarse nunca, de mostrar\nsiempre su opini\u00f3n a pesar de las consecuencias de esto. Por otra parte, se nos\nmuestra a un Unamuno muy dolido, descompuesto emocionalmente por la muerte de\nsu mujer y de una de sus hijas. <\/p>\n\n\n\n<p>En el otro \u201clado\u201d nos encontramos con una\ndivisi\u00f3n interna entre los partidarios de seguir con la Rep\u00fablica, entre ellos Cabanellas,\ny los partidarios, con el apoyo de los nazis, de declarar un mando \u00fanico\nmientras dure la guerra, como Jos\u00e9 Mill\u00e1n-Astray. <\/p>\n\n\n\n<p>Por una parte, se nos muestra a un\nFrancisco Franco Bahamonde aparentemente inseguro, \u201cun pobre hombre\u201d, seg\u00fan\npalabras de Unamuno, incapaz de llevar a cabo la direcci\u00f3n de la guerra. Pero,\nen contra de lo que aparenta, es un general extremadamente audaz, inteligente y\nmilim\u00e9trico en la praxis, quien solo teme dar un paso en falso en el camino\npara obtener la Jefatura del Estado de la Espa\u00f1a sublevada. En contra de los\nplanes de Cabanellas, ir\u00e1 llevando la sublevaci\u00f3n hacia un toque m\u00e1s\nautoritario, para lograr el apoyo de los carlistas y los conservadores. <\/p>\n\n\n\n<p>Pero la figura de Franco no se puede\nentender sin el apoyo del comandante de la legi\u00f3n Jos\u00e9 Mill\u00e1n-Astray, que desde\nun primer momento se nos muestra como un hombre bruto, descarado y egoc\u00e9ntrico,\nno una persona de finuras o detalles. Si Espa\u00f1a necesitaba un cirujano de\nhierro, \u00e9l era un boxeador de hierro. En la pel\u00edcula es tambi\u00e9n el personaje\nm\u00e1s plano, como si hubieran sacado todo lo humano que en la vida real tuvo\ndej\u00e1ndole solo la parte b\u00e9lica, animal<em>, <\/em>del africanista, aunque esta\nfuera su faceta m\u00e1s caracter\u00edstica. \u00c9l es el verdadero antagonista de <em>Mientras\ndure la guerra<\/em>, puesto que es lo opuesto a Unamuno, es un anti intelectual.\nSu grito lo define: <em>\u00a1Viva la muerte! \u00a1Muera la inteligencia!<\/em> <\/p>\n\n\n\n<p>Por \u00faltimo, est\u00e1 Miguel Cabanellas, militar\nliberal-conservador republicano, que intenta que el poder de la sublevaci\u00f3n no\nquede en manos de Franco. Se nos presenta como un hombre poco astuto que, pese\na sus \u201cbuenas\u201d intenciones (no quer\u00eda que el alzamiento derivase en una\ndictadura), no sabe c\u00f3mo llevarlas a cabo. Continuamente se opone a la\ncentralizaci\u00f3n del poder, al apoyo de los nazis con sus condiciones y a los\ncambios que proponen (m\u00e1s bien imponen) Francisco Franco y Mill\u00e1n-Astray. <\/p>\n\n\n\n<p>As\u00ed, en el largometraje se nos\npresentan a la perfecci\u00f3n las dos caras del golpe de Estado del 36: la autoritaria-fascista,\nliderada por Franco e impulsada por Mill\u00e1n-Astray y apoyada en los carlistas y\nen la Falange Espa\u00f1ola de las JONS, y la autoritaria-republicana, liderada por\nCabanellas que se apoya en la Confederaci\u00f3n Espa\u00f1ola de Derechas Aut\u00f3nomas (CEDA).\nSin embargo, no se profundiza en las divisiones internas de la sublevaci\u00f3n, que\nfueron muchas, pero menos visibles que las del bando republicano, porque Franco\nlas resolv\u00eda con sentencias de muerte, si bien es cierto que estas fueron\nposteriores al tiempo en el que se desarrolla la pel\u00edcula.<\/p>\n\n\n\n<p><em>Mientras dure la\nguerra<\/em> es un gran largometraje, aunque\ncojea, como toda pel\u00edcula que no pretenda ser un documental. Es retrato, no una\nfotograf\u00eda, y bien se puede ver la diferencia entre ambas artes comparando los\nretratos de Isabel II y sus fotograf\u00edas. Sin embargo, el cuadro de <em>Mientras\ndure la guerra<\/em> se acerca mucho a la realidad, llegando a ser neutral en un\ntema tan delicado en la idiosincrasia de Espa\u00f1a como es el de la Guerra Civil.\nPor otra parte, la pel\u00edcula no entra en detalles, en parte por los minutos de\nlos que se dispone, ni en la descripci\u00f3n profunda del Unamuno intelectual,\ndej\u00e1ndose cosas en el tintero, perdi\u00e9ndose el sentimiento. Se hubiera\nagradecido mostrar esa faceta filos\u00f3fica de don Miguel de Unamuno. <\/p>\n\n\n\n<p>Puntuaci\u00f3n: 8 sobre 10. <\/p>\n","protected":false},"excerpt":{"rendered":"<p>MANUEL DE CASTRO DE DIEGO. 1\u00ba Bachillerato HCS Mientras dure la guerra es un drama hist\u00f3rico producido por el director hispano-chileno Alejandro Amen\u00e1bar, y coescrita con Alejandro Hern\u00e1ndez. Fue rodada en la ciudad espa\u00f1ola&#46;&#46;&#46;<\/p>\n","protected":false},"author":3,"featured_media":1776,"comment_status":"open","ping_status":"open","sticky":false,"template":"","format":"standard","meta":{"jetpack_post_was_ever_published":false,"jetpack_publicize_message":"","jetpack_is_tweetstorm":false,"jetpack_publicize_feature_enabled":true,"jetpack_social_options":[]},"categories":[10,12],"tags":[40,183,182,19,181],"jetpack_publicize_connections":[],"jetpack_featured_media_url":"https:\/\/www.iessenara.es\/Revista\/wp-content\/uploads\/2019\/12\/unamuno.01.jpg","jetpack_sharing_enabled":true,"jetpack_shortlink":"https:\/\/wp.me\/p5mbkp-sD","_links":{"self":[{"href":"https:\/\/www.iessenara.es\/Revista\/index.php?rest_route=\/wp\/v2\/posts\/1775"}],"collection":[{"href":"https:\/\/www.iessenara.es\/Revista\/index.php?rest_route=\/wp\/v2\/posts"}],"about":[{"href":"https:\/\/www.iessenara.es\/Revista\/index.php?rest_route=\/wp\/v2\/types\/post"}],"author":[{"embeddable":true,"href":"https:\/\/www.iessenara.es\/Revista\/index.php?rest_route=\/wp\/v2\/users\/3"}],"replies":[{"embeddable":true,"href":"https:\/\/www.iessenara.es\/Revista\/index.php?rest_route=%2Fwp%2Fv2%2Fcomments&post=1775"}],"version-history":[{"count":1,"href":"https:\/\/www.iessenara.es\/Revista\/index.php?rest_route=\/wp\/v2\/posts\/1775\/revisions"}],"predecessor-version":[{"id":1778,"href":"https:\/\/www.iessenara.es\/Revista\/index.php?rest_route=\/wp\/v2\/posts\/1775\/revisions\/1778"}],"wp:featuredmedia":[{"embeddable":true,"href":"https:\/\/www.iessenara.es\/Revista\/index.php?rest_route=\/wp\/v2\/media\/1776"}],"wp:attachment":[{"href":"https:\/\/www.iessenara.es\/Revista\/index.php?rest_route=%2Fwp%2Fv2%2Fmedia&parent=1775"}],"wp:term":[{"taxonomy":"category","embeddable":true,"href":"https:\/\/www.iessenara.es\/Revista\/index.php?rest_route=%2Fwp%2Fv2%2Fcategories&post=1775"},{"taxonomy":"post_tag","embeddable":true,"href":"https:\/\/www.iessenara.es\/Revista\/index.php?rest_route=%2Fwp%2Fv2%2Ftags&post=1775"}],"curies":[{"name":"wp","href":"https:\/\/api.w.org\/{rel}","templated":true}]}}