{"id":1780,"date":"2019-12-18T16:41:28","date_gmt":"2019-12-18T16:41:28","guid":{"rendered":"http:\/\/www.iessenara.es\/Revista\/?p=1780"},"modified":"2019-12-18T16:41:34","modified_gmt":"2019-12-18T16:41:34","slug":"jornada-de-colaboracion-con-el-banco-de-alimentos","status":"publish","type":"post","link":"https:\/\/www.iessenara.es\/Revista\/?p=1780","title":{"rendered":"Jornada de colaboraci\u00f3n con el Banco de Alimentos"},"content":{"rendered":"\n<h3><strong>Una lecci\u00f3n de solidaridad<\/strong><\/h3>\n\n\n\n<p>ALUMNAS DE ECONOM\u00cdA DE 4\u00ba ESO<\/p>\n\n\n\n<figure class=\"wp-block-image\"><img decoding=\"async\" loading=\"lazy\" width=\"1024\" height=\"576\" src=\"http:\/\/www.iessenara.es\/Revista\/wp-content\/uploads\/2019\/12\/banco-alimentos-3-1024x576.jpeg\" alt=\"\" class=\"wp-image-1781\" srcset=\"https:\/\/www.iessenara.es\/Revista\/wp-content\/uploads\/2019\/12\/banco-alimentos-3-1024x576.jpeg 1024w, https:\/\/www.iessenara.es\/Revista\/wp-content\/uploads\/2019\/12\/banco-alimentos-3-300x169.jpeg 300w, https:\/\/www.iessenara.es\/Revista\/wp-content\/uploads\/2019\/12\/banco-alimentos-3-768x432.jpeg 768w, https:\/\/www.iessenara.es\/Revista\/wp-content\/uploads\/2019\/12\/banco-alimentos-3.jpeg 2048w\" sizes=\"(max-width: 1024px) 100vw, 1024px\" \/><\/figure>\n\n\n\n<p>El viernes 22 de noviembre los alumnos de 4\u00ba ESO y FP fuimos a colaborar con el Banco de Alimentos en la campa\u00f1a de la Gran Recogida. Los 48 alumnos que participamos nos repartimos en diferentes establecimientos: Gadis de Santa Marta, Mercadona del CC El Tormes, Gadis y Mercadona de la avenida de los Cipreses y el Corte Ingl\u00e9s. Nuestra labor consist\u00eda en dar informaci\u00f3n sobre la campa\u00f1a y recoger y registrar los alimentos donados por los clientes, alimentos que posteriormente ser\u00e1n repartidos entre los m\u00e1s necesitados. <\/p>\n\n\n\n<div class=\"wp-block-image\"><figure class=\"alignright is-resized\"><img decoding=\"async\" loading=\"lazy\" src=\"http:\/\/www.iessenara.es\/Revista\/wp-content\/uploads\/2019\/12\/banco-alimentos-1-1024x768.jpeg\" alt=\"\" class=\"wp-image-1782\" width=\"383\" height=\"286\" srcset=\"https:\/\/www.iessenara.es\/Revista\/wp-content\/uploads\/2019\/12\/banco-alimentos-1-1024x768.jpeg 1024w, https:\/\/www.iessenara.es\/Revista\/wp-content\/uploads\/2019\/12\/banco-alimentos-1-300x225.jpeg 300w, https:\/\/www.iessenara.es\/Revista\/wp-content\/uploads\/2019\/12\/banco-alimentos-1-768x576.jpeg 768w, https:\/\/www.iessenara.es\/Revista\/wp-content\/uploads\/2019\/12\/banco-alimentos-1.jpeg 2048w\" sizes=\"(max-width: 383px) 100vw, 383px\" \/><\/figure><\/div>\n\n\n\n<p>Es una actividad que nos ha encantado. Es muy gratificante sentirte \u00fatil y ver que puedes ayudar a los dem\u00e1s. Es una experiencia que queremos repetir; es m\u00e1s, algunos de nosotros nos hemos apuntado ya como voluntarios para la pr\u00f3xima campa\u00f1a.<\/p>\n\n\n\n<p>El lado m\u00e1s positivo es ver lo solidaria que es la gente. Lo normal es que los clientes donaran algunos productos, pero hubo varios casos de personas que entregaban carros llenos valorados entre 100 y 150 euros.<\/p>\n\n\n\n<div class=\"wp-block-image\"><figure class=\"alignleft is-resized\"><img decoding=\"async\" loading=\"lazy\" src=\"http:\/\/www.iessenara.es\/Revista\/wp-content\/uploads\/2019\/12\/banco-alimentos-4-1024x768.jpeg\" alt=\"\" class=\"wp-image-1783\" width=\"411\" height=\"307\" srcset=\"https:\/\/www.iessenara.es\/Revista\/wp-content\/uploads\/2019\/12\/banco-alimentos-4-1024x768.jpeg 1024w, https:\/\/www.iessenara.es\/Revista\/wp-content\/uploads\/2019\/12\/banco-alimentos-4-300x225.jpeg 300w, https:\/\/www.iessenara.es\/Revista\/wp-content\/uploads\/2019\/12\/banco-alimentos-4-768x576.jpeg 768w, https:\/\/www.iessenara.es\/Revista\/wp-content\/uploads\/2019\/12\/banco-alimentos-4.jpeg 2048w\" sizes=\"(max-width: 411px) 100vw, 411px\" \/><\/figure><\/div>\n\n\n\n<p>La parte negativa la constituyen\naquellas personas que no quieren donar nada o que se quejan del procedimiento\nde reparto. En concreto una persona no quiso donar nada porque no quer\u00eda que\nesos alimentos se repartieran entre los inmigrantes.<\/p>\n\n\n\n<p>Tambi\u00e9n tenemos algunas an\u00e9cdotas\nque nos gustar\u00eda compartir: una monja se nos acerc\u00f3 y nos dijo que est\u00e1bamos\nhaciendo una labor muy importante, a la vez que nos daba un beso. Otra persona\nestaba muy preocupada por donar calendarios de adviento. No solo le importaban\nlos alimentos, sino tambi\u00e9n la ilusi\u00f3n de los ni\u00f1os en estas fechas tan\nespeciales.<\/p>\n\n\n\n<p>En conclusi\u00f3n, esta experiencia ha sido una bonita lecci\u00f3n de solidaridad que nos ha permitido ponernos en el lugar de los m\u00e1s necesitados.<\/p>\n\n\n\n<p><a href=\"https:\/\/salamancartvaldia.es\/not\/224995\/jovenes-villas-participan-gran-recogida-alimentos\/\">https:\/\/salamancartvaldia.es\/not\/224995\/jovenes-villas-participan-gran-recogida-alimentos\/<\/a><\/p>\n","protected":false},"excerpt":{"rendered":"<p>Una lecci\u00f3n de solidaridad ALUMNAS DE ECONOM\u00cdA DE 4\u00ba ESO El viernes 22 de noviembre los alumnos de 4\u00ba ESO y FP fuimos a colaborar con el Banco de Alimentos en la campa\u00f1a de&#46;&#46;&#46;<\/p>\n","protected":false},"author":3,"featured_media":1781,"comment_status":"open","ping_status":"open","sticky":false,"template":"","format":"standard","meta":{"jetpack_post_was_ever_published":false,"jetpack_publicize_message":"","jetpack_is_tweetstorm":false,"jetpack_publicize_feature_enabled":true,"jetpack_social_options":[]},"categories":[6],"tags":[184,39,185],"jetpack_publicize_connections":[],"jetpack_featured_media_url":"https:\/\/www.iessenara.es\/Revista\/wp-content\/uploads\/2019\/12\/banco-alimentos-3.jpeg","jetpack_sharing_enabled":true,"jetpack_shortlink":"https:\/\/wp.me\/p5mbkp-sI","_links":{"self":[{"href":"https:\/\/www.iessenara.es\/Revista\/index.php?rest_route=\/wp\/v2\/posts\/1780"}],"collection":[{"href":"https:\/\/www.iessenara.es\/Revista\/index.php?rest_route=\/wp\/v2\/posts"}],"about":[{"href":"https:\/\/www.iessenara.es\/Revista\/index.php?rest_route=\/wp\/v2\/types\/post"}],"author":[{"embeddable":true,"href":"https:\/\/www.iessenara.es\/Revista\/index.php?rest_route=\/wp\/v2\/users\/3"}],"replies":[{"embeddable":true,"href":"https:\/\/www.iessenara.es\/Revista\/index.php?rest_route=%2Fwp%2Fv2%2Fcomments&post=1780"}],"version-history":[{"count":6,"href":"https:\/\/www.iessenara.es\/Revista\/index.php?rest_route=\/wp\/v2\/posts\/1780\/revisions"}],"predecessor-version":[{"id":1789,"href":"https:\/\/www.iessenara.es\/Revista\/index.php?rest_route=\/wp\/v2\/posts\/1780\/revisions\/1789"}],"wp:featuredmedia":[{"embeddable":true,"href":"https:\/\/www.iessenara.es\/Revista\/index.php?rest_route=\/wp\/v2\/media\/1781"}],"wp:attachment":[{"href":"https:\/\/www.iessenara.es\/Revista\/index.php?rest_route=%2Fwp%2Fv2%2Fmedia&parent=1780"}],"wp:term":[{"taxonomy":"category","embeddable":true,"href":"https:\/\/www.iessenara.es\/Revista\/index.php?rest_route=%2Fwp%2Fv2%2Fcategories&post=1780"},{"taxonomy":"post_tag","embeddable":true,"href":"https:\/\/www.iessenara.es\/Revista\/index.php?rest_route=%2Fwp%2Fv2%2Ftags&post=1780"}],"curies":[{"name":"wp","href":"https:\/\/api.w.org\/{rel}","templated":true}]}}