{"id":1826,"date":"2020-01-16T11:12:13","date_gmt":"2020-01-16T11:12:13","guid":{"rendered":"http:\/\/www.iessenara.es\/Revista\/?p=1826"},"modified":"2020-01-16T11:22:51","modified_gmt":"2020-01-16T11:22:51","slug":"pendant-que-la-guerre-continue","status":"publish","type":"post","link":"https:\/\/www.iessenara.es\/Revista\/?p=1826","title":{"rendered":"Pendant que la guerre continue"},"content":{"rendered":"\n<p>ALICIA MART\u00cdN PAV\u00d3N. 2\u00ba Bachillerato BCI<\/p>\n\n\n\n<figure class=\"wp-block-image\"><img decoding=\"async\" loading=\"lazy\" width=\"1024\" height=\"683\" src=\"http:\/\/www.iessenara.es\/Revista\/wp-content\/uploads\/2020\/01\/mientras-dure-la-guerra-1024x683.jpg\" alt=\"\" class=\"wp-image-1827\" srcset=\"https:\/\/www.iessenara.es\/Revista\/wp-content\/uploads\/2020\/01\/mientras-dure-la-guerra-1024x683.jpg 1024w, https:\/\/www.iessenara.es\/Revista\/wp-content\/uploads\/2020\/01\/mientras-dure-la-guerra-300x200.jpg 300w, https:\/\/www.iessenara.es\/Revista\/wp-content\/uploads\/2020\/01\/mientras-dure-la-guerra-768x512.jpg 768w, https:\/\/www.iessenara.es\/Revista\/wp-content\/uploads\/2020\/01\/mientras-dure-la-guerra.jpg 1600w\" sizes=\"(max-width: 1024px) 100vw, 1024px\" \/><\/figure>\n\n\n\n<p>Ce\nfilm parle de la vie de l\u2019\u00e9crivain Miguel de Unamuno pendant les quatre\npremiers mois de la guerre civile espagnole. Le 18 Juillet de 1936 l\u00b4\u00e9tat de\nguerre a \u00e9t\u00e9 d\u00e9clar\u00e9 en Espagne apr\u00e8s le coup d\u00b4\u00c9tat de Franco et Mola.\nL\u00b4\u00e9crivain soutenait le camp contraire au r\u00e9publicain et il a \u00e9t\u00e9 destitu\u00e9 du\nposte de recteur de l\u00b4Universit\u00e9 de Salamanca. Le camp franquiste avait arr\u00eat\u00e9\net emprisonn\u00e9 deux des amis d\u00b4Unamuno, alors, il est all\u00e9 parler avec Franco\npour lui demander de les lib\u00e9rer, mais il n\u2019a pas accept\u00e9. Quelques jours apr\u00e8s\nFranco devait faire un discours \u00e0 l\u00b4Universit\u00e9 de Salamanca mais il n\u2019y pouvait\npas assister. Alors il a exig\u00e9 qu\u00b4Unamuno le remplace. Miguel a fait un discours\ncontre le camp soulev\u00e9 et depuis lors il a \u00e9t\u00e9 consid\u00e9r\u00e9 comme un tra\u00eetre. Il\nest mort le 31 D\u00e9cembre 1936.<\/p>\n","protected":false},"excerpt":{"rendered":"<p>ALICIA MART\u00cdN PAV\u00d3N. 2\u00ba Bachillerato BCI Ce film parle de la vie de l\u2019\u00e9crivain Miguel de Unamuno pendant les quatre premiers mois de la guerre civile espagnole. Le 18 Juillet de 1936 l\u00b4\u00e9tat de&#46;&#46;&#46;<\/p>\n","protected":false},"author":3,"featured_media":1827,"comment_status":"open","ping_status":"open","sticky":false,"template":"","format":"standard","meta":{"jetpack_post_was_ever_published":false,"jetpack_publicize_message":"","jetpack_is_tweetstorm":false,"jetpack_publicize_feature_enabled":true,"jetpack_social_options":[]},"categories":[10,12],"tags":[40,55],"jetpack_publicize_connections":[],"jetpack_featured_media_url":"https:\/\/www.iessenara.es\/Revista\/wp-content\/uploads\/2020\/01\/mientras-dure-la-guerra.jpg","jetpack_sharing_enabled":true,"jetpack_shortlink":"https:\/\/wp.me\/p5mbkp-ts","_links":{"self":[{"href":"https:\/\/www.iessenara.es\/Revista\/index.php?rest_route=\/wp\/v2\/posts\/1826"}],"collection":[{"href":"https:\/\/www.iessenara.es\/Revista\/index.php?rest_route=\/wp\/v2\/posts"}],"about":[{"href":"https:\/\/www.iessenara.es\/Revista\/index.php?rest_route=\/wp\/v2\/types\/post"}],"author":[{"embeddable":true,"href":"https:\/\/www.iessenara.es\/Revista\/index.php?rest_route=\/wp\/v2\/users\/3"}],"replies":[{"embeddable":true,"href":"https:\/\/www.iessenara.es\/Revista\/index.php?rest_route=%2Fwp%2Fv2%2Fcomments&post=1826"}],"version-history":[{"count":1,"href":"https:\/\/www.iessenara.es\/Revista\/index.php?rest_route=\/wp\/v2\/posts\/1826\/revisions"}],"predecessor-version":[{"id":1828,"href":"https:\/\/www.iessenara.es\/Revista\/index.php?rest_route=\/wp\/v2\/posts\/1826\/revisions\/1828"}],"wp:featuredmedia":[{"embeddable":true,"href":"https:\/\/www.iessenara.es\/Revista\/index.php?rest_route=\/wp\/v2\/media\/1827"}],"wp:attachment":[{"href":"https:\/\/www.iessenara.es\/Revista\/index.php?rest_route=%2Fwp%2Fv2%2Fmedia&parent=1826"}],"wp:term":[{"taxonomy":"category","embeddable":true,"href":"https:\/\/www.iessenara.es\/Revista\/index.php?rest_route=%2Fwp%2Fv2%2Fcategories&post=1826"},{"taxonomy":"post_tag","embeddable":true,"href":"https:\/\/www.iessenara.es\/Revista\/index.php?rest_route=%2Fwp%2Fv2%2Ftags&post=1826"}],"curies":[{"name":"wp","href":"https:\/\/api.w.org\/{rel}","templated":true}]}}