{"id":1832,"date":"2020-01-16T11:17:15","date_gmt":"2020-01-16T11:17:15","guid":{"rendered":"http:\/\/www.iessenara.es\/Revista\/?p=1832"},"modified":"2020-01-16T11:23:13","modified_gmt":"2020-01-16T11:23:13","slug":"a-deux-metres-de-toi","status":"publish","type":"post","link":"https:\/\/www.iessenara.es\/Revista\/?p=1832","title":{"rendered":"\u00c0 deux m\u00e8tres de toi"},"content":{"rendered":"\n<p>BEL\u00c9N BARRIOS VAQUERO. 2\u00ba Bachillerato HCS<\/p>\n\n\n\n<figure class=\"wp-block-image\"><img decoding=\"async\" loading=\"lazy\" width=\"1024\" height=\"538\" src=\"http:\/\/www.iessenara.es\/Revista\/wp-content\/uploads\/2020\/01\/a-dos-metros-de-ti-1024x538.jpg\" alt=\"\" class=\"wp-image-1833\" srcset=\"https:\/\/www.iessenara.es\/Revista\/wp-content\/uploads\/2020\/01\/a-dos-metros-de-ti-1024x538.jpg 1024w, https:\/\/www.iessenara.es\/Revista\/wp-content\/uploads\/2020\/01\/a-dos-metros-de-ti-300x158.jpg 300w, https:\/\/www.iessenara.es\/Revista\/wp-content\/uploads\/2020\/01\/a-dos-metros-de-ti-768x403.jpg 768w, https:\/\/www.iessenara.es\/Revista\/wp-content\/uploads\/2020\/01\/a-dos-metros-de-ti.jpg 1200w\" sizes=\"(max-width: 1024px) 100vw, 1024px\" \/><\/figure>\n\n\n\n<p>Il y a quelques semaines je suis all\u00e9e voir avec mes amies le film \u201c\u00c0\ndeux m\u00e8tres de toi\u201d. Le film raconte l&#8217;histoire de deux adolescents: Stella, de\n17 ans, qui est hospitalis\u00e9e parce qu&#8217;elle souffre d\u2019une fibrose kystique. Son\nexistence monotone change lorsque Will arrive, un adolescent avec la m\u00eame\nmaladie. Les r\u00e8gles de l&#8217;h\u00f4pital interdisaient le contact entre les deux jeunes\nqui en plus \u00e9taient tomb\u00e9s amoureux. Cependant, ils ont ignor\u00e9 ces r\u00e8gles \u00e0 de\nnombreuses reprises. Pendant N\u00f6el, ils se sont \u00e9chapp\u00e9s pour aller voir les\nlumi\u00e8res dans les rues. En chemin, ils commencent \u00e0 marcher sur un lac\ngel\u00e9&nbsp; mais la glace se brise et Stella\ntombe dans l\u2019eau. Heureusement Will r\u00e9ussit \u00e0 la sauver. Finalement por \u00e9viter\nde mettre encore une fois la vie de la fille en danger, Will d\u00e9cide de partir.<\/p>\n","protected":false},"excerpt":{"rendered":"<p>BEL\u00c9N BARRIOS VAQUERO. 2\u00ba Bachillerato HCS Il y a quelques semaines je suis all\u00e9e voir avec mes amies le film \u201c\u00c0 deux m\u00e8tres de toi\u201d. Le film raconte l&#8217;histoire de deux adolescents: Stella, de&#46;&#46;&#46;<\/p>\n","protected":false},"author":3,"featured_media":1833,"comment_status":"open","ping_status":"open","sticky":false,"template":"","format":"standard","meta":{"jetpack_post_was_ever_published":false,"jetpack_publicize_message":"","jetpack_is_tweetstorm":false,"jetpack_publicize_feature_enabled":true,"jetpack_social_options":[]},"categories":[10,12],"tags":[40,55],"jetpack_publicize_connections":[],"jetpack_featured_media_url":"https:\/\/www.iessenara.es\/Revista\/wp-content\/uploads\/2020\/01\/a-dos-metros-de-ti.jpg","jetpack_sharing_enabled":true,"jetpack_shortlink":"https:\/\/wp.me\/p5mbkp-ty","_links":{"self":[{"href":"https:\/\/www.iessenara.es\/Revista\/index.php?rest_route=\/wp\/v2\/posts\/1832"}],"collection":[{"href":"https:\/\/www.iessenara.es\/Revista\/index.php?rest_route=\/wp\/v2\/posts"}],"about":[{"href":"https:\/\/www.iessenara.es\/Revista\/index.php?rest_route=\/wp\/v2\/types\/post"}],"author":[{"embeddable":true,"href":"https:\/\/www.iessenara.es\/Revista\/index.php?rest_route=\/wp\/v2\/users\/3"}],"replies":[{"embeddable":true,"href":"https:\/\/www.iessenara.es\/Revista\/index.php?rest_route=%2Fwp%2Fv2%2Fcomments&post=1832"}],"version-history":[{"count":2,"href":"https:\/\/www.iessenara.es\/Revista\/index.php?rest_route=\/wp\/v2\/posts\/1832\/revisions"}],"predecessor-version":[{"id":1835,"href":"https:\/\/www.iessenara.es\/Revista\/index.php?rest_route=\/wp\/v2\/posts\/1832\/revisions\/1835"}],"wp:featuredmedia":[{"embeddable":true,"href":"https:\/\/www.iessenara.es\/Revista\/index.php?rest_route=\/wp\/v2\/media\/1833"}],"wp:attachment":[{"href":"https:\/\/www.iessenara.es\/Revista\/index.php?rest_route=%2Fwp%2Fv2%2Fmedia&parent=1832"}],"wp:term":[{"taxonomy":"category","embeddable":true,"href":"https:\/\/www.iessenara.es\/Revista\/index.php?rest_route=%2Fwp%2Fv2%2Fcategories&post=1832"},{"taxonomy":"post_tag","embeddable":true,"href":"https:\/\/www.iessenara.es\/Revista\/index.php?rest_route=%2Fwp%2Fv2%2Ftags&post=1832"}],"curies":[{"name":"wp","href":"https:\/\/api.w.org\/{rel}","templated":true}]}}