{"id":1839,"date":"2020-01-16T11:21:08","date_gmt":"2020-01-16T11:21:08","guid":{"rendered":"http:\/\/www.iessenara.es\/Revista\/?p=1839"},"modified":"2020-01-16T11:23:35","modified_gmt":"2020-01-16T11:23:35","slug":"pere-il-ny-en-a-quun","status":"publish","type":"post","link":"https:\/\/www.iessenara.es\/Revista\/?p=1839","title":{"rendered":"P\u00e8re, il n\u2019y en a qu\u2019un"},"content":{"rendered":"\n<p>SELENA GONZ\u00c1LEZ ROMERO. 2\u00ba Bachillerato HCS<\/p>\n\n\n\n<figure class=\"wp-block-image\"><img decoding=\"async\" loading=\"lazy\" width=\"1024\" height=\"576\" src=\"http:\/\/www.iessenara.es\/Revista\/wp-content\/uploads\/2020\/01\/padre-no-hay-mas-que-uno-1024x576.jpg\" alt=\"\" class=\"wp-image-1830\" srcset=\"https:\/\/www.iessenara.es\/Revista\/wp-content\/uploads\/2020\/01\/padre-no-hay-mas-que-uno-1024x576.jpg 1024w, https:\/\/www.iessenara.es\/Revista\/wp-content\/uploads\/2020\/01\/padre-no-hay-mas-que-uno-300x169.jpg 300w, https:\/\/www.iessenara.es\/Revista\/wp-content\/uploads\/2020\/01\/padre-no-hay-mas-que-uno-768x432.jpg 768w, https:\/\/www.iessenara.es\/Revista\/wp-content\/uploads\/2020\/01\/padre-no-hay-mas-que-uno.jpg 1600w\" sizes=\"(max-width: 1024px) 100vw, 1024px\" \/><\/figure>\n\n\n\n<p>Ce film pr\u00e9sente une famille avec\ncinq enfants de 4 \u00e0 12 ans, dont 4 filles et 1 gar\u00e7on. La m\u00e8re s\u2019occupe chaque\njour de toutes les t\u00e2ches, mais un jour elle d\u00e9cide de partir en voyage m\u00eame si\nelle ne veut pas se s\u00e9parer de ses enfants et sa belle-s\u0153ur part avec elle.\nJavier, le p\u00e8re qui n\u2019a jamais aid\u00e9 \u00e0 la maison, doit s\u2019occuper maintenant de\nla maison et aussi de ses enfants \u00e0 l\u2019aide de la nourrice. Les enfants ne\nl\u2019aident pas et il appelle \u00e0 son beau-fr\u00e8re. Pendant le voyage, la m\u00e8re\nvoudrait t\u00e9l\u00e9phoner sa famille, mais sa belle-s\u0153ur ne lui laisse pas faire,\nelle doit s\u2019amuser. Elles vont \u00e0 la plage le jour et la nuit elles sortent\nfaire la f\u00eate. De l\u2019autre c\u00f4t\u00e9, le p\u00e8re doit emmener ses enfants \u00e0 l\u2019\u00e9cole tous\nles jours, et l\u2019apr\u00e8s-midi il les emm\u00e8ne l\u00e0 o\u00f9 ils veulent y aller. Un jour la\nm\u00e8re d\u00e9cide finalement de rentrer, alors elles ach\u00e8tent les billets d\u2019avion et\nelles rentrent \u00e0 la maison. Le p\u00e8re aussi voulait que la m\u00e8re retourne \u00e0 la\nmaison parce qu\u2019il avait vraiment besoin d\u2019aide puisque la nourrice \u00e9tait\npartie. \u00c0 la maison ils ont eu un accident domestique: du feu au salon.\nHeureusement la nourrice est retourn\u00e9e et ils ont tout r\u00e9gl\u00e9. Quand la m\u00e8re est\narriv\u00e9e \u00e0 la maison tout le monde \u00e9tait tr\u00e8s content.<\/p>\n","protected":false},"excerpt":{"rendered":"<p>SELENA GONZ\u00c1LEZ ROMERO. 2\u00ba Bachillerato HCS Ce film pr\u00e9sente une famille avec cinq enfants de 4 \u00e0 12 ans, dont 4 filles et 1 gar\u00e7on. La m\u00e8re s\u2019occupe chaque jour de toutes les t\u00e2ches,&#46;&#46;&#46;<\/p>\n","protected":false},"author":3,"featured_media":1830,"comment_status":"open","ping_status":"open","sticky":false,"template":"","format":"standard","meta":{"jetpack_post_was_ever_published":false,"jetpack_publicize_message":"","jetpack_is_tweetstorm":false,"jetpack_publicize_feature_enabled":true,"jetpack_social_options":[]},"categories":[10,12],"tags":[40,55],"jetpack_publicize_connections":[],"jetpack_featured_media_url":"https:\/\/www.iessenara.es\/Revista\/wp-content\/uploads\/2020\/01\/padre-no-hay-mas-que-uno.jpg","jetpack_sharing_enabled":true,"jetpack_shortlink":"https:\/\/wp.me\/p5mbkp-tF","_links":{"self":[{"href":"https:\/\/www.iessenara.es\/Revista\/index.php?rest_route=\/wp\/v2\/posts\/1839"}],"collection":[{"href":"https:\/\/www.iessenara.es\/Revista\/index.php?rest_route=\/wp\/v2\/posts"}],"about":[{"href":"https:\/\/www.iessenara.es\/Revista\/index.php?rest_route=\/wp\/v2\/types\/post"}],"author":[{"embeddable":true,"href":"https:\/\/www.iessenara.es\/Revista\/index.php?rest_route=\/wp\/v2\/users\/3"}],"replies":[{"embeddable":true,"href":"https:\/\/www.iessenara.es\/Revista\/index.php?rest_route=%2Fwp%2Fv2%2Fcomments&post=1839"}],"version-history":[{"count":1,"href":"https:\/\/www.iessenara.es\/Revista\/index.php?rest_route=\/wp\/v2\/posts\/1839\/revisions"}],"predecessor-version":[{"id":1840,"href":"https:\/\/www.iessenara.es\/Revista\/index.php?rest_route=\/wp\/v2\/posts\/1839\/revisions\/1840"}],"wp:featuredmedia":[{"embeddable":true,"href":"https:\/\/www.iessenara.es\/Revista\/index.php?rest_route=\/wp\/v2\/media\/1830"}],"wp:attachment":[{"href":"https:\/\/www.iessenara.es\/Revista\/index.php?rest_route=%2Fwp%2Fv2%2Fmedia&parent=1839"}],"wp:term":[{"taxonomy":"category","embeddable":true,"href":"https:\/\/www.iessenara.es\/Revista\/index.php?rest_route=%2Fwp%2Fv2%2Fcategories&post=1839"},{"taxonomy":"post_tag","embeddable":true,"href":"https:\/\/www.iessenara.es\/Revista\/index.php?rest_route=%2Fwp%2Fv2%2Ftags&post=1839"}],"curies":[{"name":"wp","href":"https:\/\/api.w.org\/{rel}","templated":true}]}}