{"id":1851,"date":"2020-01-23T19:52:09","date_gmt":"2020-01-23T19:52:09","guid":{"rendered":"http:\/\/www.iessenara.es\/Revista\/?p=1851"},"modified":"2020-01-23T19:52:15","modified_gmt":"2020-01-23T19:52:15","slug":"ya-somos-la-civilizacion-de-la-basura","status":"publish","type":"post","link":"https:\/\/www.iessenara.es\/Revista\/?p=1851","title":{"rendered":"Ya somos la civilizaci\u00f3n de la basura"},"content":{"rendered":"\n<p>ALUMNOS DE HISTORIA de 4.\u00ba de ESO<\/p>\n\n\n\n<p>Dentro del Programa de Educaci\u00f3n Ambiental que est\u00e1\nllevando a cabo el IES Senara, los alumnos de Historia de 4.\u00ba de ESO han\ntrabajado la gesti\u00f3n de los residuos. En concreto, nos hemos centrado en el\nan\u00e1lisis de los productos de la compra, para rechazar aquellos que est\u00e1n \u201csobreenvasados\u201d.\nNuestro plan de trabajo se inici\u00f3 en octubre con el visionado de un fragmento\ndel programa <em>Planeta Azul<\/em>, donde ya en 1972, el naturalista F\u00e9lix\nRodr\u00edguez de la Fuente, alertaba sobre los residuos de pl\u00e1stico de un solo uso\ny profetizaba que, de seguir as\u00ed, acabar\u00edamos siendo denominados la <strong><em>civilizaci\u00f3n\nde la basura<\/em><\/strong>.<\/p>\n\n\n\n<p>Posteriormente, el 27 de noviembre, acudimos a\nSalamanca para colaborar con el Banco de Alimentos, en una actividad organizada\ndesde la asignatura de Econom\u00eda. Aprovechamos la actividad para que los alumnos\ncaptaran im\u00e1genes en los diferentes supermercados de aquellos productos que\nabusaban innecesariamente del pl\u00e1stico.<\/p>\n\n\n\n<p>Una vez tomada conciencia, decidimos que hab\u00eda que reaccionar y pasar a la acci\u00f3n, buscando peque\u00f1os cambios en nuestros h\u00e1bitos y actuaciones diarias para intentar reducir los productos \u201csobreenvasados\u201d. Todo este trabajo queda reflejado en el siguiente v\u00eddeo.<\/p>\n\n\n\n<figure class=\"wp-block-embed-youtube wp-block-embed is-type-video is-provider-youtube wp-embed-aspect-16-9 wp-has-aspect-ratio\"><div class=\"wp-block-embed__wrapper\">\n<div class=\"video-container\"><span class=\"embed-youtube\" style=\"text-align:center; display: block;\"><iframe loading=\"lazy\" class=\"youtube-player\" width=\"640\" height=\"360\" src=\"https:\/\/www.youtube.com\/embed\/5VluesCSfHo?version=3&#038;rel=1&#038;showsearch=0&#038;showinfo=1&#038;iv_load_policy=1&#038;fs=1&#038;hl=es-ES&#038;autohide=2&#038;wmode=transparent\" allowfullscreen=\"true\" style=\"border:0;\" sandbox=\"allow-scripts allow-same-origin allow-popups allow-presentation\"><\/iframe><\/span><\/div>\n<\/div><\/figure>\n","protected":false},"excerpt":{"rendered":"<p>ALUMNOS DE HISTORIA de 4.\u00ba de ESO Dentro del Programa de Educaci\u00f3n Ambiental que est\u00e1 llevando a cabo el IES Senara, los alumnos de Historia de 4.\u00ba de ESO han trabajado la gesti\u00f3n de&#46;&#46;&#46;<\/p>\n","protected":false},"author":3,"featured_media":1853,"comment_status":"open","ping_status":"open","sticky":false,"template":"","format":"standard","meta":{"jetpack_post_was_ever_published":false,"jetpack_publicize_message":"","jetpack_is_tweetstorm":false,"jetpack_publicize_feature_enabled":true,"jetpack_social_options":[]},"categories":[6,8],"tags":[194,193,39,19,170,146],"jetpack_publicize_connections":[],"jetpack_featured_media_url":"https:\/\/www.iessenara.es\/Revista\/wp-content\/uploads\/2020\/01\/platanos.jpg","jetpack_sharing_enabled":true,"jetpack_shortlink":"https:\/\/wp.me\/p5mbkp-tR","_links":{"self":[{"href":"https:\/\/www.iessenara.es\/Revista\/index.php?rest_route=\/wp\/v2\/posts\/1851"}],"collection":[{"href":"https:\/\/www.iessenara.es\/Revista\/index.php?rest_route=\/wp\/v2\/posts"}],"about":[{"href":"https:\/\/www.iessenara.es\/Revista\/index.php?rest_route=\/wp\/v2\/types\/post"}],"author":[{"embeddable":true,"href":"https:\/\/www.iessenara.es\/Revista\/index.php?rest_route=\/wp\/v2\/users\/3"}],"replies":[{"embeddable":true,"href":"https:\/\/www.iessenara.es\/Revista\/index.php?rest_route=%2Fwp%2Fv2%2Fcomments&post=1851"}],"version-history":[{"count":1,"href":"https:\/\/www.iessenara.es\/Revista\/index.php?rest_route=\/wp\/v2\/posts\/1851\/revisions"}],"predecessor-version":[{"id":1852,"href":"https:\/\/www.iessenara.es\/Revista\/index.php?rest_route=\/wp\/v2\/posts\/1851\/revisions\/1852"}],"wp:featuredmedia":[{"embeddable":true,"href":"https:\/\/www.iessenara.es\/Revista\/index.php?rest_route=\/wp\/v2\/media\/1853"}],"wp:attachment":[{"href":"https:\/\/www.iessenara.es\/Revista\/index.php?rest_route=%2Fwp%2Fv2%2Fmedia&parent=1851"}],"wp:term":[{"taxonomy":"category","embeddable":true,"href":"https:\/\/www.iessenara.es\/Revista\/index.php?rest_route=%2Fwp%2Fv2%2Fcategories&post=1851"},{"taxonomy":"post_tag","embeddable":true,"href":"https:\/\/www.iessenara.es\/Revista\/index.php?rest_route=%2Fwp%2Fv2%2Ftags&post=1851"}],"curies":[{"name":"wp","href":"https:\/\/api.w.org\/{rel}","templated":true}]}}