{"id":1877,"date":"2020-02-04T07:40:40","date_gmt":"2020-02-04T07:40:40","guid":{"rendered":"http:\/\/www.iessenara.es\/Revista\/?p=1877"},"modified":"2020-02-04T07:40:46","modified_gmt":"2020-02-04T07:40:46","slug":"la-democracia-del-aburrimiento","status":"publish","type":"post","link":"https:\/\/www.iessenara.es\/Revista\/?p=1877","title":{"rendered":"La democracia del aburrimiento"},"content":{"rendered":"\n<p>MANUEL DE CASTRO DE DIEGO. Alumno de 1.\u00ba de Bachillerato HCS<\/p>\n\n\n\n<figure class=\"wp-block-image\"><img decoding=\"async\" loading=\"lazy\" width=\"1024\" height=\"683\" src=\"http:\/\/www.iessenara.es\/Revista\/wp-content\/uploads\/2020\/02\/senara.entrada.02-1024x683.jpg\" alt=\"\" class=\"wp-image-1878\" srcset=\"https:\/\/www.iessenara.es\/Revista\/wp-content\/uploads\/2020\/02\/senara.entrada.02-1024x683.jpg 1024w, https:\/\/www.iessenara.es\/Revista\/wp-content\/uploads\/2020\/02\/senara.entrada.02-300x200.jpg 300w, https:\/\/www.iessenara.es\/Revista\/wp-content\/uploads\/2020\/02\/senara.entrada.02-768x512.jpg 768w\" sizes=\"(max-width: 1024px) 100vw, 1024px\" \/><\/figure>\n\n\n\n<p>La\nsociedad en general infravalora el aburrimiento. S\u00ed, lo ve como algo gris,\nmon\u00f3tono, de d\u00edas de gripe o cosas as\u00ed, eso supongo. Tal vez sea fruto de la\ncultura del \u201cya\u201d y del consumo; s\u00ed, esa misma que nos ha impuesto que no\npodemos \u201cno hacer nada\u201d y que ha inundado nuestras casas con pantallas para el\nfin de erradicar el aburrimiento. Sin embargo, la mayor\u00eda de la gente ni\nsospecha que el aburrimiento es la semilla de la que surge la diversi\u00f3n y la\ncreatividad. Un mar embravecido antes debe estar en calma, \u00bfno? Pues eso mismo\nme pas\u00f3 una noche de verano. No s\u00e9 si en aquella no sal\u00eda nadie o era yo el que\nquer\u00eda aburrirme encerrado en casa. Tanto da, lo importante es lo que descubr\u00ed\nen cifras exactas. <\/p>\n\n\n\n<p>\u00bfQu\u00e9\npodr\u00eda hacer una noche de verano solo y en casa? Me puse a recopilar datos de\npoblaci\u00f3n de los pueblos de la comarca, viendo su evoluci\u00f3n en una tabla,\ncalculadora en mano. Me salt\u00f3 la curiosidad por la que los medios y sus\ndenunciantes llaman la Espa\u00f1a \u201cvac\u00eda\u201d o \u201cvaciada\u201d y me pregunt\u00e9 si viv\u00eda en esa\nzona de nuestro pa\u00eds con menos densidad de poblaci\u00f3n que Laponia (n\u00f3tese la\niron\u00eda). La buena noticia es que a\u00fan no pasa eso; la mala es que en cuarenta\na\u00f1os s\u00ed. No me refiero a la zona de las Villas, cuya poblaci\u00f3n desaparecer\u00eda matem\u00e1ticamente\nen doscientos cuarenta a\u00f1os, sino a la parte norte de la Mancomunidad de\nCantalapiedra y las Villas, etso es, las Guare\u00f1as o Tierra de Cantalapiedra.\nActualmente pierden de media setenta y cinco habitantes anuales, teniendo tres\nmil. Y no soy dem\u00f3grafo ni mucho menos, pero apostar\u00eda lo que fuera a que\ncuanta menos gente hay en un sitio, mayor es el ritmo de despoblaci\u00f3n, sobre\ntodo si se cuenta con la posible robotizaci\u00f3n del campo en esta nueva\nrevoluci\u00f3n industrial del siglo XXI.<\/p>\n\n\n\n<p>Y no solo\nes que esa zona desaparezca, sino que el instituto al que van los chicos y las\nchicas que viven en las Guare\u00f1as podr\u00eda cerrar, al carecer de los alumnos que\nacuden todas las semanas. Y no hay que olvidar que ese mismo IES da servicio a\nlas Villas. \u00bfQu\u00e9 pasar\u00eda con las parejas j\u00f3venes, si ven que sus hijos no\npueden acceder a una educaci\u00f3n en un sitio cercano? \u00bfQuerr\u00edan quedarse o\nmarcharse? La desaparici\u00f3n de la Tierra de Cantalapiedra, o al menos de la\nmayor parte de su poblaci\u00f3n, tendr\u00eda efectos nefastos en la zona sur de la Mancomunidad:\nposible efecto bola de nieve. <\/p>\n\n\n\n<p>Mientras\ntanto, \u00bfqu\u00e9 se dice desde la Junta de Castilla y Le\u00f3n? Se nos informa de que la\npr\u00f3xima reforma sanitaria har\u00e1 que desde las localidades menos pobladas van a\ntener que pedir cita para que el m\u00e9dico vaya al pueblo. \u00bfQu\u00e9 es esto sino un\nmedio para cerrar <em>de facto<\/em> consultorios y despedir a m\u00e9dicos? La Junta\nno puede cerrar las consultas, est\u00e1n en manos de los ayuntamientos, pero con\nesta medida pueden anular nuestro derecho de la atenci\u00f3n sanitaria diaria. Adem\u00e1s,\nlos centros de referencia perder\u00edan personal m\u00e9dico, empeorando la calidad\nsanitaria. La Junta ha puesto un clavo m\u00e1s en el ata\u00fad en el que se enterrar\u00e1\nla Espa\u00f1a rural. Pero no es solo eso, sino que se ha anunciado que se\ndespedir\u00e1n quince profesores y maestros en la provincia de Salamanca en los\nlugares \u201cen los que menos se necesitan\u201d. Eso es: en los pueblos. No es que\ndesde la esfera pol\u00edtica solo se utilice la defensa de la Espa\u00f1a vaciada como\narma arrojadiza y luego se olvida, sino que ellos mismos, los gobiernos\nauton\u00f3micos y el Gobierno, ayudan a agudizar el problema. <\/p>\n\n\n\n<p>Pero\nretomando sobre el tema inicial\u2026 el aburrimiento. Uno de estos domingos de\ninvierno me vi absorbido por ese estado y saqu\u00e9 a pasear a mi perro para ver si\nse me aclaraban las ideas. Entonces vi que las vallas para el encierro ya\nestaban empezando a montarse para las fiestas de San Blas en Babilafuente y\nrecord\u00e9 con pesimismo las cifras que hall\u00e9 en aquella noche de verano. \u00bfPor qu\u00e9\nnosotros, los j\u00f3venes, no hacemos nada? \u00a1Cobardes ser\u00edamos si esper\u00e1semos que\nnuestros mayores, que son mayor\u00eda aqu\u00ed, protestaran! Ellos ya cumplieron con su\nservicio, tienen que descansar como es debido. No soy taurino, all\u00e1 ellos si se\norganizan para hacer eso. Pero del mismo modo podr\u00edan salir para defender al\npueblo, porque al final no tendr\u00e1n lugar donde celebrar sus festejos. Al fin y\nal cabo, si los pol\u00edticos no hacen nada, tenemos que ser nosotros, y sobre todo\nlos j\u00f3venes, quienes nos levantemos para parar esto. La democracia no se basa\nen votar y olvidarse, democracia significa \u201cgobierno del pueblo\u201d y no\n\u201caristocracia electiva\u201d, porque es lo que estamos generando ahora: arist\u00f3cratas.\nPor ello, debemos tomar esta palabra, <em>democracia<\/em>, y obligarlos a que\npongan freno a la despoblaci\u00f3n. Y eso no se consigue en una jornada electoral,\neso se consigue d\u00eda a d\u00eda.<\/p>\n\n\n\n<p>No querr\u00eda\nque lo \u00faltimo que se rezara en la iglesia de mi pueblo fuera un <em>requiem<\/em>\u2026<\/p>\n","protected":false},"excerpt":{"rendered":"<p>MANUEL DE CASTRO DE DIEGO. Alumno de 1.\u00ba de Bachillerato HCS La sociedad en general infravalora el aburrimiento. S\u00ed, lo ve como algo gris, mon\u00f3tono, de d\u00edas de gripe o cosas as\u00ed, eso supongo.&#46;&#46;&#46;<\/p>\n","protected":false},"author":3,"featured_media":1878,"comment_status":"open","ping_status":"open","sticky":false,"template":"","format":"standard","meta":{"jetpack_post_was_ever_published":false,"jetpack_publicize_message":"","jetpack_is_tweetstorm":false,"jetpack_publicize_feature_enabled":true,"jetpack_social_options":[]},"categories":[10,7],"tags":[86,205,204,203,206],"jetpack_publicize_connections":[],"jetpack_featured_media_url":"https:\/\/www.iessenara.es\/Revista\/wp-content\/uploads\/2020\/02\/senara.entrada.02.jpg","jetpack_sharing_enabled":true,"jetpack_shortlink":"https:\/\/wp.me\/p5mbkp-uh","_links":{"self":[{"href":"https:\/\/www.iessenara.es\/Revista\/index.php?rest_route=\/wp\/v2\/posts\/1877"}],"collection":[{"href":"https:\/\/www.iessenara.es\/Revista\/index.php?rest_route=\/wp\/v2\/posts"}],"about":[{"href":"https:\/\/www.iessenara.es\/Revista\/index.php?rest_route=\/wp\/v2\/types\/post"}],"author":[{"embeddable":true,"href":"https:\/\/www.iessenara.es\/Revista\/index.php?rest_route=\/wp\/v2\/users\/3"}],"replies":[{"embeddable":true,"href":"https:\/\/www.iessenara.es\/Revista\/index.php?rest_route=%2Fwp%2Fv2%2Fcomments&post=1877"}],"version-history":[{"count":1,"href":"https:\/\/www.iessenara.es\/Revista\/index.php?rest_route=\/wp\/v2\/posts\/1877\/revisions"}],"predecessor-version":[{"id":1879,"href":"https:\/\/www.iessenara.es\/Revista\/index.php?rest_route=\/wp\/v2\/posts\/1877\/revisions\/1879"}],"wp:featuredmedia":[{"embeddable":true,"href":"https:\/\/www.iessenara.es\/Revista\/index.php?rest_route=\/wp\/v2\/media\/1878"}],"wp:attachment":[{"href":"https:\/\/www.iessenara.es\/Revista\/index.php?rest_route=%2Fwp%2Fv2%2Fmedia&parent=1877"}],"wp:term":[{"taxonomy":"category","embeddable":true,"href":"https:\/\/www.iessenara.es\/Revista\/index.php?rest_route=%2Fwp%2Fv2%2Fcategories&post=1877"},{"taxonomy":"post_tag","embeddable":true,"href":"https:\/\/www.iessenara.es\/Revista\/index.php?rest_route=%2Fwp%2Fv2%2Ftags&post=1877"}],"curies":[{"name":"wp","href":"https:\/\/api.w.org\/{rel}","templated":true}]}}