{"id":1892,"date":"2020-03-21T12:36:24","date_gmt":"2020-03-21T12:36:24","guid":{"rendered":"http:\/\/www.iessenara.es\/Revista\/?p=1892"},"modified":"2020-03-21T12:37:07","modified_gmt":"2020-03-21T12:37:07","slug":"yomequedoencasa-viendo-peliculas","status":"publish","type":"post","link":"https:\/\/www.iessenara.es\/Revista\/?p=1892","title":{"rendered":"YoMeQuedoEnCasa\u2026 viendo pel\u00edculas"},"content":{"rendered":"\n<p>JOS\u00c9 FERNANDO PABLOS NAVAZO. Profesor de Lat\u00edn<\/p>\n\n\n\n<p>Esta extra\u00f1a sensaci\u00f3n que estamos viviendo estos d\u00edas, confinados en nuestros hogares para evitar la expansi\u00f3n de COVID-19, me ha tra\u00eddo a la memoria historias similares vistas en el cine o en la televisi\u00f3n. Se trata de planteamientos en los que un ser humano ha de vivir recluido normalmente para sobrevivir. Esta es mi recomendaci\u00f3n:<\/p>\n\n\n\n<h4>La ventana indiscreta<\/h4>\n\n\n\n<div class=\"wp-block-image\"><figure class=\"aligncenter is-resized\"><img decoding=\"async\" loading=\"lazy\" src=\"http:\/\/www.iessenara.es\/Revista\/wp-content\/uploads\/2020\/03\/Rear-Window-1024x620.jpg\" alt=\"\" class=\"wp-image-1893\" width=\"427\" height=\"258\" srcset=\"https:\/\/www.iessenara.es\/Revista\/wp-content\/uploads\/2020\/03\/Rear-Window-1024x620.jpg 1024w, https:\/\/www.iessenara.es\/Revista\/wp-content\/uploads\/2020\/03\/Rear-Window-300x182.jpg 300w, https:\/\/www.iessenara.es\/Revista\/wp-content\/uploads\/2020\/03\/Rear-Window-768x465.jpg 768w, https:\/\/www.iessenara.es\/Revista\/wp-content\/uploads\/2020\/03\/Rear-Window.jpg 1600w\" sizes=\"(max-width: 427px) 100vw, 427px\" \/><\/figure><\/div>\n\n\n\n<p>Se trata de una pel\u00edcula en color de mediados de los a\u00f1os 50, dirigida por Alfred Hitchcock y protagonizada por James Stewart y Grace Kelly. Un fot\u00f3grafo ha de permanecer recluido en casa, sentado en una silla de ruedas, porque se ha roto una pierna. Contempla el mundo a trav\u00e9s de la ventana que da a un amplio patio interior. Desde all\u00ed observa la vida de sus vecinos, hasta que uno de ellos le resulta sospechoso de haber cometido un asesinato. El espectador vivir\u00e1 desde este momento la angustia de un ser encerrado en su habitaci\u00f3n y ver\u00e1 con los ojos del fot\u00f3grafo el esp\u00edritu de supervivencia.<\/p>\n\n\n\n<h2>Marte (The Martian)<\/h2>\n\n\n\n<div class=\"wp-block-image\"><figure class=\"aligncenter is-resized\"><img decoding=\"async\" loading=\"lazy\" src=\"http:\/\/www.iessenara.es\/Revista\/wp-content\/uploads\/2020\/03\/the_martian-691x1024.jpg\" alt=\"\" class=\"wp-image-1894\" width=\"298\" height=\"441\" srcset=\"https:\/\/www.iessenara.es\/Revista\/wp-content\/uploads\/2020\/03\/the_martian-691x1024.jpg 691w, https:\/\/www.iessenara.es\/Revista\/wp-content\/uploads\/2020\/03\/the_martian-203x300.jpg 203w, https:\/\/www.iessenara.es\/Revista\/wp-content\/uploads\/2020\/03\/the_martian-768x1138.jpg 768w, https:\/\/www.iessenara.es\/Revista\/wp-content\/uploads\/2020\/03\/the_martian.jpg 810w\" sizes=\"(max-width: 298px) 100vw, 298px\" \/><\/figure><\/div>\n\n\n\n<p>Ridley Scott dirige esta pel\u00edcula en 2015 protagonizada por\nMatt Damon, quien representa a un astronauta abandonado por su tripulaci\u00f3n en\nuna misi\u00f3n a Marte. Puesto que le han dado por muerto, debe desarrollar el\ningenio y sobrevivir encerrado en la base de operaciones gracias a sus\nconocimientos cient\u00edficos. Para m\u00ed, lo m\u00e1s interesante de la pel\u00edcula es\ncomprobar c\u00f3mo el esp\u00edritu de supervivencia del ser humano le lleva a utilizar los\nescasos recursos a su alcance para lograrlo.<\/p>\n\n\n\n<h4>Soy leyenda<\/h4>\n\n\n\n<div class=\"wp-block-image\"><figure class=\"aligncenter is-resized\"><img decoding=\"async\" loading=\"lazy\" src=\"http:\/\/www.iessenara.es\/Revista\/wp-content\/uploads\/2020\/03\/I-Am-Legend_02-719x1024.jpg\" alt=\"\" class=\"wp-image-1895\" width=\"267\" height=\"381\" srcset=\"https:\/\/www.iessenara.es\/Revista\/wp-content\/uploads\/2020\/03\/I-Am-Legend_02.jpg 719w, https:\/\/www.iessenara.es\/Revista\/wp-content\/uploads\/2020\/03\/I-Am-Legend_02-211x300.jpg 211w\" sizes=\"(max-width: 267px) 100vw, 267px\" \/><\/figure><\/div>\n\n\n\n<p>La pel\u00edcula dirigida en 2007 por Francis Lawrence y protagonizada por Will Smith nos presenta un planeta Tierra postapocal\u00edptico tras una pandemia, sin vida humana salvo la de un cient\u00edfico inmune al virus, acompa\u00f1ado por su perra Samantha. Aquel vive de d\u00eda en unas calles desiertas de Nueva York, mientras por la noche se refugia en su casa b\u00fanker de las agresivas criaturas mutadas por el virus. Mediante varios <em>flash back<\/em> conocemos c\u00f3mo se produjo y extendi\u00f3 la pandemia. La lucha por la supervivencia, encontrar otros seres humanos y desarrollar un ant\u00eddoto contra el virus centrar\u00e1n la vida del protagonista y sumir\u00e1n al espectador en un suspense que no decae a lo largo de toda la cinta.<\/p>\n\n\n\n<p>He intentado no hacer <em>spoiler<\/em>, tan solo presentar tres situaciones similares a las que estamos viviendo y animaros a verlas en casa. Existen otras situaciones de encierro llevadas al cine, desde una terminal de aeropuerto (<em>La Terminal<\/em>, de Steven Spielberg), una isla (<em>N\u00e1ufrago<\/em>, de Robert Zemeckis), un ata\u00fad (<em>Buried<\/em>, de Rodrigo Cort\u00e9s), incluso el tiempo (<em>Atrapado en el tiempo<\/em>, de Harold Ramis), como estos d\u00edas que nos han tocado vivir. Haced de cada d\u00eda un d\u00eda especial y diferente. Mucha suerte a todos.<\/p>\n","protected":false},"excerpt":{"rendered":"<p>JOS\u00c9 FERNANDO PABLOS NAVAZO. Profesor de Lat\u00edn Esta extra\u00f1a sensaci\u00f3n que estamos viviendo estos d\u00edas, confinados en nuestros hogares para evitar la expansi\u00f3n de COVID-19, me ha tra\u00eddo a la memoria historias similares vistas&#46;&#46;&#46;<\/p>\n","protected":false},"author":3,"featured_media":1897,"comment_status":"open","ping_status":"open","sticky":false,"template":"","format":"standard","meta":{"jetpack_post_was_ever_published":false,"jetpack_publicize_message":"","jetpack_is_tweetstorm":false,"jetpack_publicize_feature_enabled":true,"jetpack_social_options":[]},"categories":[13,12],"tags":[209,40,208,119,210],"jetpack_publicize_connections":[],"jetpack_featured_media_url":"https:\/\/www.iessenara.es\/Revista\/wp-content\/uploads\/2020\/03\/the_martian_02.jpg","jetpack_sharing_enabled":true,"jetpack_shortlink":"https:\/\/wp.me\/p5mbkp-uw","_links":{"self":[{"href":"https:\/\/www.iessenara.es\/Revista\/index.php?rest_route=\/wp\/v2\/posts\/1892"}],"collection":[{"href":"https:\/\/www.iessenara.es\/Revista\/index.php?rest_route=\/wp\/v2\/posts"}],"about":[{"href":"https:\/\/www.iessenara.es\/Revista\/index.php?rest_route=\/wp\/v2\/types\/post"}],"author":[{"embeddable":true,"href":"https:\/\/www.iessenara.es\/Revista\/index.php?rest_route=\/wp\/v2\/users\/3"}],"replies":[{"embeddable":true,"href":"https:\/\/www.iessenara.es\/Revista\/index.php?rest_route=%2Fwp%2Fv2%2Fcomments&post=1892"}],"version-history":[{"count":10,"href":"https:\/\/www.iessenara.es\/Revista\/index.php?rest_route=\/wp\/v2\/posts\/1892\/revisions"}],"predecessor-version":[{"id":1906,"href":"https:\/\/www.iessenara.es\/Revista\/index.php?rest_route=\/wp\/v2\/posts\/1892\/revisions\/1906"}],"wp:featuredmedia":[{"embeddable":true,"href":"https:\/\/www.iessenara.es\/Revista\/index.php?rest_route=\/wp\/v2\/media\/1897"}],"wp:attachment":[{"href":"https:\/\/www.iessenara.es\/Revista\/index.php?rest_route=%2Fwp%2Fv2%2Fmedia&parent=1892"}],"wp:term":[{"taxonomy":"category","embeddable":true,"href":"https:\/\/www.iessenara.es\/Revista\/index.php?rest_route=%2Fwp%2Fv2%2Fcategories&post=1892"},{"taxonomy":"post_tag","embeddable":true,"href":"https:\/\/www.iessenara.es\/Revista\/index.php?rest_route=%2Fwp%2Fv2%2Ftags&post=1892"}],"curies":[{"name":"wp","href":"https:\/\/api.w.org\/{rel}","templated":true}]}}