{"id":1909,"date":"2020-03-30T11:10:20","date_gmt":"2020-03-30T11:10:20","guid":{"rendered":"http:\/\/www.iessenara.es\/Revista\/?p=1909"},"modified":"2020-03-30T11:10:24","modified_gmt":"2020-03-30T11:10:24","slug":"plus-ultra","status":"publish","type":"post","link":"https:\/\/www.iessenara.es\/Revista\/?p=1909","title":{"rendered":"Plus ultra"},"content":{"rendered":"\n<p>LUC\u00cdA S\u00c1NCHEZ DE LA TORRE.\n1\u00ba Bachillerato HCS<\/p>\n\n\n\n<p><strong>Plus ultra<\/strong><em> (del lat\u00edn, M\u00e1s all\u00e1) es el lema oficial de\nEspa\u00f1a. Fue utilizado por primera vez en 1516 por Carlos I de Espa\u00f1a, que lo\nutiliz\u00f3 como lema personal como expresi\u00f3n del dinamismo del nuevo Imperio espa\u00f1ol.<\/em><\/p>\n\n\n\n<p>Salieron a aplaudir a sus balcones. Sonaron himnos\nde palmas y guerras de cacerolas. Las calles, vac\u00edas en sus baldosas, se\nconvirtieron en ruido a la altura de las ventanas.<\/p>\n\n\n\n<p>Bailaban los r\u00edos a las\nocho de la noche al ritmo de los pajarillos animosos. Las nubes acariciaban el\ncielo con sus barbas esponjosas. La lluvia ces\u00f3 para no inundar las cabezas\nciudadanas. La naturaleza levant\u00f3 sus laureles y tambi\u00e9n coron\u00f3 a los cl\u00ednicos.<\/p>\n\n\n\n<p>Iban y ven\u00edan ambulancias,\nde un lado a otro de la avenida y, a su pasar, sonre\u00edan o lloraban, almas\norgullosas.<\/p>\n\n\n\n<p>Hay escarcha en los\npulmones de los aislados. Hay fr\u00edo en los corazones de sus familias. Hay cartas\nde despedida mojadas en charcos de distancias. Hay un pueblo, que est\u00e1\ndesenvainando la espada del gotero, que lucha contra COVID-19.<\/p>\n\n\n\n<p>Hablamos de Esteban, de\nBaudilio, de In\u00e9s y de Juana en las Iglesias. Tenemos, en nuestros hospitales,\na un sector de <em>davides<\/em> con bata\nluchando contra un Goliat sin vacuna.<\/p>\n\n\n\n<p>Han sido y ser\u00e1n d\u00edas de\ncuerda floja. Somos una Torre de Pisa inclinada, a poco de derrumbe. Pero hay\npersonas tirando de cuerdas para ponerla recta. <\/p>\n\n\n\n<p>Y m\u00e1s all\u00e1 se ve la luz,\nal final de esta encerrona. <\/p>\n\n\n\n<p>Ahora m\u00e1s que nunca:<em> plus ultra<\/em>. Esto no ser\u00e1 cadena perpetua. <\/p>\n\n\n\n<figure class=\"wp-block-image\"><img decoding=\"async\" loading=\"lazy\" width=\"1024\" height=\"576\" src=\"http:\/\/www.iessenara.es\/Revista\/wp-content\/uploads\/2020\/03\/plus-ultra-1024x576.jpg\" alt=\"\" class=\"wp-image-1910\" srcset=\"https:\/\/www.iessenara.es\/Revista\/wp-content\/uploads\/2020\/03\/plus-ultra-1024x576.jpg 1024w, https:\/\/www.iessenara.es\/Revista\/wp-content\/uploads\/2020\/03\/plus-ultra-300x169.jpg 300w, https:\/\/www.iessenara.es\/Revista\/wp-content\/uploads\/2020\/03\/plus-ultra-768x432.jpg 768w, https:\/\/www.iessenara.es\/Revista\/wp-content\/uploads\/2020\/03\/plus-ultra.jpg 1600w\" sizes=\"(max-width: 1024px) 100vw, 1024px\" \/><\/figure>\n","protected":false},"excerpt":{"rendered":"<p>LUC\u00cdA S\u00c1NCHEZ DE LA TORRE. 1\u00ba Bachillerato HCS Plus ultra (del lat\u00edn, M\u00e1s all\u00e1) es el lema oficial de Espa\u00f1a. Fue utilizado por primera vez en 1516 por Carlos I de Espa\u00f1a, que lo&#46;&#46;&#46;<\/p>\n","protected":false},"author":3,"featured_media":1910,"comment_status":"open","ping_status":"open","sticky":false,"template":"","format":"standard","meta":{"jetpack_post_was_ever_published":false,"jetpack_publicize_message":"","jetpack_is_tweetstorm":false,"jetpack_publicize_feature_enabled":true,"jetpack_social_options":[]},"categories":[10,8],"tags":[211,208,212],"jetpack_publicize_connections":[],"jetpack_featured_media_url":"https:\/\/www.iessenara.es\/Revista\/wp-content\/uploads\/2020\/03\/plus-ultra.jpg","jetpack_sharing_enabled":true,"jetpack_shortlink":"https:\/\/wp.me\/p5mbkp-uN","_links":{"self":[{"href":"https:\/\/www.iessenara.es\/Revista\/index.php?rest_route=\/wp\/v2\/posts\/1909"}],"collection":[{"href":"https:\/\/www.iessenara.es\/Revista\/index.php?rest_route=\/wp\/v2\/posts"}],"about":[{"href":"https:\/\/www.iessenara.es\/Revista\/index.php?rest_route=\/wp\/v2\/types\/post"}],"author":[{"embeddable":true,"href":"https:\/\/www.iessenara.es\/Revista\/index.php?rest_route=\/wp\/v2\/users\/3"}],"replies":[{"embeddable":true,"href":"https:\/\/www.iessenara.es\/Revista\/index.php?rest_route=%2Fwp%2Fv2%2Fcomments&post=1909"}],"version-history":[{"count":2,"href":"https:\/\/www.iessenara.es\/Revista\/index.php?rest_route=\/wp\/v2\/posts\/1909\/revisions"}],"predecessor-version":[{"id":1912,"href":"https:\/\/www.iessenara.es\/Revista\/index.php?rest_route=\/wp\/v2\/posts\/1909\/revisions\/1912"}],"wp:featuredmedia":[{"embeddable":true,"href":"https:\/\/www.iessenara.es\/Revista\/index.php?rest_route=\/wp\/v2\/media\/1910"}],"wp:attachment":[{"href":"https:\/\/www.iessenara.es\/Revista\/index.php?rest_route=%2Fwp%2Fv2%2Fmedia&parent=1909"}],"wp:term":[{"taxonomy":"category","embeddable":true,"href":"https:\/\/www.iessenara.es\/Revista\/index.php?rest_route=%2Fwp%2Fv2%2Fcategories&post=1909"},{"taxonomy":"post_tag","embeddable":true,"href":"https:\/\/www.iessenara.es\/Revista\/index.php?rest_route=%2Fwp%2Fv2%2Ftags&post=1909"}],"curies":[{"name":"wp","href":"https:\/\/api.w.org\/{rel}","templated":true}]}}