{"id":1924,"date":"2020-04-19T11:56:11","date_gmt":"2020-04-19T11:56:11","guid":{"rendered":"http:\/\/www.iessenara.es\/Revista\/?p=1924"},"modified":"2020-04-19T11:56:14","modified_gmt":"2020-04-19T11:56:14","slug":"cuando-la-tormenta-pase","status":"publish","type":"post","link":"https:\/\/www.iessenara.es\/Revista\/?p=1924","title":{"rendered":"Cuando la tormenta pase"},"content":{"rendered":"\n<p>MARISOL HERN\u00c1NDEZ, profesora de Lengua Castellana y Literatura y JOS\u00c9 \u00c1NGEL TRILLA, profesor de Biolog\u00eda y Geolog\u00eda<\/p>\n\n\n\n<p>Este v\u00eddeo, realizado con los alumnos de 3.\u00ba de ESO, es un peque\u00f1o homenaje a los que viven y sufren m\u00e1s la pandemia. Tambi\u00e9n es un reconocimiento al esfuerzo de todos por permanecer en casa, a veces en situaciones complicadas, y una manera de recordar a todos que seguimos unidos, que los momentos de des\u00e1nimo son muchos, pero que con fuerza e ilusi\u00f3n saldremos adelante.<\/p>\n\n\n\n<p>Todos estamos trabajando mucho, los alumnos, los padres y los profesores, pero tambi\u00e9n hay que cuidar el \u00e1nimo y ayudar a recuperarse en esos momentos bajos. Queremos decirles que la teledocencia no solo es Moodle, Gmail, Edmodo&#8230;, sino tambi\u00e9n recordarle que estamos aqu\u00ed y pueden contar con nosotros.<\/p>\n\n\n\n<p>Que la ilusi\u00f3n con la que han colaborado los alumnos sirva para seguir adelante.<\/p>\n\n\n\n<figure class=\"wp-block-embed-youtube wp-block-embed is-type-video is-provider-youtube wp-embed-aspect-16-9 wp-has-aspect-ratio\"><div class=\"wp-block-embed__wrapper\">\n<div class=\"video-container\"><span class=\"embed-youtube\" style=\"text-align:center; display: block;\"><iframe loading=\"lazy\" class=\"youtube-player\" width=\"640\" height=\"360\" src=\"https:\/\/www.youtube.com\/embed\/c1YTuPv7L2o?version=3&#038;rel=1&#038;showsearch=0&#038;showinfo=1&#038;iv_load_policy=1&#038;fs=1&#038;hl=es-ES&#038;autohide=2&#038;wmode=transparent\" allowfullscreen=\"true\" style=\"border:0;\" sandbox=\"allow-scripts allow-same-origin allow-popups allow-presentation\"><\/iframe><\/span><\/div>\n<\/div><\/figure>\n","protected":false},"excerpt":{"rendered":"<p>MARISOL HERN\u00c1NDEZ, profesora de Lengua Castellana y Literatura y JOS\u00c9 \u00c1NGEL TRILLA, profesor de Biolog\u00eda y Geolog\u00eda Este v\u00eddeo, realizado con los alumnos de 3.\u00ba de ESO, es un peque\u00f1o homenaje a los que&#46;&#46;&#46;<\/p>\n","protected":false},"author":3,"featured_media":1925,"comment_status":"open","ping_status":"open","sticky":false,"template":"","format":"standard","meta":{"jetpack_post_was_ever_published":false,"jetpack_publicize_message":"","jetpack_is_tweetstorm":false,"jetpack_publicize_feature_enabled":true,"jetpack_social_options":[]},"categories":[10,7],"tags":[211,216,21,217],"jetpack_publicize_connections":[],"jetpack_featured_media_url":"https:\/\/www.iessenara.es\/Revista\/wp-content\/uploads\/2020\/04\/tormenta.jpg","jetpack_sharing_enabled":true,"jetpack_shortlink":"https:\/\/wp.me\/p5mbkp-v2","_links":{"self":[{"href":"https:\/\/www.iessenara.es\/Revista\/index.php?rest_route=\/wp\/v2\/posts\/1924"}],"collection":[{"href":"https:\/\/www.iessenara.es\/Revista\/index.php?rest_route=\/wp\/v2\/posts"}],"about":[{"href":"https:\/\/www.iessenara.es\/Revista\/index.php?rest_route=\/wp\/v2\/types\/post"}],"author":[{"embeddable":true,"href":"https:\/\/www.iessenara.es\/Revista\/index.php?rest_route=\/wp\/v2\/users\/3"}],"replies":[{"embeddable":true,"href":"https:\/\/www.iessenara.es\/Revista\/index.php?rest_route=%2Fwp%2Fv2%2Fcomments&post=1924"}],"version-history":[{"count":1,"href":"https:\/\/www.iessenara.es\/Revista\/index.php?rest_route=\/wp\/v2\/posts\/1924\/revisions"}],"predecessor-version":[{"id":1926,"href":"https:\/\/www.iessenara.es\/Revista\/index.php?rest_route=\/wp\/v2\/posts\/1924\/revisions\/1926"}],"wp:featuredmedia":[{"embeddable":true,"href":"https:\/\/www.iessenara.es\/Revista\/index.php?rest_route=\/wp\/v2\/media\/1925"}],"wp:attachment":[{"href":"https:\/\/www.iessenara.es\/Revista\/index.php?rest_route=%2Fwp%2Fv2%2Fmedia&parent=1924"}],"wp:term":[{"taxonomy":"category","embeddable":true,"href":"https:\/\/www.iessenara.es\/Revista\/index.php?rest_route=%2Fwp%2Fv2%2Fcategories&post=1924"},{"taxonomy":"post_tag","embeddable":true,"href":"https:\/\/www.iessenara.es\/Revista\/index.php?rest_route=%2Fwp%2Fv2%2Ftags&post=1924"}],"curies":[{"name":"wp","href":"https:\/\/api.w.org\/{rel}","templated":true}]}}