{"id":1939,"date":"2020-05-12T15:07:25","date_gmt":"2020-05-12T15:07:25","guid":{"rendered":"http:\/\/www.iessenara.es\/Revista\/?p=1939"},"modified":"2020-05-12T15:07:28","modified_gmt":"2020-05-12T15:07:28","slug":"que-dira-la-historia-del-momento-que-vivimos","status":"publish","type":"post","link":"https:\/\/www.iessenara.es\/Revista\/?p=1939","title":{"rendered":"\u00bfQu\u00e9 dir\u00e1 la historia del momento que vivimos?"},"content":{"rendered":"\n<p>MANUEL DE\nCASTRO DE DIEGO. 1.\u00ba de Bachillerato HCS<\/p>\n\n\n\n<figure class=\"wp-block-image\"><img decoding=\"async\" loading=\"lazy\" width=\"1024\" height=\"683\" src=\"http:\/\/www.iessenara.es\/Revista\/wp-content\/uploads\/2020\/05\/Juli\u00e1n-Casanova1-1024x683.jpg\" alt=\"\" class=\"wp-image-1940\" srcset=\"https:\/\/www.iessenara.es\/Revista\/wp-content\/uploads\/2020\/05\/Juli\u00e1n-Casanova1-1024x683.jpg 1024w, https:\/\/www.iessenara.es\/Revista\/wp-content\/uploads\/2020\/05\/Juli\u00e1n-Casanova1-300x200.jpg 300w, https:\/\/www.iessenara.es\/Revista\/wp-content\/uploads\/2020\/05\/Juli\u00e1n-Casanova1-768x513.jpg 768w\" sizes=\"(max-width: 1024px) 100vw, 1024px\" \/><\/figure>\n\n\n\n<p>Juli\u00e1n Casanova es un catedr\u00e1tico de Historia Contempor\u00e1nea de Universidad de Zaragoza (de hecho, es hijo adoptivo de la ciudad), aunque tambi\u00e9n ha sido profesor visitante en varias universidades europeas. Adem\u00e1s, colabora con diversos medios de comunicaci\u00f3n: El Pa\u00eds, Onda Cero y RTVE y ha escrito varios ensayos sobre historia, como <em>La Guerra civil espa\u00f1ola<\/em> (2008) o <em>La venganza de los siervos<\/em> (2017). Por \u00faltimo, participa en conferencias y cursos para universitarios y estudiantes de ense\u00f1anza media, as\u00ed como ha colaborado activamente en acciones por la memoria hist\u00f3rica. <\/p>\n\n\n\n<p>En el periodo que transcurri\u00f3 entre que las balas\nmataron al archiduque Francisco Fernando y los primeros pasos de los soldados\ndel III Reich para conquistar Polonia, hubo tres hechos: las democracias eran\nd\u00e9biles, los estados carec\u00edan de capacidad de acci\u00f3n y estaban intimidados por\ngrupos paramilitares y que la ciencia avanzaba sobre todo en el terreno de las\narmas y de la destrucci\u00f3n. En el primer punto, se observa en el mapa de Europa\nc\u00f3mo en 1939 solo restaba un pu\u00f1ado de Estados democr\u00e1ticos: Francia, Gran\nBreta\u00f1a, los pa\u00edses del Benelux y los pa\u00edses n\u00f3rdicos. Lo segundo, el estado\nten\u00eda poca capacidad de intervenci\u00f3n debido a la doctrina del liberalismo y en\ndiferentes sucesos se vio c\u00f3mo las instituciones gubernamentales eran fr\u00e1giles.\nLa Marcha sobre Roma, la toma del poder de Hitler, la inestabilidad en Francia,\nla Guerra civil espa\u00f1ola, el Anschluss\u2026 mostraban que los estados no eran\ns\u00f3lidos, a\u00fan m\u00e1s teniendo en cuenta los grupos paramilitares y violentos, como\nlas camisas pardas, las camisas negras o las milicias falangistas. Por \u00faltimo,\nla investigaci\u00f3n se centr\u00f3 sobre todo en una carrera armamentista centrada en\nun objetivo: matar mejor y m\u00e1s r\u00e1pido, lo que dio lugar a <em>joyas<\/em> como la\nbomba at\u00f3mica. Juli\u00e1n Casanova es positivo porque argumenta que esta fat\u00eddica\nreceta no se da en la Europa de nuestro tiempo, ya que los estados son fuertes,\ndemocr\u00e1ticos, la investigaci\u00f3n est\u00e1 focalizada en otros campos y que adem\u00e1s\nexiste una sociedad civil muy fuerte, que abre caminos de mayor democratizaci\u00f3n\ny participaci\u00f3n ciudadana en los gobiernos. &nbsp;<\/p>\n\n\n\n<p>El peligro es que en la pr\u00f3xima crisis econ\u00f3mica el\ndescontento, como en el pasado, se canalice por v\u00edas populistas y autoritarias,\ncomo est\u00e1 ocurriendo ahora, cuando muchos movimientos intentan beneficiarse de\nla coyuntura para sacar r\u00e9dito pol\u00edtico. <\/p>\n\n\n\n<p>Cuando Juli\u00e1n Casanova dice que la historia no es un\ncamino de direcci\u00f3n \u00fanica quiere decir que el pasado, tomando otras formas,\npuede repetirse. Si caminas por un sendero y te cruzas con un \u00e1rbol, si sigues\npara adelante no volver\u00e1s a verlo. Sin embargo, si en 1820 en Espa\u00f1a se acab\u00f3\ncon el absolutismo, no signific\u00f3 ni mucho menos que no nos volvi\u00e9ramos a\nencontrar con \u00e9l, como ocurri\u00f3 en 1823. En la historia nunca hay sucesos\niguales, pero s\u00ed parecidos; lo que hoy ocurre de esta manera, dentro de diez\na\u00f1os puede ocurrir de forma parecida. As\u00ed empez\u00f3 a ocurrir en los a\u00f1os 90,\ncuando en Europa se elev\u00f3 un halo de exclusi\u00f3n social y racismo olvidados desde\n1945, cuando las dictaduras fascistas cayeron. <\/p>\n\n\n\n<p>Espa\u00f1a est\u00e1 en un momento en el que las aspiraciones\nde la generaci\u00f3n del 98, aquellas que so\u00f1aban con un pa\u00eds europeo y moderno, se\nhan cumplido. El nivel de vida de los espa\u00f1oles ha aumentado, se han extendido servicios\nb\u00e1sicos, como la educaci\u00f3n, y estamos plenamente integrados en la Uni\u00f3n\nEuropea. Sin embargo, las rencillas pol\u00edticas que se cre\u00edan olvidadas han\nvuelto a levantarse desde 2004, lo que podr\u00eda dificultar los nuevos \u201cPactos de\nla Moncloa\u201d. La Gran recesi\u00f3n del 2008 supuso el desvanecimiento de las\naspiraciones de una generaci\u00f3n entera. Una generaci\u00f3n que vio sus expectativas\nde futuro rotas y que gener\u00f3 pesimismo respecto al futuro.<\/p>\n\n\n\n<p>Para Casanova, Espa\u00f1a debe seguir en la senda de\nEuropa, seguir integrada en la UE, recordar las lecciones de la generaci\u00f3n de\nposguerra que est\u00e1 muriendo a causa del coronavirus: las lecciones del esfuerzo\ny el trabajo y avanzar por la senda de la democracia y del consenso pol\u00edtico.<\/p>\n","protected":false},"excerpt":{"rendered":"<p>MANUEL DE CASTRO DE DIEGO. 1.\u00ba de Bachillerato HCS Juli\u00e1n Casanova es un catedr\u00e1tico de Historia Contempor\u00e1nea de Universidad de Zaragoza (de hecho, es hijo adoptivo de la ciudad), aunque tambi\u00e9n ha sido profesor&#46;&#46;&#46;<\/p>\n","protected":false},"author":3,"featured_media":1941,"comment_status":"open","ping_status":"open","sticky":false,"template":"","format":"standard","meta":{"jetpack_post_was_ever_published":false,"jetpack_publicize_message":"","jetpack_is_tweetstorm":false,"jetpack_publicize_feature_enabled":true,"jetpack_social_options":[]},"categories":[7,8],"tags":[214,19,218],"jetpack_publicize_connections":[],"jetpack_featured_media_url":"https:\/\/www.iessenara.es\/Revista\/wp-content\/uploads\/2020\/05\/casanova.jpg","jetpack_sharing_enabled":true,"jetpack_shortlink":"https:\/\/wp.me\/p5mbkp-vh","_links":{"self":[{"href":"https:\/\/www.iessenara.es\/Revista\/index.php?rest_route=\/wp\/v2\/posts\/1939"}],"collection":[{"href":"https:\/\/www.iessenara.es\/Revista\/index.php?rest_route=\/wp\/v2\/posts"}],"about":[{"href":"https:\/\/www.iessenara.es\/Revista\/index.php?rest_route=\/wp\/v2\/types\/post"}],"author":[{"embeddable":true,"href":"https:\/\/www.iessenara.es\/Revista\/index.php?rest_route=\/wp\/v2\/users\/3"}],"replies":[{"embeddable":true,"href":"https:\/\/www.iessenara.es\/Revista\/index.php?rest_route=%2Fwp%2Fv2%2Fcomments&post=1939"}],"version-history":[{"count":1,"href":"https:\/\/www.iessenara.es\/Revista\/index.php?rest_route=\/wp\/v2\/posts\/1939\/revisions"}],"predecessor-version":[{"id":1942,"href":"https:\/\/www.iessenara.es\/Revista\/index.php?rest_route=\/wp\/v2\/posts\/1939\/revisions\/1942"}],"wp:featuredmedia":[{"embeddable":true,"href":"https:\/\/www.iessenara.es\/Revista\/index.php?rest_route=\/wp\/v2\/media\/1941"}],"wp:attachment":[{"href":"https:\/\/www.iessenara.es\/Revista\/index.php?rest_route=%2Fwp%2Fv2%2Fmedia&parent=1939"}],"wp:term":[{"taxonomy":"category","embeddable":true,"href":"https:\/\/www.iessenara.es\/Revista\/index.php?rest_route=%2Fwp%2Fv2%2Fcategories&post=1939"},{"taxonomy":"post_tag","embeddable":true,"href":"https:\/\/www.iessenara.es\/Revista\/index.php?rest_route=%2Fwp%2Fv2%2Ftags&post=1939"}],"curies":[{"name":"wp","href":"https:\/\/api.w.org\/{rel}","templated":true}]}}