{"id":1943,"date":"2020-05-16T17:16:44","date_gmt":"2020-05-16T17:16:44","guid":{"rendered":"http:\/\/www.iessenara.es\/Revista\/?p=1943"},"modified":"2020-05-16T17:16:47","modified_gmt":"2020-05-16T17:16:47","slug":"revolucion-a-la-espanola","status":"publish","type":"post","link":"https:\/\/www.iessenara.es\/Revista\/?p=1943","title":{"rendered":"Revoluci\u00f3n a la espa\u00f1ola"},"content":{"rendered":"\n<p>ROBERTO SANTIAGO BARRIOS. 2.\u00ba BACHILLERATO HCS<\/p>\n\n\n\n<figure class=\"wp-block-image\"><img decoding=\"async\" loading=\"lazy\" width=\"1024\" height=\"822\" src=\"http:\/\/www.iessenara.es\/Revista\/wp-content\/uploads\/2020\/05\/Eug\u00e8ne_Delacroix_-_Le_28_Juillet._La_Libert\u00e9_guidant_le_peuple-1024x822.jpg\" alt=\"\" class=\"wp-image-1944\" srcset=\"https:\/\/www.iessenara.es\/Revista\/wp-content\/uploads\/2020\/05\/Eug\u00e8ne_Delacroix_-_Le_28_Juillet._La_Libert\u00e9_guidant_le_peuple-1024x822.jpg 1024w, https:\/\/www.iessenara.es\/Revista\/wp-content\/uploads\/2020\/05\/Eug\u00e8ne_Delacroix_-_Le_28_Juillet._La_Libert\u00e9_guidant_le_peuple-300x241.jpg 300w, https:\/\/www.iessenara.es\/Revista\/wp-content\/uploads\/2020\/05\/Eug\u00e8ne_Delacroix_-_Le_28_Juillet._La_Libert\u00e9_guidant_le_peuple-768x616.jpg 768w\" sizes=\"(max-width: 1024px) 100vw, 1024px\" \/><figcaption>Liberty Leading the People. 1830. Oil on canvas, 260 x 325 cm.<\/figcaption><\/figure>\n\n\n\n<p>Cualquiera que haya tenido oportunidad de conocer de cerca\nla historia del arte sabr\u00e1 que \u201cLa Libertad guiando al pueblo\u201d, el cuadro del\npintor franc\u00e9s Eug\u00e8ne Delacroix, es una de las m\u00e1s importantes y bellas obras\nde arte, s\u00edmbolo de la libertad y de la lucha de los individuos contra el\nsometimiento y los totalitarismos.<\/p>\n\n\n\n<p>En el lienzo se muestra el levantamiento en armas de los\nciudadanos parisinos contra el entonces monarca Carlos X, quien hab\u00eda llevado a\ncabo la supresi\u00f3n del parlamento y pretend\u00eda implantar la censura, limitando la\nlibertad de prensa. En la imagen central del cuadro aparecen numerosos\nintegrantes de todas las clases sociales de entonces, desde burgueses hasta\ncampesinos, y en el centro de la imagen se sit\u00faa una hermosa mujer, con el\npecho descubierto, enarbolando la ense\u00f1a nacional francesa como s\u00edmbolo de la\nlibertad.<\/p>\n\n\n\n<p>Aquella revuelta fue iniciada por la burgues\u00eda y con el paso\ndel tiempo ciudadanos de todas las clases sociales se unieron a ella, con el\n\u00fanico objetivo de defender la libertad, su libertad, frente al autoritarismo.<\/p>\n\n\n\n<p>Bien es sabido que la historia tiende a repetirse, por lo que podr\u00edamos establecer paralelismos entre los hechos ocurridos entonces y la situaci\u00f3n actual, hace ya varios d\u00edas. En el distrito madrile\u00f1o de Salamanca surgi\u00f3 de manera espont\u00e1nea un movimiento ciudadano de protesta en contra de la gesti\u00f3n realizada por el ejecutivo frente a la crisis del coronavirus.<\/p>\n\n\n\n<figure class=\"wp-block-image\"><img decoding=\"async\" loading=\"lazy\" width=\"980\" height=\"692\" src=\"http:\/\/www.iessenara.es\/Revista\/wp-content\/uploads\/2020\/05\/album_normal.jpg\" alt=\"\" class=\"wp-image-1945\" srcset=\"https:\/\/www.iessenara.es\/Revista\/wp-content\/uploads\/2020\/05\/album_normal.jpg 980w, https:\/\/www.iessenara.es\/Revista\/wp-content\/uploads\/2020\/05\/album_normal-300x212.jpg 300w, https:\/\/www.iessenara.es\/Revista\/wp-content\/uploads\/2020\/05\/album_normal-768x542.jpg 768w\" sizes=\"(max-width: 980px) 100vw, 980px\" \/><\/figure>\n\n\n\n<p>Lo que empez\u00f3 como una simple protesta aislada se ha\nconvertido en un movimiento de protesta nacional, que manifiesta su descontento\nmediante caceroladas y gritos a favor de la dimisi\u00f3n del gobierno por los\nm\u00faltiples errores cometidos.<\/p>\n\n\n\n<p>Perm\u00edteme decirte, estimado lector, que no son precisamente\npocos los errores cometidos por el ya citado gobierno como para que estos\nciudadanos, independientemente del nivel de renta que tengan, puedan ejercer su\nderecho a la protesta, de manera libre y democr\u00e1tica.<\/p>\n\n\n\n<p>Entre esos errores no solo cabe destacar el elevado n\u00famero\nde personas fallecidas respecto a nuestra poblaci\u00f3n, que nos convierte en el\npa\u00eds con la tasa de mortalidad m\u00e1s alta del mundo, sino que son muchos m\u00e1s,\ndesde las fracasadas compras de material sanitario realizadas por el mando\n\u00fanico, pasando por el alto n\u00famero de contagios entre el personal sanitario, la\ncompra de material defectuoso a empresas de dudosa reputaci\u00f3n o el limbo en el\nque nos situamos los estudiantes de bachillerato, quienes todav\u00eda no sabemos si\ntendremos la posibilidad de realizar la selectividad en un futuro de manera\nsegura y sin contagiarnos. Podr\u00edamos por lo tanto enunciar una retah\u00edla de\nerrores imperdonables, que no solo hacen l\u00edcita la protesta, sino que la\nalientan y legitiman.<\/p>\n\n\n\n<p>Pero llegamos entonces al <em>quid<\/em> de la cuesti\u00f3n: los\nciudadanos no pueden manifestarse ni protestar como consecuencia del estado de\nalarma interpuesto desde hace m\u00e1s de sesenta d\u00edas por el gobierno de la naci\u00f3n,\nuna herramienta legal, pero de dudosa legitimidad, mediante la cual se est\u00e1n\nlimitando derechos fundamentales m\u00e1s propios de un estado de excepci\u00f3n. La\ndoble vara con la que Moncloa utiliza los medios a su alcance para tratar de\nacallar a quienes no aplauden su l\u00ednea de actuaci\u00f3n es simplemente deshonrosa y\nvil para el gobierno de un pa\u00eds como el nuestro.<\/p>\n\n\n\n<p>Causa repulsa ver c\u00f3mo se emplea a las Fuerzas y Cuerpos de Seguridad\ndel Estado para intentar silenciar a los manifestantes de la calle N\u00fa\u00f1ez de\nBalboa, mientras que en Pamplona se permite una concentraci\u00f3n a favor de un\nmiembro de la banda terrorista ETA, condenado por asesinar en el a\u00f1o 1998 a un\nconcejal de Uni\u00f3n del Pueblo Navarro.<\/p>\n\n\n\n<p>Esta protesta, con las cacerolas como \u00fanicas armas, ha\nconseguido generar inquietud en Moncloa, donde se dice tener todo bajo control.\nYo no me confiar\u00eda: puede que esta sea la revuelta de los pijos, pero si algo\nnos ha ense\u00f1ado la historia es que las revoluciones tambi\u00e9n empiezan por la\nburgues\u00eda.<\/p>\n","protected":false},"excerpt":{"rendered":"<p>ROBERTO SANTIAGO BARRIOS. 2.\u00ba BACHILLERATO HCS Cualquiera que haya tenido oportunidad de conocer de cerca la historia del arte sabr\u00e1 que \u201cLa Libertad guiando al pueblo\u201d, el cuadro del pintor franc\u00e9s Eug\u00e8ne Delacroix, es&#46;&#46;&#46;<\/p>\n","protected":false},"author":3,"featured_media":1944,"comment_status":"open","ping_status":"open","sticky":false,"template":"","format":"standard","meta":{"jetpack_post_was_ever_published":false,"jetpack_publicize_message":"","jetpack_is_tweetstorm":false,"jetpack_publicize_feature_enabled":true,"jetpack_social_options":[]},"categories":[7,8],"tags":[211,74,202],"jetpack_publicize_connections":[],"jetpack_featured_media_url":"https:\/\/www.iessenara.es\/Revista\/wp-content\/uploads\/2020\/05\/Eug\u00e8ne_Delacroix_-_Le_28_Juillet._La_Libert\u00e9_guidant_le_peuple.jpg","jetpack_sharing_enabled":true,"jetpack_shortlink":"https:\/\/wp.me\/p5mbkp-vl","_links":{"self":[{"href":"https:\/\/www.iessenara.es\/Revista\/index.php?rest_route=\/wp\/v2\/posts\/1943"}],"collection":[{"href":"https:\/\/www.iessenara.es\/Revista\/index.php?rest_route=\/wp\/v2\/posts"}],"about":[{"href":"https:\/\/www.iessenara.es\/Revista\/index.php?rest_route=\/wp\/v2\/types\/post"}],"author":[{"embeddable":true,"href":"https:\/\/www.iessenara.es\/Revista\/index.php?rest_route=\/wp\/v2\/users\/3"}],"replies":[{"embeddable":true,"href":"https:\/\/www.iessenara.es\/Revista\/index.php?rest_route=%2Fwp%2Fv2%2Fcomments&post=1943"}],"version-history":[{"count":1,"href":"https:\/\/www.iessenara.es\/Revista\/index.php?rest_route=\/wp\/v2\/posts\/1943\/revisions"}],"predecessor-version":[{"id":1946,"href":"https:\/\/www.iessenara.es\/Revista\/index.php?rest_route=\/wp\/v2\/posts\/1943\/revisions\/1946"}],"wp:featuredmedia":[{"embeddable":true,"href":"https:\/\/www.iessenara.es\/Revista\/index.php?rest_route=\/wp\/v2\/media\/1944"}],"wp:attachment":[{"href":"https:\/\/www.iessenara.es\/Revista\/index.php?rest_route=%2Fwp%2Fv2%2Fmedia&parent=1943"}],"wp:term":[{"taxonomy":"category","embeddable":true,"href":"https:\/\/www.iessenara.es\/Revista\/index.php?rest_route=%2Fwp%2Fv2%2Fcategories&post=1943"},{"taxonomy":"post_tag","embeddable":true,"href":"https:\/\/www.iessenara.es\/Revista\/index.php?rest_route=%2Fwp%2Fv2%2Ftags&post=1943"}],"curies":[{"name":"wp","href":"https:\/\/api.w.org\/{rel}","templated":true}]}}