{"id":1958,"date":"2020-05-26T08:31:34","date_gmt":"2020-05-26T08:31:34","guid":{"rendered":"http:\/\/www.iessenara.es\/Revista\/?p=1958"},"modified":"2020-05-26T08:31:38","modified_gmt":"2020-05-26T08:31:38","slug":"economia-en-tiempos-de-pandemia","status":"publish","type":"post","link":"https:\/\/www.iessenara.es\/Revista\/?p=1958","title":{"rendered":"Econom\u00eda en tiempos de pandemia"},"content":{"rendered":"\n<p>INMACULADA BENITO VILLAZ\u00c1N, profesora de Econom\u00eda y MANUEL DE CASTRO DE DIEGO, alumno de 1.\u00ba de Bachillerato HCS<\/p>\n\n\n\n<figure class=\"wp-block-image\"><img decoding=\"async\" loading=\"lazy\" width=\"750\" height=\"492\" src=\"http:\/\/www.iessenara.es\/Revista\/wp-content\/uploads\/2020\/05\/Monedas-y-plantas.jpg\" alt=\"\" class=\"wp-image-1961\" srcset=\"https:\/\/www.iessenara.es\/Revista\/wp-content\/uploads\/2020\/05\/Monedas-y-plantas.jpg 750w, https:\/\/www.iessenara.es\/Revista\/wp-content\/uploads\/2020\/05\/Monedas-y-plantas-300x197.jpg 300w\" sizes=\"(max-width: 750px) 100vw, 750px\" \/><\/figure>\n\n\n\n<p>Dicen que los momentos de crisis\nson tambi\u00e9n momentos de oportunidades. La crisis del Covid-19 no es una\nexcepci\u00f3n. Como docente de Econom\u00eda, he querido aprovechar esta nueva coyuntura\npara invitar a mis alumnos a reflexionar sobre el modelo de producci\u00f3n y\nconsumo imperante en nuestra sociedad, y sobre sus consecuencias en el medio\nambiente. <\/p>\n\n\n\n<p>A finales del siglo XVIII los\neconomistas cl\u00e1sicos clasificaron en tres los elementos susceptibles de ser\nincorporados a un proceso productivo: tierra o recursos naturales; capital o\nequipos productivos; y trabajo, en relaci\u00f3n a las capacidades tanto f\u00edsicas\ncomo intelectuales de los trabajadores. Desde entonces, mucho se ha escrito y\nhablado sobre la importancia de cuidar ese primer factor productivo, el factor\ntierra. La actual crisis del Covid-19 nos da una raz\u00f3n m\u00e1s para cuidar el medio\nnatural. Este v\u00eddeo nos explica esta raz\u00f3n y nos invita a replantearnos nuestro\nactual modelo econ\u00f3mico.<\/p>\n\n\n\n<p>A continuaci\u00f3n, pod\u00e9is disfrutar del comentario que Manuel de Castro, alumno de 1.\u00ba de bachillerato, ha hecho en relaci\u00f3n a dicho v\u00eddeo que propuse como actividad de reflexi\u00f3n.<\/p>\n\n\n\n<figure class=\"wp-block-video\"><video controls src=\"http:\/\/iessenara.centros.educa.jcyl.es\/aula\/archivos\/repositorio\/\/250\/396\/pandemia-y-agroindustria.mp4\"><\/video><\/figure>\n\n\n\n<h4>Por una econom\u00eda ecol\u00f3gica, por Manuel de Castro de Diego<\/h4>\n\n\n\n<p>La\nteor\u00eda marxista critica la contradicci\u00f3n capital-trabajo como pieza clave del\ncapitalismo: aunque la producci\u00f3n sea de origen social, puesto que todos\nparticipamos en ella, la apropiaci\u00f3n es individual, de unos pocos. Sin embargo,\nen estos \u00faltimos a\u00f1os ha nacido una nueva contradicci\u00f3n en el contexto\necon\u00f3mico-productivo, m\u00e1s importante que aquella: la contradicci\u00f3n\ncapital-medio. <\/p>\n\n\n\n<p>El\nobjetivo capitalista de crecimiento econ\u00f3mico continuo y el beneficio\nindividual como motor de la econom\u00eda ocasionan deterioro medio-ambiental. Este\ndeterioro se manifiesta, por ejemplo, en el cambio clim\u00e1tico o en la crisis de\nresiduos. Partiendo de esta premisa, el capitalismo estar\u00eda destruyendo la\nmisma base de la econom\u00eda, el factor productivo tierra, la naturaleza. Al igual\nque se dijo durante la crisis de 1929, el capitalismo estar\u00eda siendo derrotado\npor sus propios fallos.<\/p>\n\n\n\n<p>La deslocalizaci\u00f3n de empresas, estrategia\nmuy lucrativa para las grandes compa\u00f1\u00edas, hace que las empresas exploten recursos e\ninstalen factor\u00edas muy contaminantes en los pa\u00edses con menos restricciones\nestatales, precisamente esos mismos que poseen mayor riqueza ecol\u00f3gica y\nbiodiversidad. No hablemos aqu\u00ed de los nefastos efectos ambientales y\necol\u00f3gicos en bruto. Hablemos en concreto de la p\u00e9rdida de biodiversidad que\nesto ocasiona. <\/p>\n\n\n\n<p>Una\ngran biodiversidad es un escudo eficaz para impedir que las enfermedades se\ntransmitan entre animales, incluyendo el ser humano. Aunque nos hayamos\nesforzado en negarlo, somos tan animales como el pangol\u00edn o el murci\u00e9lago,\ndesde el que se produjo la zoonosis al primer humano. Si la biodiversidad es\nalta, es menos probable que se produzca la zoonosis a los humanos, porque el\npat\u00f3geno tendr\u00eda que enfrentarse a siete sistemas inmunes de distintas\nespecies, hasta llegar al <em>homo sapiens, <\/em>en vez de solo a tres, por\nejemplo.&nbsp; <\/p>\n\n\n\n<p>Seg\u00fan\nmi opini\u00f3n, el problema que aqu\u00ed aflora es que no debe primar el privado, sino\nel colectivo, el com\u00fan. Y por ello los estados\ndeben impedir esta explotaci\u00f3n de la naturaleza que causa estragos sociales,\ncomo el del Covid-19, en favor del bien com\u00fan. Regular las empresas para que\nfuncionen bajo criterios de igualdad y de ecolog\u00eda y no solo maquillen su\nimagen con una buena estrategia de marketing verde. <\/p>\n\n\n\n<p>Por\nello se necesita un estado que intervenga, que solucione estas fallas de\nmercado, que controle el ansia del sector privado por conseguir el mayor\nbeneficio a cualquier coste para lograr una econom\u00eda racional, ecol\u00f3gica y\njusta. Algunos dir\u00e1n que esta propuesta reduce la libertad, ya que se merma el\nrango de acci\u00f3n de los intereses privados. \u00bfAcaso era buena la libertad del\nesclavista para esclavizar? Me parece que una econom\u00eda orientada al bien com\u00fan\nes democracia.<\/p>\n\n\n\n<p>Decir\ncon firmeza que si el capitalismo no fuera salvaje, que si el beneficio individual\nno primase sobre el com\u00fan, esta crisis no hubiera ocurrido, ser\u00eda aventurarse\nen terreno desconocido. Pero tal vez se podr\u00eda haber evitado y seguramente que\nlos efectos de la pandemia hubieran sido menos dr\u00e1sticos. <\/p>\n","protected":false},"excerpt":{"rendered":"<p>INMACULADA BENITO VILLAZ\u00c1N, profesora de Econom\u00eda y MANUEL DE CASTRO DE DIEGO, alumno de 1.\u00ba de Bachillerato HCS Dicen que los momentos de crisis son tambi\u00e9n momentos de oportunidades. La crisis del Covid-19 no&#46;&#46;&#46;<\/p>\n","protected":false},"author":3,"featured_media":1961,"comment_status":"open","ping_status":"open","sticky":false,"template":"","format":"standard","meta":{"jetpack_post_was_ever_published":false,"jetpack_publicize_message":"","jetpack_is_tweetstorm":false,"jetpack_publicize_feature_enabled":true,"jetpack_social_options":[]},"categories":[10,8],"tags":[225,211,208,193,39,170],"jetpack_publicize_connections":[],"jetpack_featured_media_url":"https:\/\/www.iessenara.es\/Revista\/wp-content\/uploads\/2020\/05\/Monedas-y-plantas.jpg","jetpack_sharing_enabled":true,"jetpack_shortlink":"https:\/\/wp.me\/p5mbkp-vA","_links":{"self":[{"href":"https:\/\/www.iessenara.es\/Revista\/index.php?rest_route=\/wp\/v2\/posts\/1958"}],"collection":[{"href":"https:\/\/www.iessenara.es\/Revista\/index.php?rest_route=\/wp\/v2\/posts"}],"about":[{"href":"https:\/\/www.iessenara.es\/Revista\/index.php?rest_route=\/wp\/v2\/types\/post"}],"author":[{"embeddable":true,"href":"https:\/\/www.iessenara.es\/Revista\/index.php?rest_route=\/wp\/v2\/users\/3"}],"replies":[{"embeddable":true,"href":"https:\/\/www.iessenara.es\/Revista\/index.php?rest_route=%2Fwp%2Fv2%2Fcomments&post=1958"}],"version-history":[{"count":3,"href":"https:\/\/www.iessenara.es\/Revista\/index.php?rest_route=\/wp\/v2\/posts\/1958\/revisions"}],"predecessor-version":[{"id":1962,"href":"https:\/\/www.iessenara.es\/Revista\/index.php?rest_route=\/wp\/v2\/posts\/1958\/revisions\/1962"}],"wp:featuredmedia":[{"embeddable":true,"href":"https:\/\/www.iessenara.es\/Revista\/index.php?rest_route=\/wp\/v2\/media\/1961"}],"wp:attachment":[{"href":"https:\/\/www.iessenara.es\/Revista\/index.php?rest_route=%2Fwp%2Fv2%2Fmedia&parent=1958"}],"wp:term":[{"taxonomy":"category","embeddable":true,"href":"https:\/\/www.iessenara.es\/Revista\/index.php?rest_route=%2Fwp%2Fv2%2Fcategories&post=1958"},{"taxonomy":"post_tag","embeddable":true,"href":"https:\/\/www.iessenara.es\/Revista\/index.php?rest_route=%2Fwp%2Fv2%2Ftags&post=1958"}],"curies":[{"name":"wp","href":"https:\/\/api.w.org\/{rel}","templated":true}]}}