{"id":201,"date":"2014-02-05T10:42:20","date_gmt":"2014-02-05T10:42:20","guid":{"rendered":"http:\/\/www.iessenara.es\/Revista\/?p=201"},"modified":"2014-02-22T16:57:18","modified_gmt":"2014-02-22T16:57:18","slug":"que-pasa-en-un-libro-cuando-esta-cerrado","status":"publish","type":"post","link":"https:\/\/www.iessenara.es\/Revista\/?p=201","title":{"rendered":"\u00bfQu\u00e9 pasa en un libro cuando est\u00e1 cerrado?"},"content":{"rendered":"<p align=\"left\"><a href=\"http:\/\/www.iessenara.es\/Revista\/wp-content\/uploads\/2014\/02\/Libro-cerrado.jpg\"><img decoding=\"async\" loading=\"lazy\" class=\"size-medium wp-image-202 aligncenter\" alt=\"Libro cerrado\" src=\"http:\/\/www.iessenara.es\/Revista\/wp-content\/uploads\/2014\/02\/Libro-cerrado-300x198.jpg\" width=\"230\" height=\"152\" srcset=\"https:\/\/www.iessenara.es\/Revista\/wp-content\/uploads\/2014\/02\/Libro-cerrado-300x198.jpg 300w, https:\/\/www.iessenara.es\/Revista\/wp-content\/uploads\/2014\/02\/Libro-cerrado.jpg 350w\" sizes=\"(max-width: 230px) 100vw, 230px\" \/><\/a><\/p>\n<p align=\"left\">Creo que cuando cerr\u00e9 \u201cEl Cid\u201d, mi \u00faltimo libro le\u00eddo, las letras de unas p\u00e1ginas se besaban con las de la p\u00e1gina vecina en medio de la oscuridad.<\/p>\n<p align=\"left\">\u00a0Alguna hoja doblada por culpa de mis codos en una tarde de lectura, hacen que unas palabras conozcan a otra una p\u00e1gina m\u00e1s lejos.<\/p>\n<p align=\"left\">Otras, entreabiertas por plancharlas con la mano para leer m\u00e1s a gusto, ven la luz desde una estanter\u00eda con pocos libros y se asoman, viendo mi habitaci\u00f3n.<\/p>\n<p align=\"left\">Unas palabras se mezclan con otras o rozan dibujos coloridos de alguna batalla o, quiz\u00e1, la cara de las bellas Sol y Elvira.<\/p>\n<p align=\"left\">Y creo que eso es todo, no ocurre nada m\u00e1s, porque me cuesta pensar que pase algo extra\u00f1o entre las hojas cerradas del libro, que ahora, est\u00e1 esperando volver a ser le\u00eddo.<\/p>\n<p style=\"text-align: right\" align=\"left\"><strong>Sandra<\/strong><b> Manj\u00f3n Miguel\u00a0\u00a0 (3\u00ba ESO B)<\/b><\/p>\n","protected":false},"excerpt":{"rendered":"<p>Creo que cuando cerr\u00e9 \u201cEl Cid\u201d, mi \u00faltimo libro le\u00eddo, las letras de unas p\u00e1ginas se besaban con las de la p\u00e1gina vecina en medio de la oscuridad. \u00a0Alguna hoja doblada por culpa de&#46;&#46;&#46;<\/p>\n","protected":false},"author":3,"featured_media":202,"comment_status":"open","ping_status":"open","sticky":false,"template":"","format":"standard","meta":{"jetpack_post_was_ever_published":false,"jetpack_publicize_message":"","jetpack_is_tweetstorm":false,"jetpack_publicize_feature_enabled":true,"jetpack_social_options":[]},"categories":[10],"tags":[22,18],"jetpack_publicize_connections":[],"jetpack_featured_media_url":"https:\/\/www.iessenara.es\/Revista\/wp-content\/uploads\/2014\/02\/Libro-cerrado.jpg","jetpack_sharing_enabled":true,"jetpack_shortlink":"https:\/\/wp.me\/p5mbkp-3f","_links":{"self":[{"href":"https:\/\/www.iessenara.es\/Revista\/index.php?rest_route=\/wp\/v2\/posts\/201"}],"collection":[{"href":"https:\/\/www.iessenara.es\/Revista\/index.php?rest_route=\/wp\/v2\/posts"}],"about":[{"href":"https:\/\/www.iessenara.es\/Revista\/index.php?rest_route=\/wp\/v2\/types\/post"}],"author":[{"embeddable":true,"href":"https:\/\/www.iessenara.es\/Revista\/index.php?rest_route=\/wp\/v2\/users\/3"}],"replies":[{"embeddable":true,"href":"https:\/\/www.iessenara.es\/Revista\/index.php?rest_route=%2Fwp%2Fv2%2Fcomments&post=201"}],"version-history":[{"count":7,"href":"https:\/\/www.iessenara.es\/Revista\/index.php?rest_route=\/wp\/v2\/posts\/201\/revisions"}],"predecessor-version":[{"id":235,"href":"https:\/\/www.iessenara.es\/Revista\/index.php?rest_route=\/wp\/v2\/posts\/201\/revisions\/235"}],"wp:featuredmedia":[{"embeddable":true,"href":"https:\/\/www.iessenara.es\/Revista\/index.php?rest_route=\/wp\/v2\/media\/202"}],"wp:attachment":[{"href":"https:\/\/www.iessenara.es\/Revista\/index.php?rest_route=%2Fwp%2Fv2%2Fmedia&parent=201"}],"wp:term":[{"taxonomy":"category","embeddable":true,"href":"https:\/\/www.iessenara.es\/Revista\/index.php?rest_route=%2Fwp%2Fv2%2Fcategories&post=201"},{"taxonomy":"post_tag","embeddable":true,"href":"https:\/\/www.iessenara.es\/Revista\/index.php?rest_route=%2Fwp%2Fv2%2Ftags&post=201"}],"curies":[{"name":"wp","href":"https:\/\/api.w.org\/{rel}","templated":true}]}}