{"id":2025,"date":"2020-07-07T11:43:59","date_gmt":"2020-07-07T11:43:59","guid":{"rendered":"http:\/\/www.iessenara.es\/Revista\/?p=2025"},"modified":"2020-07-07T11:53:09","modified_gmt":"2020-07-07T11:53:09","slug":"despedida-a-la-francesa","status":"publish","type":"post","link":"https:\/\/www.iessenara.es\/Revista\/?p=2025","title":{"rendered":"Despedida a la francesa"},"content":{"rendered":"\n<p>ROBERTO SANTIAGO BARRIOS. Alumno de 2.\u00ba Bachillerato HCS<\/p>\n\n\n\n<div class=\"wp-block-image\"><figure class=\"aligncenter is-resized\"><img decoding=\"async\" loading=\"lazy\" src=\"http:\/\/www.iessenara.es\/Revista\/wp-content\/uploads\/2020\/07\/1bach.b-1024x649.jpg\" alt=\"\" class=\"wp-image-2028\" width=\"533\" height=\"337\" srcset=\"https:\/\/www.iessenara.es\/Revista\/wp-content\/uploads\/2020\/07\/1bach.b-1024x649.jpg 1024w, https:\/\/www.iessenara.es\/Revista\/wp-content\/uploads\/2020\/07\/1bach.b-300x190.jpg 300w, https:\/\/www.iessenara.es\/Revista\/wp-content\/uploads\/2020\/07\/1bach.b-768x487.jpg 768w\" sizes=\"(max-width: 533px) 100vw, 533px\" \/><figcaption>Grupo de alumnos de Bachillerato. FOTO: R. Navarro<br><\/figcaption><\/figure><\/div>\n\n\n\n<p>Todo el mundo sabe que las dos cosas m\u00e1s dif\u00edciles en la vida son decir hola por primera vez y adi\u00f3s por \u00faltima. Las despedidas no siempre son f\u00e1ciles y esta no es precisamente la manera en la que a todos nos hubiese gustado pasar p\u00e1gina. Si esta pandemia nos ha arrebatado algo tan fundamental y tan humano como son las despedidas, por fortuna lo que nunca podr\u00e1 arrebatarnos ser\u00e1n las experiencias y recuerdos que hemos vivido aqu\u00ed, en el Senara. En el edificio de tejado azul hemos forjado amistades, nos hemos cultivado como personas y hemos aprendido a ver la vida de una manera muy distinta a la que ya conoc\u00edamos.<\/p>\n\n\n\n<p>Nuestro paso por este centro ha sido una parte fundamental\nen nuestro aprendizaje y en nuestro camino hacia la edad adulta. Todo ello no\nhabr\u00eda sido posible sin el d\u00eda a d\u00eda, sin la convivencia diaria con nuestros\ncompa\u00f1eros, vosotros, los que fuisteis y los que hab\u00e9is sido hasta hace poco,\ncon quienes hemos vivido experiencias imborrables, excursiones inolvidables y\nclases cuanto menos divertidas y que, sin lugar a duda, siempre recordaremos\ncon nostalgia y sobre todo con el afecto de quienes hicieron que nuestro paso\npor este instituto fuese m\u00e1s lo m\u00e1s llevadero y divertido posible.<\/p>\n\n\n\n<p>Una labor esencial en nuestra formaci\u00f3n ha sido el trabajo\ndesempe\u00f1ado por todos los profesores, quienes a trav\u00e9s de los a\u00f1os nos hab\u00e9is\nimpartido clase y ayudado a salir hacia adelante en las situaciones m\u00e1s\ndif\u00edciles y complicadas. Aunque me resulta imposible nombraros a todos, menci\u00f3n\naparte merec\u00e9is todos aquellos quienes durante estos largos meses de\nconfinamiento nos hab\u00e9is ayudado y os hab\u00e9is esforzado tanto para que\npudi\u00e9semos ir lo m\u00e1s preparados posibles a la EBAU. A todos vosotros os debemos\nel m\u00e1s sincero y profundo de los agradecimientos.<\/p>\n\n\n\n<p>Fundamentales han resultado tambi\u00e9n quienes fuera de las\naulas siempre estaban all\u00ed para hacernos la vida lo m\u00e1s llevadera posible. Me\nrefiero, c\u00f3mo no, a Juan y Luc\u00eda, siempre tan atentos y entregados con todos y\ncada uno de los alumnos, o a Manuel quien, parapetado tras esa mesa y armado\ncon un boli, nos ha ayudado siempre con el abundante papeleo de la\nadministraci\u00f3n. Y c\u00f3mo olvidarse de Mariola, en cuyo santuario, la cafeter\u00eda,\nnos hemos refugiado durante tantas horas libres.<\/p>\n\n\n\n<p>Me gustar\u00eda terminar este art\u00edculo, el \u00faltimo que publicar\u00e9\nen esta revista, agradeciendo al director de la misma, Fernando Pablos, el gran\ntrabajo que ha realizado y que sin duda alguna seguir\u00e1 realizando en ella y, adem\u00e1s,\npor brindarme la oportunidad de escribir y plasmar en las p\u00e1ginas mis opiniones\ny pensamientos de la manera m\u00e1s libre posible.<\/p>\n\n\n\n<div class=\"wp-block-image\"><figure class=\"aligncenter is-resized\"><img decoding=\"async\" loading=\"lazy\" src=\"http:\/\/www.iessenara.es\/Revista\/wp-content\/uploads\/2020\/07\/huerta2-1024x683.jpg\" alt=\"\" class=\"wp-image-2029\" width=\"520\" height=\"346\" srcset=\"https:\/\/www.iessenara.es\/Revista\/wp-content\/uploads\/2020\/07\/huerta2-1024x683.jpg 1024w, https:\/\/www.iessenara.es\/Revista\/wp-content\/uploads\/2020\/07\/huerta2-300x200.jpg 300w, https:\/\/www.iessenara.es\/Revista\/wp-content\/uploads\/2020\/07\/huerta2-768x512.jpg 768w\" sizes=\"(max-width: 520px) 100vw, 520px\" \/><figcaption>Huerta. Fin de curso 2017\/2018. FOTO: JF Pablos<\/figcaption><\/figure><\/div>\n\n\n\n<p>No quiero terminar sin dirigirme a todos los que permanecer\u00e9is en el instituto por alg\u00fan tiempo. Permitidme que os sugiera que no desaprovech\u00e9is ninguna de las oportunidades, excursiones y actividades que desde el centro se os ofrezcan, porque ellas tambi\u00e9n forman parte del aprendizaje, y estoy seguro de que son las que a lo largo de los a\u00f1os m\u00e1s recordar\u00e9is y os puedo asegurar que lo har\u00e9is con m\u00e1s cari\u00f1o. Procurad tambi\u00e9n aprender y cultivaros al tiempo que interactu\u00e1is con vuestros compa\u00f1eros, con los que seguro forjar\u00e9is amistades que perdurar\u00e1n mucho despu\u00e9s de haber abandonado el instituto.<\/p>\n\n\n\n<p>Y hasta aqu\u00ed llegamos, doy por finalizado este art\u00edculo con este\nproverbio tibetano:<\/p>\n\n\n\n<p>\u00a0\u00a0\u00a0\u00a0\u00a0\u00a0\u00a0\u00a0\u00a0\u00a0 Acepta lo que es,<br>\u00a0\u00a0\u00a0\u00a0\u00a0\u00a0\u00a0\u00a0\u00a0\u00a0\u00a0\u00a0\u00a0\u00a0 deja ir lo que fue<br>\u00a0\u00a0\u00a0\u00a0\u00a0\u00a0\u00a0\u00a0\u00a0\u00a0\u00a0\u00a0\u00a0\u00a0\u00a0\u00a0\u00a0 y conf\u00eda en lo que ser\u00e1.<\/p>\n\n\n\n<p>Gracias por todo y hasta siempre.<\/p>\n\n\n\n<p>Roberto Santiago Barrios. Alumno del IES Senara.<\/p>\n\n\n\n<div class=\"wp-block-image\"><figure class=\"aligncenter is-resized\"><img decoding=\"async\" loading=\"lazy\" src=\"http:\/\/www.iessenara.es\/Revista\/wp-content\/uploads\/2020\/07\/fachada-1024x683.jpg\" alt=\"\" class=\"wp-image-2030\" width=\"505\" height=\"337\" srcset=\"https:\/\/www.iessenara.es\/Revista\/wp-content\/uploads\/2020\/07\/fachada-1024x683.jpg 1024w, https:\/\/www.iessenara.es\/Revista\/wp-content\/uploads\/2020\/07\/fachada-300x200.jpg 300w, https:\/\/www.iessenara.es\/Revista\/wp-content\/uploads\/2020\/07\/fachada-768x512.jpg 768w\" sizes=\"(max-width: 505px) 100vw, 505px\" \/><figcaption>Fachada del IES Senara. FOTO: JF Pablos<\/figcaption><\/figure><\/div>\n","protected":false},"excerpt":{"rendered":"<p>ROBERTO SANTIAGO BARRIOS. Alumno de 2.\u00ba Bachillerato HCS Todo el mundo sabe que las dos cosas m\u00e1s dif\u00edciles en la vida son decir hola por primera vez y adi\u00f3s por \u00faltima. Las despedidas no&#46;&#46;&#46;<\/p>\n","protected":false},"author":3,"featured_media":2035,"comment_status":"open","ping_status":"open","sticky":false,"template":"","format":"standard","meta":{"jetpack_post_was_ever_published":false,"jetpack_publicize_message":"","jetpack_is_tweetstorm":false,"jetpack_publicize_feature_enabled":true,"jetpack_social_options":[]},"categories":[10],"tags":[232,85],"jetpack_publicize_connections":[],"jetpack_featured_media_url":"https:\/\/www.iessenara.es\/Revista\/wp-content\/uploads\/2020\/07\/1bach.c.jpg","jetpack_sharing_enabled":true,"jetpack_shortlink":"https:\/\/wp.me\/p5mbkp-wF","_links":{"self":[{"href":"https:\/\/www.iessenara.es\/Revista\/index.php?rest_route=\/wp\/v2\/posts\/2025"}],"collection":[{"href":"https:\/\/www.iessenara.es\/Revista\/index.php?rest_route=\/wp\/v2\/posts"}],"about":[{"href":"https:\/\/www.iessenara.es\/Revista\/index.php?rest_route=\/wp\/v2\/types\/post"}],"author":[{"embeddable":true,"href":"https:\/\/www.iessenara.es\/Revista\/index.php?rest_route=\/wp\/v2\/users\/3"}],"replies":[{"embeddable":true,"href":"https:\/\/www.iessenara.es\/Revista\/index.php?rest_route=%2Fwp%2Fv2%2Fcomments&post=2025"}],"version-history":[{"count":5,"href":"https:\/\/www.iessenara.es\/Revista\/index.php?rest_route=\/wp\/v2\/posts\/2025\/revisions"}],"predecessor-version":[{"id":2034,"href":"https:\/\/www.iessenara.es\/Revista\/index.php?rest_route=\/wp\/v2\/posts\/2025\/revisions\/2034"}],"wp:featuredmedia":[{"embeddable":true,"href":"https:\/\/www.iessenara.es\/Revista\/index.php?rest_route=\/wp\/v2\/media\/2035"}],"wp:attachment":[{"href":"https:\/\/www.iessenara.es\/Revista\/index.php?rest_route=%2Fwp%2Fv2%2Fmedia&parent=2025"}],"wp:term":[{"taxonomy":"category","embeddable":true,"href":"https:\/\/www.iessenara.es\/Revista\/index.php?rest_route=%2Fwp%2Fv2%2Fcategories&post=2025"},{"taxonomy":"post_tag","embeddable":true,"href":"https:\/\/www.iessenara.es\/Revista\/index.php?rest_route=%2Fwp%2Fv2%2Ftags&post=2025"}],"curies":[{"name":"wp","href":"https:\/\/api.w.org\/{rel}","templated":true}]}}