{"id":2037,"date":"2020-08-06T12:27:29","date_gmt":"2020-08-06T12:27:29","guid":{"rendered":"http:\/\/www.iessenara.es\/Revista\/?p=2037"},"modified":"2020-08-06T12:27:31","modified_gmt":"2020-08-06T12:27:31","slug":"en-nuestras-manos","status":"publish","type":"post","link":"https:\/\/www.iessenara.es\/Revista\/?p=2037","title":{"rendered":"En nuestras manos"},"content":{"rendered":"\n<p>LUC\u00cdA S\u00c1NCHEZ DE LA TORRE. Alumna de 1.\u00ba de Bachillerato HCS<\/p>\n\n\n\n<figure class=\"wp-block-image\"><img decoding=\"async\" loading=\"lazy\" width=\"1024\" height=\"683\" src=\"http:\/\/www.iessenara.es\/Revista\/wp-content\/uploads\/2020\/08\/coronavirus-1024x683.jpg\" alt=\"\" class=\"wp-image-2039\" srcset=\"https:\/\/www.iessenara.es\/Revista\/wp-content\/uploads\/2020\/08\/coronavirus.jpg 1024w, https:\/\/www.iessenara.es\/Revista\/wp-content\/uploads\/2020\/08\/coronavirus-300x200.jpg 300w, https:\/\/www.iessenara.es\/Revista\/wp-content\/uploads\/2020\/08\/coronavirus-768x512.jpg 768w\" sizes=\"(max-width: 1024px) 100vw, 1024px\" \/><figcaption>Coronavirus. FOTO: Google images<\/figcaption><\/figure>\n\n\n\n<p>Que se nos escape entre los dedos no es una\nexcusa. Esta vez no. Est\u00e1 en nuestras manos que se repita o no la situaci\u00f3n que\nhemos vivido hace unos meses y que, en menor medida, seguimos viviendo. <\/p>\n\n\n\n<p>El treinta y uno de marzo de 2020 se\nregistraron 929 fallecimientos por Covid19 en Espa\u00f1a, siendo este uno de los\ndatos m\u00e1s altos en cuanto a defunciones por coronavirus en nuestro pa\u00eds. En\ntotal, a d\u00eda de hoy, nuestra conciencia lleva a cuestas 28.443 muertes causadas\npor el virus. A pesar de estos terror\u00edficos datos, que a m\u00ed me dejan como un\nflan, sigue habiendo poblaci\u00f3n que se toma la Covid19 a la ligera y que,\nterminado el confinamiento, ha guardado la mascarilla en el caj\u00f3n de la mesita\nde noche. <\/p>\n\n\n\n<p>Yo no soy vir\u00f3loga, ni m\u00e9dico, ni\nepidemi\u00f3loga, ni enfermera; pero he tenido la posibilidad de mirar el virus a\nlos ojos. De mi experiencia deseo que nadie m\u00e1s lo viva. Creo que con esto lo\nhe dicho todo. <\/p>\n\n\n\n<p>Antes de que el Senara se empapara de soledad cerrando sus puertas temporalmente, llegu\u00e9 a casa diciendo que aquello que en las noticias nos narraban no era m\u00e1s que un cuento de un virus <em>light<\/em> que se llevaba por delante a los m\u00e1s d\u00e9biles. Ahora que lo pienso, es lo m\u00e1s fr\u00edo que he podido llegar a decir. Y lo m\u00e1s ignorante. \u00bfQu\u00e9 sabr\u00eda yo del coronavirus en marzo si ni siquiera lo hab\u00eda mirado de reojo? <\/p>\n\n\n\n<p>Reuniones familiares, el cumplea\u00f1os de un\ncolega, tardes de piscina con los primos, el asado de los vecinos\u2026 Esto es lo\nque estoy viendo ahora en el mundo. Claro, mientras se tomen las precauciones\n\u00f3ptimas, no tendr\u00edamos de qu\u00e9 preocuparnos; sin embargo, cuando cometamos un\nerror m\u00ednimo, \u00bfnos percataremos de ello?, \u00bftendremos miedo?, \u00bfdependeremos de\nmedios mec\u00e1nicos para poder respirar en un futuro cercano? Yo no puedo dar\nrespuesta a estas preguntas, pues cada caso y cada riesgo es distinto y no soy\nadivina; pero como dice mi abuela: \u201ces mejor prevenir que curar\u201d. \u00bfEn qu\u00e9\npiensan esos pollos sin cabeza que creen que el coronavirus no les va a llegar?\n\u00bfEs que acaso ellos viven en una c\u00e1psula de titanio invisible que la Covid19 es\nincapaz de penetrar? No lo entiendo. Lo intento y sigo sin entenderlo. <\/p>\n\n\n\n<p>Seg\u00fan una serie de datos tomados por el INE a\nprincipios de mayo, veintid\u00f3s enfermos de entre veinte y veintinueve a\u00f1os en\nEspa\u00f1a murieron, mientras que de entre ochenta y ochenta y nueve a\u00f1os fueron siete\nmil ciento diecisiete los fallecidos. No obstante, en estos d\u00edas, el n\u00famero de\nj\u00f3venes ingresados graves por coronavirus est\u00e1 aumentando, a pesar de que la\nletalidad permanece en un 0,3-0,4 %, seg\u00fan informa <em>El Pa\u00eds<\/em>. Los datos no\nsolo nos hacen ver que la juventud no es inmune, sino tambi\u00e9n nos abren los\nojos: \u00a1haya precauci\u00f3n! Asimismo, si nos importan los que nos rodean, nuestros\nseres queridos, no los pongamos en peligro. <\/p>\n\n\n\n<p>En mi opini\u00f3n, todo es cuesti\u00f3n de costumbre.\nAl igual que se tiene un h\u00e1bito de estudio, o un h\u00e1bito de \u201ccotilleo\u201d en redes\nsociales -por poner otro ejemplo-, debemos ir implantando en nuestra vida el\nh\u00e1bito de lavarnos las manos, llevar bien puesta la mascarilla, guardar las\ndistancias\u2026&nbsp; <\/p>\n\n\n\n<p>Estamos experimentando un verano at\u00edpico: sin\nconcentraciones, sin fiestas y sin vacaciones \u2013al menos para m\u00ed-. Creo que\ntodos tenemos ganas de volver a la \u201cnormalidad\u201d de hace un a\u00f1o, pero la Covid19\nsigue ah\u00ed, y si queremos \u201cnormalidad\u201d \u00fanicamente la conseguiremos si nos\nplanteamos y llevamos a cabo el cambio. \u00a1Responsabilidad!<\/p>\n\n\n\n<p>Est\u00e1 en nuestras manos, ya lo he dicho. Est\u00e1,\nespecialmente, en las manos de los j\u00f3venes. Creemos que no nos llegar\u00e1 nunca a\npesar de que existe un 0,3-0,4 % de probabilidades de morir, es decir, no es\nnulo, ya es algo. No obstante, miremos m\u00e1s all\u00e1, \u00bfy los que nos rodean?\n\u00bfPadres? \u00bfT\u00edos? \u00bfAbuelos? \u00bfAmigos? <\/p>\n\n\n\n<figure class=\"wp-block-image\"><img decoding=\"async\" loading=\"lazy\" width=\"1024\" height=\"600\" src=\"http:\/\/www.iessenara.es\/Revista\/wp-content\/uploads\/2020\/08\/ocio-nocturno-barcelona-1024x600.jpg\" alt=\"\" class=\"wp-image-2038\" srcset=\"https:\/\/www.iessenara.es\/Revista\/wp-content\/uploads\/2020\/08\/ocio-nocturno-barcelona-1024x600.jpg 1024w, https:\/\/www.iessenara.es\/Revista\/wp-content\/uploads\/2020\/08\/ocio-nocturno-barcelona-300x176.jpg 300w, https:\/\/www.iessenara.es\/Revista\/wp-content\/uploads\/2020\/08\/ocio-nocturno-barcelona-768x450.jpg 768w, https:\/\/www.iessenara.es\/Revista\/wp-content\/uploads\/2020\/08\/ocio-nocturno-barcelona.jpg 1366w\" sizes=\"(max-width: 1024px) 100vw, 1024px\" \/><figcaption>Ocio nocturno en Barcelona. FOTO: Google images<\/figcaption><\/figure>\n\n\n\n<p>Pondr\u00e9 un ejemplo claro y breve para\nconcretar mi mensaje: un sujeto de dieciocho a\u00f1os acude a una fiesta en una\ndiscoteca en compa\u00f1\u00eda de cinco amigos. El sujeto vive en un apartamento de\ncincuenta metros cuadrados con sus padres, uno de ellos tiene problemas\ncard\u00edacos. El sujeto bebe un refresco mientras baila con sus cinco amigos,\ntodos ellos sin mascarilla, ya que est\u00e1n bebiendo. Uno de los amigos se\nencuentra con un conocido, que se une al corro en las mismas condiciones que el\nresto (sin mascarilla). El grupo se hace una foto rodeados por otros amantes de\nla noche (sin mascarilla y sin distancias, claro). El sujeto vuelve a casa\narropado por sus cinco amigos, el conocido y un nuevo compa\u00f1ero, invisible para\nsus ojos, que le llevar\u00e1 de la mano a la UCI del hospital.<\/p>\n\n\n\n<p>Pondr\u00e9 un segundo y \u00faltimo ejemplo: un sujeto\nde treinta a\u00f1os acude al cumplea\u00f1os de uno de sus primos que se celebrar\u00e1 en un\njard\u00edn, al aire libre. El sujeto comparte vivienda con su pareja, su hijo y sus\nsuegros. El sujeto saluda a sus familiares con c\u00e1lidos abrazos, necesarios\ndespu\u00e9s de los tres meses que los mantuvieron separados. Algunos deciden\nestrenar el verano con un buen chapuz\u00f3n en la piscina (sin mascarilla y sin\ndistancias, claro). Todos comen y beben mientras debaten sobre la gesti\u00f3n de la\npandemia (sin mascarilla y sin distancias, de nuevo). El sujeto vuelve a casa\nsolo. A los diez d\u00edas, la familia descubre un nuevo miembro, conocido en todo\nel mundo, que les abrir\u00e1 las puertas del velatorio. <\/p>\n\n\n\n<p>Despu\u00e9s de esta reflexi\u00f3n personal, cruda y\nrealista, me pregunto: \u00bfqu\u00e9 es lo que tiene que ocurrir para que los que se lo\ntoman a la ligera se lo empiecen a tomar en serio? <\/p>\n\n\n\n<p>Est\u00e1 en nuestras manos. Lo repito.<\/p>\n","protected":false},"excerpt":{"rendered":"<p>LUC\u00cdA S\u00c1NCHEZ DE LA TORRE. Alumna de 1.\u00ba de Bachillerato HCS Que se nos escape entre los dedos no es una excusa. Esta vez no. Est\u00e1 en nuestras manos que se repita o no&#46;&#46;&#46;<\/p>\n","protected":false},"author":3,"featured_media":2039,"comment_status":"open","ping_status":"open","sticky":false,"template":"","format":"standard","meta":{"jetpack_post_was_ever_published":false,"jetpack_publicize_message":"","jetpack_is_tweetstorm":false,"jetpack_publicize_feature_enabled":true,"jetpack_social_options":[]},"categories":[10],"tags":[211,208,85],"jetpack_publicize_connections":[],"jetpack_featured_media_url":"https:\/\/www.iessenara.es\/Revista\/wp-content\/uploads\/2020\/08\/coronavirus.jpg","jetpack_sharing_enabled":true,"jetpack_shortlink":"https:\/\/wp.me\/p5mbkp-wR","_links":{"self":[{"href":"https:\/\/www.iessenara.es\/Revista\/index.php?rest_route=\/wp\/v2\/posts\/2037"}],"collection":[{"href":"https:\/\/www.iessenara.es\/Revista\/index.php?rest_route=\/wp\/v2\/posts"}],"about":[{"href":"https:\/\/www.iessenara.es\/Revista\/index.php?rest_route=\/wp\/v2\/types\/post"}],"author":[{"embeddable":true,"href":"https:\/\/www.iessenara.es\/Revista\/index.php?rest_route=\/wp\/v2\/users\/3"}],"replies":[{"embeddable":true,"href":"https:\/\/www.iessenara.es\/Revista\/index.php?rest_route=%2Fwp%2Fv2%2Fcomments&post=2037"}],"version-history":[{"count":3,"href":"https:\/\/www.iessenara.es\/Revista\/index.php?rest_route=\/wp\/v2\/posts\/2037\/revisions"}],"predecessor-version":[{"id":2043,"href":"https:\/\/www.iessenara.es\/Revista\/index.php?rest_route=\/wp\/v2\/posts\/2037\/revisions\/2043"}],"wp:featuredmedia":[{"embeddable":true,"href":"https:\/\/www.iessenara.es\/Revista\/index.php?rest_route=\/wp\/v2\/media\/2039"}],"wp:attachment":[{"href":"https:\/\/www.iessenara.es\/Revista\/index.php?rest_route=%2Fwp%2Fv2%2Fmedia&parent=2037"}],"wp:term":[{"taxonomy":"category","embeddable":true,"href":"https:\/\/www.iessenara.es\/Revista\/index.php?rest_route=%2Fwp%2Fv2%2Fcategories&post=2037"},{"taxonomy":"post_tag","embeddable":true,"href":"https:\/\/www.iessenara.es\/Revista\/index.php?rest_route=%2Fwp%2Fv2%2Ftags&post=2037"}],"curies":[{"name":"wp","href":"https:\/\/api.w.org\/{rel}","templated":true}]}}