{"id":2051,"date":"2020-09-07T15:12:03","date_gmt":"2020-09-07T15:12:03","guid":{"rendered":"http:\/\/www.iessenara.es\/Revista\/?p=2051"},"modified":"2020-09-07T15:12:03","modified_gmt":"2020-09-07T15:12:03","slug":"irse","status":"publish","type":"post","link":"https:\/\/www.iessenara.es\/Revista\/?p=2051","title":{"rendered":"Irse"},"content":{"rendered":"\n<div class=\"is-layout-flow wp-block-group\"><div class=\"wp-block-group__inner-container\">\n<p>LUC\u00cdA S\u00c1NCHEZ DE LA TORRE. 2.\u00ba Bachillerato HCS<\/p>\n<\/div><\/div>\n\n\n\n<figure class=\"wp-block-image size-large\"><img decoding=\"async\" loading=\"lazy\" width=\"1024\" height=\"724\" src=\"http:\/\/www.iessenara.es\/Revista\/wp-content\/uploads\/2020\/09\/VOLVEMOS-JPG-1024x724.jpg\" alt=\"\" class=\"wp-image-2052\" srcset=\"https:\/\/www.iessenara.es\/Revista\/wp-content\/uploads\/2020\/09\/VOLVEMOS-JPG-1024x724.jpg 1024w, https:\/\/www.iessenara.es\/Revista\/wp-content\/uploads\/2020\/09\/VOLVEMOS-JPG-300x212.jpg 300w, https:\/\/www.iessenara.es\/Revista\/wp-content\/uploads\/2020\/09\/VOLVEMOS-JPG-768x543.jpg 768w, https:\/\/www.iessenara.es\/Revista\/wp-content\/uploads\/2020\/09\/VOLVEMOS-JPG-1536x1086.jpg 1536w, https:\/\/www.iessenara.es\/Revista\/wp-content\/uploads\/2020\/09\/VOLVEMOS-JPG.jpg 1754w\" sizes=\"(max-width: 1024px) 100vw, 1024px\" \/><figcaption>IMAGEN: Luc\u00eda S\u00e1nchez de la Torre<\/figcaption><\/figure>\n\n\n\n<p class=\"has-drop-cap\">Se me retuerce el alma cada vez que echo la vista atr\u00e1s y veo a mi gigante naranja de cabello azulado. No encuentro forma de que ya no duela aquel adi\u00f3s r\u00e1pido y alarmante. Ni siquiera ten\u00eda certeza de si ser\u00eda un \u201chasta nunca\u201d o un \u201chasta luego\u201d; yo deseaba volver a acariciar su tez lim\u00f3n. No esperaba tanto como lo que vino, mucho menos lo que crec\u00ed. Solo esperaba, con los labios abrazados en rabia, que las puertas se abrieran, los fluorescentes se encendieran y las voces se escucharan. Las despedidas son dif\u00edciles, aun m\u00e1s si no sabes c\u00f3mo ni cu\u00e1ndo volver\u00e1s a tu segundo hogar.<\/p>\n\n\n\n<p>Un viernes cualquiera te despierta un rayo solar que se cuela por la persiana y un d\u00eda despu\u00e9s te despierta una penumbra de luto toc\u00e1ndote el hombro de madrugada. Supon\u00eda que ocurrir\u00eda, las nubes negras se ven venir a lo lejos; sin embargo, jam\u00e1s pens\u00e9 que me afectar\u00eda tanto. Lo sent\u00ed. Lo abrac\u00e9. Me aferr\u00e9 al lapicero. Pero el miedo es miedo\u2026 Sentir un cisne negro abrir sus alas detr\u00e1s de ti, oler el lirio en la habitaci\u00f3n de pap\u00e1, o que la vida de la vieja abuela se pinte de verde\u2026 Miedo, intriga, angustia\u2026<\/p>\n\n\n\n<p>Fue viernes trece el d\u00eda que sal\u00ed por la puerta de atr\u00e1s con los libros mareados en la mochila y la duda de si ocurrir\u00eda. Risas y \u00e1nimos por no volver se convirtieron en u\u00f1as mordidas con el tiempo. Fueron horas veloces corriendo en el jard\u00edn y, a veces, terriblemente lentas procesionando las torrijas. D\u00edas de mirar por la ventana las nubes flotar y d\u00edas de pintar con acuarelas un atardecer en el balc\u00f3n. Semanas de espera que se fugaron por la puerta entreabierta de mi cuarto. Y meses de libertad que llegaron saludando con aromas c\u00e1lidos. No fue todo dientes temblando.<\/p>\n\n\n\n<p>Extra\u00f1\u00e9 mi alarma de las ocho menos cuarto. \u00a1Nunca imagin\u00e9 que lo har\u00eda! Extra\u00f1\u00e9 su techo de chapa, un bal\u00f3n botando en su gimnasio. Extra\u00f1\u00e9 el bocata en el radiador con las chicas, los campeonatos del recreo. Extra\u00f1\u00e9 las conversaciones de los cinco minutos, esperar el autob\u00fas. De tanto extra\u00f1o, aguardo el catorce de septiembre con inquietud.<\/p>\n\n\n\n<p>Irse del Senara tom\u00f3 cinco minutos de camino al autocar. Volver al Senara ha tomado medio a\u00f1o de trayecto alarmista.<\/p>\n\n\n\n<p>Volvemos.<\/p>\n","protected":false},"excerpt":{"rendered":"<p>LUC\u00cdA S\u00c1NCHEZ DE LA TORRE. 2.\u00ba Bachillerato HCS Se me retuerce el alma cada vez que echo la vista atr\u00e1s y veo a mi gigante naranja de cabello azulado. No encuentro forma de que&#46;&#46;&#46;<\/p>\n","protected":false},"author":3,"featured_media":2052,"comment_status":"open","ping_status":"open","sticky":false,"template":"","format":"standard","meta":{"jetpack_post_was_ever_published":false,"jetpack_publicize_message":"","jetpack_is_tweetstorm":false,"jetpack_publicize_feature_enabled":true,"jetpack_social_options":[]},"categories":[10],"tags":[208,85],"jetpack_publicize_connections":[],"jetpack_featured_media_url":"https:\/\/www.iessenara.es\/Revista\/wp-content\/uploads\/2020\/09\/VOLVEMOS-JPG.jpg","jetpack_sharing_enabled":true,"jetpack_shortlink":"https:\/\/wp.me\/s5mbkp-irse","_links":{"self":[{"href":"https:\/\/www.iessenara.es\/Revista\/index.php?rest_route=\/wp\/v2\/posts\/2051"}],"collection":[{"href":"https:\/\/www.iessenara.es\/Revista\/index.php?rest_route=\/wp\/v2\/posts"}],"about":[{"href":"https:\/\/www.iessenara.es\/Revista\/index.php?rest_route=\/wp\/v2\/types\/post"}],"author":[{"embeddable":true,"href":"https:\/\/www.iessenara.es\/Revista\/index.php?rest_route=\/wp\/v2\/users\/3"}],"replies":[{"embeddable":true,"href":"https:\/\/www.iessenara.es\/Revista\/index.php?rest_route=%2Fwp%2Fv2%2Fcomments&post=2051"}],"version-history":[{"count":2,"href":"https:\/\/www.iessenara.es\/Revista\/index.php?rest_route=\/wp\/v2\/posts\/2051\/revisions"}],"predecessor-version":[{"id":2054,"href":"https:\/\/www.iessenara.es\/Revista\/index.php?rest_route=\/wp\/v2\/posts\/2051\/revisions\/2054"}],"wp:featuredmedia":[{"embeddable":true,"href":"https:\/\/www.iessenara.es\/Revista\/index.php?rest_route=\/wp\/v2\/media\/2052"}],"wp:attachment":[{"href":"https:\/\/www.iessenara.es\/Revista\/index.php?rest_route=%2Fwp%2Fv2%2Fmedia&parent=2051"}],"wp:term":[{"taxonomy":"category","embeddable":true,"href":"https:\/\/www.iessenara.es\/Revista\/index.php?rest_route=%2Fwp%2Fv2%2Fcategories&post=2051"},{"taxonomy":"post_tag","embeddable":true,"href":"https:\/\/www.iessenara.es\/Revista\/index.php?rest_route=%2Fwp%2Fv2%2Ftags&post=2051"}],"curies":[{"name":"wp","href":"https:\/\/api.w.org\/{rel}","templated":true}]}}