{"id":2057,"date":"2020-09-26T12:54:08","date_gmt":"2020-09-26T12:54:08","guid":{"rendered":"http:\/\/www.iessenara.es\/Revista\/?p=2057"},"modified":"2020-09-26T12:54:08","modified_gmt":"2020-09-26T12:54:08","slug":"el-ies-senara-frente-a-la-covid-19","status":"publish","type":"post","link":"https:\/\/www.iessenara.es\/Revista\/?p=2057","title":{"rendered":"El IES Senara frente a la COVID-19"},"content":{"rendered":"\n<h3>Entrevista con el director del instituto y las coordinadoras COVID-19<\/h3>\n\n\n\n<p>\u00c1FRICA PRIETO GONZ\u00c1LEZ y LUC\u00cdA S\u00c1NCHEZ DE LA TORRE, alumnas de 2.\u00ba de Bachillerato HCS, y J. FERNANDO PABLOS NAVAZO, profesor de Lat\u00edn<\/p>\n\n\n\n<p>La redacci\u00f3n de la revista <em>Cosas del Senara<\/em> entrevista al director del instituto, D. Jos\u00e9 Antonio S\u00e1nchez Ordu\u00f1a, y a las coordinadoras COVID-19, D.\u00aa Consuelo Ramos S\u00e1nchez y D.\u00aa Roc\u00edo Rodr\u00edguez Hern\u00e1ndez, quienes nos presentan c\u00f3mo afronta el instituto el comienzo de curso y qu\u00e9 medidas se han adoptado para evitar los contagios por la COVID-19.<\/p>\n\n\n\n<p>Agradecemos a toda la comunidad educativa su colaboraci\u00f3n y las facilidades que nos han dado para la grabaci\u00f3n de este v\u00eddeo.<\/p>\n\n\n\n<figure class=\"wp-block-embed-youtube wp-block-embed is-type-video is-provider-youtube wp-embed-aspect-16-9 wp-has-aspect-ratio\"><div class=\"wp-block-embed__wrapper\">\n<div class=\"video-container\"><span class=\"embed-youtube\" style=\"text-align:center; display: block;\"><iframe loading=\"lazy\" class=\"youtube-player\" width=\"640\" height=\"360\" src=\"https:\/\/www.youtube.com\/embed\/NnXsULW_iPM?version=3&#038;rel=1&#038;showsearch=0&#038;showinfo=1&#038;iv_load_policy=1&#038;fs=1&#038;hl=es-ES&#038;autohide=2&#038;wmode=transparent\" allowfullscreen=\"true\" style=\"border:0;\" sandbox=\"allow-scripts allow-same-origin allow-popups allow-presentation\"><\/iframe><\/span><\/div>\n<\/div><\/figure>\n","protected":false},"excerpt":{"rendered":"<p>Entrevista con el director del instituto y las coordinadoras COVID-19 \u00c1FRICA PRIETO GONZ\u00c1LEZ y LUC\u00cdA S\u00c1NCHEZ DE LA TORRE, alumnas de 2.\u00ba de Bachillerato HCS, y J. FERNANDO PABLOS NAVAZO, profesor de Lat\u00edn La&#46;&#46;&#46;<\/p>\n","protected":false},"author":3,"featured_media":2059,"comment_status":"open","ping_status":"open","sticky":false,"template":"","format":"standard","meta":{"jetpack_post_was_ever_published":false,"jetpack_publicize_message":"","jetpack_is_tweetstorm":false,"jetpack_publicize_feature_enabled":true,"jetpack_social_options":[]},"categories":[9,8],"tags":[208,16,85],"jetpack_publicize_connections":[],"jetpack_featured_media_url":"https:\/\/www.iessenara.es\/Revista\/wp-content\/uploads\/2020\/09\/senara-covid-19.jpg","jetpack_sharing_enabled":true,"jetpack_shortlink":"https:\/\/wp.me\/p5mbkp-xb","_links":{"self":[{"href":"https:\/\/www.iessenara.es\/Revista\/index.php?rest_route=\/wp\/v2\/posts\/2057"}],"collection":[{"href":"https:\/\/www.iessenara.es\/Revista\/index.php?rest_route=\/wp\/v2\/posts"}],"about":[{"href":"https:\/\/www.iessenara.es\/Revista\/index.php?rest_route=\/wp\/v2\/types\/post"}],"author":[{"embeddable":true,"href":"https:\/\/www.iessenara.es\/Revista\/index.php?rest_route=\/wp\/v2\/users\/3"}],"replies":[{"embeddable":true,"href":"https:\/\/www.iessenara.es\/Revista\/index.php?rest_route=%2Fwp%2Fv2%2Fcomments&post=2057"}],"version-history":[{"count":2,"href":"https:\/\/www.iessenara.es\/Revista\/index.php?rest_route=\/wp\/v2\/posts\/2057\/revisions"}],"predecessor-version":[{"id":2060,"href":"https:\/\/www.iessenara.es\/Revista\/index.php?rest_route=\/wp\/v2\/posts\/2057\/revisions\/2060"}],"wp:featuredmedia":[{"embeddable":true,"href":"https:\/\/www.iessenara.es\/Revista\/index.php?rest_route=\/wp\/v2\/media\/2059"}],"wp:attachment":[{"href":"https:\/\/www.iessenara.es\/Revista\/index.php?rest_route=%2Fwp%2Fv2%2Fmedia&parent=2057"}],"wp:term":[{"taxonomy":"category","embeddable":true,"href":"https:\/\/www.iessenara.es\/Revista\/index.php?rest_route=%2Fwp%2Fv2%2Fcategories&post=2057"},{"taxonomy":"post_tag","embeddable":true,"href":"https:\/\/www.iessenara.es\/Revista\/index.php?rest_route=%2Fwp%2Fv2%2Ftags&post=2057"}],"curies":[{"name":"wp","href":"https:\/\/api.w.org\/{rel}","templated":true}]}}