{"id":2070,"date":"2020-10-18T15:50:27","date_gmt":"2020-10-18T15:50:27","guid":{"rendered":"http:\/\/www.iessenara.es\/Revista\/?p=2070"},"modified":"2020-10-18T16:09:50","modified_gmt":"2020-10-18T16:09:50","slug":"no-queda-sino-batirnos","status":"publish","type":"post","link":"https:\/\/www.iessenara.es\/Revista\/?p=2070","title":{"rendered":"No queda sino batirnos"},"content":{"rendered":"\n<p>MANUEL DE CASTRO DE DIEGO. Exalumno del IES Senara<\/p>\n\n\n\n<p>A veces pienso cu\u00e1nto se queda de la historia en las p\u00e1ginas y p\u00e1ginas de los libros de texto que tenemos en los institutos. Y eso a pesar de que hoy ya miramos la historia desde muchas caras del prisma: econom\u00eda, sociedad, pol\u00edtica\u2026 Pero a la hora de estudiar la historia, o m\u00e1s bien <em>nuestra <\/em>historia muchas veces solo se memoriza y memoriza sin llegar a comprender c\u00f3mo eran las gentes de cada \u00e9poca, c\u00f3mo pensaban, c\u00f3mo actuaban, cu\u00e1l era su sentir\u2026 En fin, que esta bella ciencia queda despojada de su <em>alma<\/em>.<\/p>\n\n\n\n<p>Estos pensamientos me vinieron a la mente el pasado doce de octubre, con dos posiciones revisionistas de la historia igual de falaces y antihist\u00f3ricas. Estoy hablando de aquellos que comparan a los conquistadores casi con fascistas y racistas y que ven al Imperio Hisp\u00e1nico como un monstruo y de aquellos que lo ven como el adalid de la civilizaci\u00f3n que llev\u00f3 al progreso a las Am\u00e9ricas. Ambos relatos se basan en leyendas, la negra y la rosa. Ambas visiones son falsas.<\/p>\n\n\n\n<figure class=\"wp-block-image size-large\"><img decoding=\"async\" loading=\"lazy\" width=\"1024\" height=\"512\" src=\"http:\/\/www.iessenara.es\/Revista\/wp-content\/uploads\/2020\/10\/alatriste.jpg\" alt=\"\" class=\"wp-image-2071\" srcset=\"https:\/\/www.iessenara.es\/Revista\/wp-content\/uploads\/2020\/10\/alatriste.jpg 1024w, https:\/\/www.iessenara.es\/Revista\/wp-content\/uploads\/2020\/10\/alatriste-300x150.jpg 300w, https:\/\/www.iessenara.es\/Revista\/wp-content\/uploads\/2020\/10\/alatriste-768x384.jpg 768w\" sizes=\"(max-width: 1024px) 100vw, 1024px\" \/><\/figure>\n\n\n\n<p>Pero creo que pel\u00edculas, series y, en este caso, novelas, pueden ayudar a humanizar la historia. Como es el caso de <em>Las aventuras del capit\u00e1n Alatriste<\/em>. Escritas por el periodista espa\u00f1ol Arturo P\u00e9rez-Reverte y ambientadas en la decadente Espa\u00f1a del siglo XVII, donde se nos muestra un Imperio que se aferra in\u00fatilmente al risco de la hegemon\u00eda, sucumbiendo bajo los enemigos exteriores, interiores y ante sus propios gobernantes. Y en la capital de este Imperio vive Diego Alatriste y Tenorio, veterano del tercio de Cartagena y amo de \u00cd\u00f1igo Balboa. Hombre que ni es bueno ni es malo, que es hijo de su tiempo, un hombre que no es ni blanco ni negro, es gris. Un hombre valiente que lucha para sobrevivir en un mundo de enga\u00f1os, conspiraciones e hipocres\u00eda.<\/p>\n\n\n\n<p>Desde la voz de \u00cd\u00f1igo, hijo de un amigo de Diego ca\u00eddo en el campo de batalla, se nos cuenta la vida de esta pareja en esta Espa\u00f1a que se cae a pedazos, desde Madrid hasta el mar Egeo, pasando por Breda, Venecia o Sevilla. Luchando contra franceses, flamencos rebeldes, otomanos o venecianos\u2026 pero sobre todo contra propios espa\u00f1oles en las tretas palaciegas y misiones que le encomiendan a Alatriste, que se gana la vida con su vizca\u00edna y su espada.<\/p>\n\n\n\n<p>Se nos describen escenarios oscuros, lugares de \u201clos bajos fondos\u201d con personajes retorcidos, ego\u00edstas y c\u00ednicos, consumados por un fanatismo religioso bajo la cat\u00f3lica corona. Los m\u00e1s resaltables, el secretario real Luis de Alqu\u00e9zar y Gualterio Malatesta. Es digno de destacar este \u00faltimo, enemigo mortal de Alatriste, a pesar de que se dedica a lo mismo que el capit\u00e1n. Pero no solo a ellos, sino tambi\u00e9n a funcionarios, prostitutas, curas, escritores y poetas, pues recordemos que el siglo xvii fue el Siglo de Oro, y de hecho Quevedo ser\u00e1 uno de los personajes secundarios m\u00e1s importantes. Pero sobre todo soldados y camaradas de Alatriste. Hombres curtidos en los aceros desde Flandes hasta los callejones de Madrid o N\u00e1poles que frecuentan tabernas de mala muerte. Del otro lado, una realeza m\u00e1s preocupada por la caza o los asuntos superfluos de palacio que del bienestar del Imperio.<\/p>\n\n\n\n<p>Novelas de capa y espada donde se narran las aventuras de unos hombres que sobreviven con sus armas, pero tambi\u00e9n novelas de aprendizaje, pues se narra el crecimiento desde los doce a\u00f1os hasta los dieciocho de \u00cd\u00f1igo Balboa. Y eso solo de momento. Un crecimiento donde no puede faltar su enamoramiento de la sobrina del secretario Real, Ang\u00e9lica de Alqu\u00e9zar, menina de la reina y <em>femme fatale<\/em>.<\/p>\n\n\n\n<p>Y creo que estas novelas transmiten esa almaque posee la historia. Un alma que nos transmiten sus personajes nihilistas y c\u00ednicos. Alatriste lucha, pero no cree en nada. Ni siquiera cree en su rey Felipe IV. Lucha por \u00e9l porque hay que luchar por algo. Un tono derrotista, melanc\u00f3lico por el \u201csiglo viejo\u201d y hastiado de una patria ingrata que arrastra a sus gentes a la pobreza y a la mendicidad bajo una cruz bien grande del catolicismo ultraortodoxo y atacada por todos los puntos cardinales.<\/p>\n\n\n\n<p>Cabe decir aqu\u00ed que descubr\u00ed estas novelas por <em>Miguel de Lys<\/em>, un <em>youtuber<\/em> que toma canciones de rock y metal para explicar historia, curiosidades y literatura. Utiliza la canci\u00f3n del grupo M\u00e4go de Oz, \u201cLa cruz de Santiago\u201d, perteneciente al \u00e1lbum <em>Finisterra<\/em>, como base para explicar la sinopsis de esta fant\u00e1stica saga. Os recomiendo pasaros por su canal, pues de forma amena y divertida se pueden descubrir muchas curiosidades, libros y grupos. Y tambi\u00e9n os recomiendo empezar a leer <em>Las Aventuras del Capit\u00e1n Alatriste<\/em>. Voto a Cristo que vuesas mercedes no perder\u00e1n nada en el intento.<\/p>\n\n\n\n<figure class=\"wp-block-embed-youtube wp-block-embed is-type-video is-provider-youtube wp-embed-aspect-16-9 wp-has-aspect-ratio\"><div class=\"wp-block-embed__wrapper\">\n<div class=\"video-container\"><span class=\"embed-youtube\" style=\"text-align:center; display: block;\"><iframe loading=\"lazy\" class=\"youtube-player\" width=\"640\" height=\"360\" src=\"https:\/\/www.youtube.com\/embed\/ZVnl7ValLm8?version=3&#038;rel=1&#038;showsearch=0&#038;showinfo=1&#038;iv_load_policy=1&#038;fs=1&#038;hl=es-ES&#038;autohide=2&#038;wmode=transparent\" allowfullscreen=\"true\" style=\"border:0;\" sandbox=\"allow-scripts allow-same-origin allow-popups allow-presentation\"><\/iframe><\/span><\/div>\n<\/div><\/figure>\n","protected":false},"excerpt":{"rendered":"<p>MANUEL DE CASTRO DE DIEGO. Exalumno del IES Senara A veces pienso cu\u00e1nto se queda de la historia en las p\u00e1ginas y p\u00e1ginas de los libros de texto que tenemos en los institutos. Y&#46;&#46;&#46;<\/p>\n","protected":false},"author":3,"featured_media":2071,"comment_status":"open","ping_status":"open","sticky":false,"template":"","format":"standard","meta":{"jetpack_post_was_ever_published":false,"jetpack_publicize_message":"","jetpack_is_tweetstorm":false,"jetpack_publicize_feature_enabled":true,"jetpack_social_options":[]},"categories":[10,12],"tags":[235,19,236],"jetpack_publicize_connections":[],"jetpack_featured_media_url":"https:\/\/www.iessenara.es\/Revista\/wp-content\/uploads\/2020\/10\/alatriste.jpg","jetpack_sharing_enabled":true,"jetpack_shortlink":"https:\/\/wp.me\/p5mbkp-xo","_links":{"self":[{"href":"https:\/\/www.iessenara.es\/Revista\/index.php?rest_route=\/wp\/v2\/posts\/2070"}],"collection":[{"href":"https:\/\/www.iessenara.es\/Revista\/index.php?rest_route=\/wp\/v2\/posts"}],"about":[{"href":"https:\/\/www.iessenara.es\/Revista\/index.php?rest_route=\/wp\/v2\/types\/post"}],"author":[{"embeddable":true,"href":"https:\/\/www.iessenara.es\/Revista\/index.php?rest_route=\/wp\/v2\/users\/3"}],"replies":[{"embeddable":true,"href":"https:\/\/www.iessenara.es\/Revista\/index.php?rest_route=%2Fwp%2Fv2%2Fcomments&post=2070"}],"version-history":[{"count":3,"href":"https:\/\/www.iessenara.es\/Revista\/index.php?rest_route=\/wp\/v2\/posts\/2070\/revisions"}],"predecessor-version":[{"id":2077,"href":"https:\/\/www.iessenara.es\/Revista\/index.php?rest_route=\/wp\/v2\/posts\/2070\/revisions\/2077"}],"wp:featuredmedia":[{"embeddable":true,"href":"https:\/\/www.iessenara.es\/Revista\/index.php?rest_route=\/wp\/v2\/media\/2071"}],"wp:attachment":[{"href":"https:\/\/www.iessenara.es\/Revista\/index.php?rest_route=%2Fwp%2Fv2%2Fmedia&parent=2070"}],"wp:term":[{"taxonomy":"category","embeddable":true,"href":"https:\/\/www.iessenara.es\/Revista\/index.php?rest_route=%2Fwp%2Fv2%2Fcategories&post=2070"},{"taxonomy":"post_tag","embeddable":true,"href":"https:\/\/www.iessenara.es\/Revista\/index.php?rest_route=%2Fwp%2Fv2%2Ftags&post=2070"}],"curies":[{"name":"wp","href":"https:\/\/api.w.org\/{rel}","templated":true}]}}