{"id":2087,"date":"2020-11-01T21:37:46","date_gmt":"2020-11-01T21:37:46","guid":{"rendered":"http:\/\/www.iessenara.es\/Revista\/?p=2087"},"modified":"2020-11-01T21:37:47","modified_gmt":"2020-11-01T21:37:47","slug":"que-no-os-toque","status":"publish","type":"post","link":"https:\/\/www.iessenara.es\/Revista\/?p=2087","title":{"rendered":"Que no os toque"},"content":{"rendered":"\n<p>LUC\u00cdA S\u00c1NCHEZ DE LA TORRE. 2.\u00ba Bachillerato HCS<\/p>\n\n\n\n<figure class=\"wp-block-image size-large\"><img decoding=\"async\" loading=\"lazy\" width=\"1024\" height=\"738\" src=\"http:\/\/www.iessenara.es\/Revista\/wp-content\/uploads\/2020\/11\/03.Que-no-os-toque-1024x738.jpg\" alt=\"\" class=\"wp-image-2088\" srcset=\"https:\/\/www.iessenara.es\/Revista\/wp-content\/uploads\/2020\/11\/03.Que-no-os-toque-1024x738.jpg 1024w, https:\/\/www.iessenara.es\/Revista\/wp-content\/uploads\/2020\/11\/03.Que-no-os-toque-300x216.jpg 300w, https:\/\/www.iessenara.es\/Revista\/wp-content\/uploads\/2020\/11\/03.Que-no-os-toque-768x554.jpg 768w, https:\/\/www.iessenara.es\/Revista\/wp-content\/uploads\/2020\/11\/03.Que-no-os-toque-1536x1108.jpg 1536w, https:\/\/www.iessenara.es\/Revista\/wp-content\/uploads\/2020\/11\/03.Que-no-os-toque.jpg 1614w\" sizes=\"(max-width: 1024px) 100vw, 1024px\" \/><\/figure>\n\n\n\n<p>Olas de manos mareaban su cuerpo cuando abri\u00f3 los ojos ahogados. Tres \u00e1ngeles de la guarda con t\u00fanicas verdes le empujaban desesperados. Oy\u00f3 miles de groser\u00edas y gru\u00f1idos, sinti\u00f3 la rabia en los labios apretados de sus defensores. Sub\u00edan y bajaban el ox\u00edgeno, mov\u00edan la camilla en todas direcciones, le daban palmadas suaves en el rostro\u2026<\/p>\n\n\n\n<p>Sabiendo lo que le esperaba, pens\u00f3, entonces, en algo que una vez dijo Antonio Machado: \u201cLa muerte es algo que no debemos temer porque, mientras somos, la muerte no es, y cuando la muerte es, nosotros no somos.\u201d La tem\u00eda, claro que la tem\u00eda. La tem\u00eda porque, en ese momento, ella s\u00ed era. La tem\u00eda porque se acercaba al gotero mostrando sus manos ardientes y su tronco esquel\u00e9tico. La tem\u00eda porque estaba a su lado, sonriendo de la forma m\u00e1s macabra.<\/p>\n\n\n\n<p>Cerr\u00f3 los p\u00e1rpados con fuerza y olvid\u00f3 por un momento al Cupido de la muerte pensando en sus tres nietos. Un chico alto y p\u00e1lido se adentr\u00f3 caminando en la oscuridad de sus ojos; se trataba de Marcos, el nieto mayor, el guerrero, el que trabajaba sin descanso por lo que quer\u00eda. Apareci\u00f3 Olivia, la mediana, con su vestido de flores y entonando sus rancheras. De repente, una luz m\u00e1gica ilumin\u00f3 su rostro al recordar a la peque\u00f1a Nora, a la que hab\u00eda prometido volver, a la que hab\u00eda prometido una tarta de manzana y un abrazo de lo m\u00e1s dulce. Un pitido constante que cantaba al Hades interrumpi\u00f3 sus visiones. Sus protectores le miraron decepcionados y, con la impotencia del que quiere pero no puede, abandonaron la estancia. La puerta cerr\u00f3 a c\u00e1mara lenta haciendo el menor ruido.<\/p>\n\n\n\n<p>Bailaban por los cerros de su rostro dos l\u00e1grimas sembrando miedo. Sus dos ojos apagados temblaban sin cesar, y sus labios distanciados ped\u00edan aire con urgencia. Movi\u00f3 su mano en busca de respuesta, pero a su lado solo encontr\u00f3 a la soledad acompa\u00f1ada por las tinieblas. Sus piernas respondieron con patadas a las s\u00e1banas, mientras en su pecho se repet\u00eda el dolor de la ausencia. Intent\u00f3 alzar la voz, gritar, pedir ayuda\u2026 Se sinti\u00f3 en una pecera ahog\u00e1ndose entre burbujas. Las luces se fundieron en medio de la agon\u00eda. Y su mundo termin\u00f3 en el lugar en el que hubo empezado un d\u00eda.<\/p>\n\n\n\n<p>\u201cQue no os toque, hijos\u2026 Que no os toque\u201d musit\u00f3 en un \u00faltimo suspiro sumido en la tenebrosidad de la muerte.<\/p>\n\n\n\n<p class=\"has-text-align-center\"><em>Dedicado a aquellos que murieron en silencio y solos. Dedicado a aquellos que lucharon por nosotros y no pudimos salvar. No hay derecho.<\/em><\/p>\n","protected":false},"excerpt":{"rendered":"<p>LUC\u00cdA S\u00c1NCHEZ DE LA TORRE. 2.\u00ba Bachillerato HCS Olas de manos mareaban su cuerpo cuando abri\u00f3 los ojos ahogados. Tres \u00e1ngeles de la guarda con t\u00fanicas verdes le empujaban desesperados. Oy\u00f3 miles de groser\u00edas&#46;&#46;&#46;<\/p>\n","protected":false},"author":3,"featured_media":2088,"comment_status":"open","ping_status":"open","sticky":false,"template":"","format":"standard","meta":{"jetpack_post_was_ever_published":false,"jetpack_publicize_message":"","jetpack_is_tweetstorm":false,"jetpack_publicize_feature_enabled":true,"jetpack_social_options":[]},"categories":[11,10],"tags":[211,208,237,238],"jetpack_publicize_connections":[],"jetpack_featured_media_url":"https:\/\/www.iessenara.es\/Revista\/wp-content\/uploads\/2020\/11\/03.Que-no-os-toque.jpg","jetpack_sharing_enabled":true,"jetpack_shortlink":"https:\/\/wp.me\/p5mbkp-xF","_links":{"self":[{"href":"https:\/\/www.iessenara.es\/Revista\/index.php?rest_route=\/wp\/v2\/posts\/2087"}],"collection":[{"href":"https:\/\/www.iessenara.es\/Revista\/index.php?rest_route=\/wp\/v2\/posts"}],"about":[{"href":"https:\/\/www.iessenara.es\/Revista\/index.php?rest_route=\/wp\/v2\/types\/post"}],"author":[{"embeddable":true,"href":"https:\/\/www.iessenara.es\/Revista\/index.php?rest_route=\/wp\/v2\/users\/3"}],"replies":[{"embeddable":true,"href":"https:\/\/www.iessenara.es\/Revista\/index.php?rest_route=%2Fwp%2Fv2%2Fcomments&post=2087"}],"version-history":[{"count":1,"href":"https:\/\/www.iessenara.es\/Revista\/index.php?rest_route=\/wp\/v2\/posts\/2087\/revisions"}],"predecessor-version":[{"id":2089,"href":"https:\/\/www.iessenara.es\/Revista\/index.php?rest_route=\/wp\/v2\/posts\/2087\/revisions\/2089"}],"wp:featuredmedia":[{"embeddable":true,"href":"https:\/\/www.iessenara.es\/Revista\/index.php?rest_route=\/wp\/v2\/media\/2088"}],"wp:attachment":[{"href":"https:\/\/www.iessenara.es\/Revista\/index.php?rest_route=%2Fwp%2Fv2%2Fmedia&parent=2087"}],"wp:term":[{"taxonomy":"category","embeddable":true,"href":"https:\/\/www.iessenara.es\/Revista\/index.php?rest_route=%2Fwp%2Fv2%2Fcategories&post=2087"},{"taxonomy":"post_tag","embeddable":true,"href":"https:\/\/www.iessenara.es\/Revista\/index.php?rest_route=%2Fwp%2Fv2%2Ftags&post=2087"}],"curies":[{"name":"wp","href":"https:\/\/api.w.org\/{rel}","templated":true}]}}