{"id":2095,"date":"2020-11-10T22:28:58","date_gmt":"2020-11-10T22:28:58","guid":{"rendered":"http:\/\/www.iessenara.es\/Revista\/?p=2095"},"modified":"2020-11-12T16:43:16","modified_gmt":"2020-11-12T16:43:16","slug":"cuaderna-via","status":"publish","type":"post","link":"https:\/\/www.iessenara.es\/Revista\/?p=2095","title":{"rendered":"Cuaderna v\u00eda"},"content":{"rendered":"\n<p>ALUMNOS DE 3.\u00ba DE ESO. Lengua Castellana y Literatura<\/p>\n\n\n\n<p>En los siglos XIII y XIV parte de la poes\u00eda castellana se escribe utilizando una estrofa llamada \u201ccuaderna v\u00eda\u201d. Son cuatro versos alejandrinos con rima consonante que trataban fundamentalmente temas religiosos. Nuestros alumnos han actualizado la tem\u00e1tica y han compuesto estas curiosas estrofas, algunas graciosas, otras rom\u00e1nticas, intensas o sorprendentes. <br><em>Ainoha Centeno D\u00edez, profesora de Lengua Castellana y Literatura.<\/em><\/p>\n\n\n\n<p><strong>Tu ausencia<\/strong><\/p>\n\n\n\n<p>Desde tu partida mi esperanza no he perdido<br>luchar\u00e9 por mis sue\u00f1os como siempre has querido,<br>no parar\u00e9 hasta mis metas haber conseguido<br>y cumplir los deseos que te he prometido.<\/p>\n\n\n\n<p class=\"has-text-align-center\"><em>Samuel Andr\u00e9s Barrera, 3.\u00ba A<\/em><\/p>\n\n\n\n<p><strong>Mi amigo Vicente<\/strong><\/p>\n\n\n\n<p>Os voy a contar algo que parece sorprendente:<br>yo tengo un buen amigo que se llama Vicente.<br>Le encanta pasarse las horas siendo vidente<br>porque dice que le gusta ayudar a la gente.<\/p>\n\n\n\n<p class=\"has-text-align-center\"><em>Sa\u00fal Mu\u00f1oz Gonz\u00e1lez, 3.\u00ba A<\/em><\/p>\n\n\n\n<p><strong>La lluvia<\/strong><\/p>\n\n\n\n<p>Desde mi ventana veo las gotas caer<br>hace mucho fr\u00edo y no deja de llover.<br>Yo tengo ganas de ver el sol aparecer<br>y que ya las plantas comiencen a florecer.<\/p>\n\n\n\n<p class=\"has-text-align-center\"><em>Jorge S\u00e1nchez Sierra, 3.\u00ba A<\/em><\/p>\n\n\n\n<p><strong>El camino<\/strong><\/p>\n\n\n\n<p>Caminando por el camino yo me perd\u00eda,<br>entre las sombras de la luz de aquel mediod\u00eda<br>y con una triste hoja que sobre m\u00ed ca\u00eda,<br>viento en su llamada, al camino me devolv\u00eda.<\/p>\n\n\n\n<p class=\"has-text-align-center\"><em>Natalia Barbero Gonz\u00e1lez, 3.\u00ba B<\/em><\/p>\n\n\n\n<p><strong>Matem\u00e1ticas<\/strong><\/p>\n\n\n\n<p>Esto debes saber para bien multiplicar<br>La regla de los signos t\u00fa debes recordar;<br>Multiplicar potencias, exponentes sumar<br>Y en las combinadas con ellas hay que empezar.<\/p>\n\n\n\n<p class=\"has-text-align-center\"><em>Antonio Benito Alonso, 3.\u00ba B<\/em><\/p>\n\n\n\n<p><strong>Amor ciego<\/strong><\/p>\n\n\n\n<p>\u00c9l la quiso a rabiar, sin pensar en los dem\u00e1s.<br>Ella quiso terminar, ya que no pod\u00eda m\u00e1s.<br>No estaban hechos para amarse ni quererse m\u00e1s<br>Doloridos, ni mirarse pudieron jam\u00e1s.<\/p>\n\n\n\n<p class=\"has-text-align-center\"><em>Roc\u00edo S\u00e1nchez P\u00e9rez, 3.\u00ba B<\/em><\/p>\n","protected":false},"excerpt":{"rendered":"<p>ALUMNOS DE 3.\u00ba DE ESO. Lengua Castellana y Literatura En los siglos XIII y XIV parte de la poes\u00eda castellana se escribe utilizando una estrofa llamada \u201ccuaderna v\u00eda\u201d. Son cuatro versos alejandrinos con rima&#46;&#46;&#46;<\/p>\n","protected":false},"author":3,"featured_media":2096,"comment_status":"open","ping_status":"open","sticky":false,"template":"","format":"standard","meta":{"jetpack_post_was_ever_published":false,"jetpack_publicize_message":"","jetpack_is_tweetstorm":false,"jetpack_publicize_feature_enabled":true,"jetpack_social_options":[]},"categories":[10],"tags":[135,241],"jetpack_publicize_connections":[],"jetpack_featured_media_url":"https:\/\/www.iessenara.es\/Revista\/wp-content\/uploads\/2020\/11\/cudernavia.gif","jetpack_sharing_enabled":true,"jetpack_shortlink":"https:\/\/wp.me\/p5mbkp-xN","_links":{"self":[{"href":"https:\/\/www.iessenara.es\/Revista\/index.php?rest_route=\/wp\/v2\/posts\/2095"}],"collection":[{"href":"https:\/\/www.iessenara.es\/Revista\/index.php?rest_route=\/wp\/v2\/posts"}],"about":[{"href":"https:\/\/www.iessenara.es\/Revista\/index.php?rest_route=\/wp\/v2\/types\/post"}],"author":[{"embeddable":true,"href":"https:\/\/www.iessenara.es\/Revista\/index.php?rest_route=\/wp\/v2\/users\/3"}],"replies":[{"embeddable":true,"href":"https:\/\/www.iessenara.es\/Revista\/index.php?rest_route=%2Fwp%2Fv2%2Fcomments&post=2095"}],"version-history":[{"count":5,"href":"https:\/\/www.iessenara.es\/Revista\/index.php?rest_route=\/wp\/v2\/posts\/2095\/revisions"}],"predecessor-version":[{"id":2101,"href":"https:\/\/www.iessenara.es\/Revista\/index.php?rest_route=\/wp\/v2\/posts\/2095\/revisions\/2101"}],"wp:featuredmedia":[{"embeddable":true,"href":"https:\/\/www.iessenara.es\/Revista\/index.php?rest_route=\/wp\/v2\/media\/2096"}],"wp:attachment":[{"href":"https:\/\/www.iessenara.es\/Revista\/index.php?rest_route=%2Fwp%2Fv2%2Fmedia&parent=2095"}],"wp:term":[{"taxonomy":"category","embeddable":true,"href":"https:\/\/www.iessenara.es\/Revista\/index.php?rest_route=%2Fwp%2Fv2%2Fcategories&post=2095"},{"taxonomy":"post_tag","embeddable":true,"href":"https:\/\/www.iessenara.es\/Revista\/index.php?rest_route=%2Fwp%2Fv2%2Ftags&post=2095"}],"curies":[{"name":"wp","href":"https:\/\/api.w.org\/{rel}","templated":true}]}}