{"id":2110,"date":"2020-11-24T10:44:13","date_gmt":"2020-11-24T10:44:13","guid":{"rendered":"http:\/\/www.iessenara.es\/Revista\/?p=2110"},"modified":"2020-11-24T10:44:14","modified_gmt":"2020-11-24T10:44:14","slug":"a-la-violencia-contra-la-mujer-tolerancia-cero","status":"publish","type":"post","link":"https:\/\/www.iessenara.es\/Revista\/?p=2110","title":{"rendered":"A la violencia contra la mujer, \u00a1TOLERANCIA CERO!"},"content":{"rendered":"\n<figure class=\"wp-block-image size-large\"><img decoding=\"async\" loading=\"lazy\" width=\"765\" height=\"277\" src=\"http:\/\/www.iessenara.es\/Revista\/wp-content\/uploads\/2020\/11\/violencia-02-1.jpg\" alt=\"\" class=\"wp-image-2112\" srcset=\"https:\/\/www.iessenara.es\/Revista\/wp-content\/uploads\/2020\/11\/violencia-02-1.jpg 765w, https:\/\/www.iessenara.es\/Revista\/wp-content\/uploads\/2020\/11\/violencia-02-1-300x109.jpg 300w\" sizes=\"(max-width: 765px) 100vw, 765px\" \/><\/figure>\n\n\n\n<p>M\u00aa ROC\u00cdO RODR\u00cdGUEZ HERN\u00c1NDEZ, profesora de Matem\u00e1ticas<\/p>\n\n\n\n<p>Como cada a\u00f1o, llegada esta fecha es obligado reflexionar c\u00f3mo podemos trabajar este d\u00eda con nuestros alumnos. Desde el departamento de Matem\u00e1ticas hemos elaborado este documento sobre el que luego los alumnos deben realizar un trabajo. Nos permitimos compartirlo con todos vosotros, ya que creemos que se han involucrado y han realizado una gran labor con la aportaci\u00f3n de sus ideas y conclusiones.<\/p>\n\n\n\n<p>El origen del 25 de noviembre como D\u00eda internacional contra la violencia a la mujer se remonta a 1960, a\u00f1o en el que las tres hermanas Mirabal (Patria, Minerva y Mar\u00eda Teresa) fueron violentamente asesinadas cuando volv\u00edan de visitar a sus maridos, que se encontraban encarcelados en la Rep\u00fablica Dominicana por su activismo pol\u00edtico. Las tres, conocidas como las \u201cmariposas\u201d (nombre secreto que usaba una de ellas en sus actividades clandestinas), fueron luchadoras sociales y pol\u00edticas en la causa por la libertad y democracia en su pa\u00eds. El 25 de noviembre ha sido la fecha elegida para conmemorar sus vidas y promover el reconocimiento mundial de la violencia de g\u00e9nero.<\/p>\n\n\n\n<p>Campa\u00f1a del lazo blanco. Esta Campa\u00f1a naci\u00f3 en Canad\u00e1 donde en 1989 fueron asesinadas 14 adolescentes por el solo hecho de estudiar una carrera para hombres. A partir de esa fecha, un grupo de hombres pens\u00f3 que ten\u00edan la responsabilidad de implicarse e implicar a otros en hacer algo para que este tipo de cosas no sucedieran m\u00e1s. Llevar el lazo blanco significa aceptar el compromiso personal de no cometer, permitir, ni silenciar la violencia contra las mujeres.<\/p>\n\n\n\n<figure class=\"wp-block-embed is-type-rich is-provider-gestor-del-servicio\"><div class=\"wp-block-embed__wrapper\">\n<p><a href=\"http:\/\/iessenara.centros.educa.jcyl.es\/aula\/archivos\/repositorio\/\/250\/409\/25N-dia.contra.laviolencia.a.la.mujer.pdf\" target=\"_blank\" rel=\"noopener noreferrer nofollow\">Haz clic para acceder a 25N-dia.contra.laviolencia.a.la.mujer.pdf<\/a><\/p>\n<\/div><\/figure>\n\n\n\n<p><\/p>\n","protected":false},"excerpt":{"rendered":"<p>M\u00aa ROC\u00cdO RODR\u00cdGUEZ HERN\u00c1NDEZ, profesora de Matem\u00e1ticas Como cada a\u00f1o, llegada esta fecha es obligado reflexionar c\u00f3mo podemos trabajar este d\u00eda con nuestros alumnos. Desde el departamento de Matem\u00e1ticas hemos elaborado este documento sobre&#46;&#46;&#46;<\/p>\n","protected":false},"author":3,"featured_media":2115,"comment_status":"open","ping_status":"open","sticky":false,"template":"","format":"standard","meta":{"jetpack_post_was_ever_published":false,"jetpack_publicize_message":"","jetpack_is_tweetstorm":false,"jetpack_publicize_feature_enabled":true,"jetpack_social_options":[]},"categories":[8],"tags":[242,104,130],"jetpack_publicize_connections":[],"jetpack_featured_media_url":"https:\/\/www.iessenara.es\/Revista\/wp-content\/uploads\/2020\/11\/violencia-01.jpg","jetpack_sharing_enabled":true,"jetpack_shortlink":"https:\/\/wp.me\/p5mbkp-y2","_links":{"self":[{"href":"https:\/\/www.iessenara.es\/Revista\/index.php?rest_route=\/wp\/v2\/posts\/2110"}],"collection":[{"href":"https:\/\/www.iessenara.es\/Revista\/index.php?rest_route=\/wp\/v2\/posts"}],"about":[{"href":"https:\/\/www.iessenara.es\/Revista\/index.php?rest_route=\/wp\/v2\/types\/post"}],"author":[{"embeddable":true,"href":"https:\/\/www.iessenara.es\/Revista\/index.php?rest_route=\/wp\/v2\/users\/3"}],"replies":[{"embeddable":true,"href":"https:\/\/www.iessenara.es\/Revista\/index.php?rest_route=%2Fwp%2Fv2%2Fcomments&post=2110"}],"version-history":[{"count":2,"href":"https:\/\/www.iessenara.es\/Revista\/index.php?rest_route=\/wp\/v2\/posts\/2110\/revisions"}],"predecessor-version":[{"id":2114,"href":"https:\/\/www.iessenara.es\/Revista\/index.php?rest_route=\/wp\/v2\/posts\/2110\/revisions\/2114"}],"wp:featuredmedia":[{"embeddable":true,"href":"https:\/\/www.iessenara.es\/Revista\/index.php?rest_route=\/wp\/v2\/media\/2115"}],"wp:attachment":[{"href":"https:\/\/www.iessenara.es\/Revista\/index.php?rest_route=%2Fwp%2Fv2%2Fmedia&parent=2110"}],"wp:term":[{"taxonomy":"category","embeddable":true,"href":"https:\/\/www.iessenara.es\/Revista\/index.php?rest_route=%2Fwp%2Fv2%2Fcategories&post=2110"},{"taxonomy":"post_tag","embeddable":true,"href":"https:\/\/www.iessenara.es\/Revista\/index.php?rest_route=%2Fwp%2Fv2%2Ftags&post=2110"}],"curies":[{"name":"wp","href":"https:\/\/api.w.org\/{rel}","templated":true}]}}