{"id":2146,"date":"2020-12-16T12:31:41","date_gmt":"2020-12-16T12:31:41","guid":{"rendered":"http:\/\/www.iessenara.es\/Revista\/?p=2146"},"modified":"2020-12-20T17:04:59","modified_gmt":"2020-12-20T17:04:59","slug":"ludwig-van-beethoven","status":"publish","type":"post","link":"https:\/\/www.iessenara.es\/Revista\/?p=2146","title":{"rendered":"Ludwig van Beethoven"},"content":{"rendered":"\n<p class=\"has-large-font-size\">250 Aniversario del nacimiento de un prodigio<\/p>\n\n\n\n<p>LUC\u00cdA HUERTA MART\u00cdN y ANA MORGADE S\u00c1NCHEZ. 2.\u00ba Bachillerato CIE<\/p>\n\n\n\n<figure class=\"wp-block-embed-slideshare wp-block-embed is-type-rich is-provider-slideshare wp-embed-aspect-1-1 wp-has-aspect-ratio\"><div class=\"wp-block-embed__wrapper\">\n<iframe loading=\"lazy\" title=\"Beethoven: 250 Aniversario de su nacimiento\" src=\"https:\/\/www.slideshare.net\/slideshow\/embed_code\/key\/EQxqUwGGpHhlYh\" width=\"427\" height=\"356\" frameborder=\"0\" marginwidth=\"0\" marginheight=\"0\" scrolling=\"no\" style=\"border:1px solid #CCC; border-width:1px; margin-bottom:5px; max-width: 100%;\" allowfullscreen> <\/iframe> <div style=\"margin-bottom:5px\"> <strong> <a href=\"https:\/\/www.slideshare.net\/IESSenara\/beethoven-250-aniversario-de-su-nacimiento\" title=\"Beethoven: 250 Aniversario de su nacimiento\" target=\"_blank\">Beethoven: 250 Aniversario de su nacimiento<\/a> <\/strong> from <strong><a href=\"https:\/\/www.slideshare.net\/IESSenara\" target=\"_blank\">IES Senara<\/a><\/strong> <\/div>\n<\/div><\/figure>\n","protected":false},"excerpt":{"rendered":"<p>250 Aniversario del nacimiento de un prodigio LUC\u00cdA HUERTA MART\u00cdN y ANA MORGADE S\u00c1NCHEZ. 2.\u00ba Bachillerato CIE<\/p>\n","protected":false},"author":3,"featured_media":2151,"comment_status":"open","ping_status":"open","sticky":false,"template":"","format":"standard","meta":{"jetpack_post_was_ever_published":false,"jetpack_publicize_message":"","jetpack_is_tweetstorm":false,"jetpack_publicize_feature_enabled":true,"jetpack_social_options":[]},"categories":[8],"tags":[133,245,95],"jetpack_publicize_connections":[],"jetpack_featured_media_url":"https:\/\/www.iessenara.es\/Revista\/wp-content\/uploads\/2020\/12\/beethoven.jpg","jetpack_sharing_enabled":true,"jetpack_shortlink":"https:\/\/wp.me\/p5mbkp-yC","_links":{"self":[{"href":"https:\/\/www.iessenara.es\/Revista\/index.php?rest_route=\/wp\/v2\/posts\/2146"}],"collection":[{"href":"https:\/\/www.iessenara.es\/Revista\/index.php?rest_route=\/wp\/v2\/posts"}],"about":[{"href":"https:\/\/www.iessenara.es\/Revista\/index.php?rest_route=\/wp\/v2\/types\/post"}],"author":[{"embeddable":true,"href":"https:\/\/www.iessenara.es\/Revista\/index.php?rest_route=\/wp\/v2\/users\/3"}],"replies":[{"embeddable":true,"href":"https:\/\/www.iessenara.es\/Revista\/index.php?rest_route=%2Fwp%2Fv2%2Fcomments&post=2146"}],"version-history":[{"count":5,"href":"https:\/\/www.iessenara.es\/Revista\/index.php?rest_route=\/wp\/v2\/posts\/2146\/revisions"}],"predecessor-version":[{"id":2158,"href":"https:\/\/www.iessenara.es\/Revista\/index.php?rest_route=\/wp\/v2\/posts\/2146\/revisions\/2158"}],"wp:featuredmedia":[{"embeddable":true,"href":"https:\/\/www.iessenara.es\/Revista\/index.php?rest_route=\/wp\/v2\/media\/2151"}],"wp:attachment":[{"href":"https:\/\/www.iessenara.es\/Revista\/index.php?rest_route=%2Fwp%2Fv2%2Fmedia&parent=2146"}],"wp:term":[{"taxonomy":"category","embeddable":true,"href":"https:\/\/www.iessenara.es\/Revista\/index.php?rest_route=%2Fwp%2Fv2%2Fcategories&post=2146"},{"taxonomy":"post_tag","embeddable":true,"href":"https:\/\/www.iessenara.es\/Revista\/index.php?rest_route=%2Fwp%2Fv2%2Ftags&post=2146"}],"curies":[{"name":"wp","href":"https:\/\/api.w.org\/{rel}","templated":true}]}}