{"id":217,"date":"2014-02-17T17:45:13","date_gmt":"2014-02-17T17:45:13","guid":{"rendered":"http:\/\/www.iessenara.es\/Revista\/?p=217"},"modified":"2015-01-09T18:33:48","modified_gmt":"2015-01-09T18:33:48","slug":"ana-roncero-pasion-por-las-palabras","status":"publish","type":"post","link":"https:\/\/www.iessenara.es\/Revista\/?p=217","title":{"rendered":"Ana Roncero: pasi\u00f3n por las palabras"},"content":{"rendered":"<p><b>\u00a0<\/b><\/p>\n<div id=\"attachment_218\" style=\"width: 207px\" class=\"wp-caption alignright\"><a href=\"http:\/\/www.iessenara.es\/Revista\/wp-content\/uploads\/2014\/02\/\u00a9-Foto-000_15.jpg\"><img aria-describedby=\"caption-attachment-218\" decoding=\"async\" loading=\"lazy\" class=\"size-medium wp-image-218\" src=\"http:\/\/www.iessenara.es\/Revista\/wp-content\/uploads\/2014\/02\/\u00a9-Foto-000_15-197x300.jpg\" alt=\"Ana Roncero, en una actuaci\u00f3n anterior (foto cedida por la actriz).\" width=\"197\" height=\"300\" srcset=\"https:\/\/www.iessenara.es\/Revista\/wp-content\/uploads\/2014\/02\/\u00a9-Foto-000_15-197x300.jpg 197w, https:\/\/www.iessenara.es\/Revista\/wp-content\/uploads\/2014\/02\/\u00a9-Foto-000_15-674x1024.jpg 674w\" sizes=\"(max-width: 197px) 100vw, 197px\" \/><\/a><p id=\"caption-attachment-218\" class=\"wp-caption-text\">Ana Roncero, en una actuaci\u00f3n anterior (foto cedida por la actriz).<\/p><\/div>\n<p><span style=\"color: #000000\">El pasado 28 de enero, nuestro instituto recibi\u00f3 la visita de la actriz Ana Roncero, que ofreci\u00f3 a los alumnos varias actividades de animaci\u00f3n a la lectura. En la sesi\u00f3n con Tercero y Cuarto de ESO, el tema fue el Romanticismo. Ana recit\u00f3 varios poemas de Gustavo Adolfo B\u00e9cquer y nos narr\u00f3 algunas historias sorprendentes. Despu\u00e9s de la actividad tuvimos la oportunidad de conversar con ella.<\/span><\/p>\n<p><b>\u00a0<\/b><\/p>\n<p><span style=\"color: #800000\"><b>Patricia y Jaime: Buenos d\u00edas, Ana, \u00bfqu\u00e9 tal?<\/b><\/span><\/p>\n<p><span style=\"color: #000000\"><strong>Ana Roncero:<\/strong> Buenos d\u00edas, chicos. Pues bien, cansada, pero contenta <em>(risas)<\/em>.<\/span><\/p>\n<p>&nbsp;<\/p>\n<p><span style=\"color: #800000\"><b>P y J: \u00bfTe ha resultado muy dif\u00edcil representar tu actuaci\u00f3n en el IES \u201cSenara\u201d?<\/b><\/span><\/p>\n<p><span style=\"color: #000000\"><strong>AR:<\/strong> No, no me ha resultado dif\u00edcil; me apasiona lo que hago y me gustan estas actividades, claro.<\/span><\/p>\n<p>&nbsp;<\/p>\n<p><span style=\"color: #800000\"><b>P y J: \u00bfCu\u00e1nto tiempo llevas representando este espect\u00e1culo?<\/b><\/span><\/p>\n<p><span style=\"color: #000000\"><strong>AR:<\/strong> Es que esto no es un espect\u00e1culo, hay que partir de esa idea; m\u00e1s bien es una animaci\u00f3n a la lectura, pero hecha de una forma particular, en la que a m\u00ed me apetece que entren a \u201cjugar\u201d en esta especie de partida el teatro, la teor\u00eda y muchas m\u00e1s cosas. Llevo tres a\u00f1os dirigi\u00e9ndome a vosotros de esta forma, pero mi carrera como actriz se remonta a casi treinta a\u00f1os.<\/span><\/p>\n<p>&nbsp;<\/p>\n<p><span style=\"color: #800000\"><b>P y J: \u00bfEn qu\u00e9 otras obras has trabajado anteriormente?<\/b><\/span><\/p>\n<p><span style=\"color: #000000\"><strong>AR:<\/strong> \u00a1Uff! Pues en treinta a\u00f1os, imag\u00ednate <em>(risas)<\/em>&#8230; He trabajado en \u201cmonton\u00edsimas\u201d de ellas; y no solamente en Espa\u00f1a, sino que en el extranjero tambi\u00e9n: en Rusia, B\u00e9lgica, Italia, Francia y Canad\u00e1&#8230;<\/span><\/p>\n<p>&nbsp;<\/p>\n<p><span style=\"color: #800000\"><b>P y J: \u00bfTienes alg\u00fan trabajo m\u00e1s, aparte del de actriz?<\/b><\/span><\/p>\n<p><span style=\"color: #000000\"><strong>AR:<\/strong> No. Aunque yo estudi\u00e9 Ingenier\u00eda en la universidad, en el \u00faltimo a\u00f1o de carrera una compa\u00f1\u00eda de teatro me ofreci\u00f3 la posibilidad de entrar a formar parte de ella; y, bueno, dej\u00e9 los estudios y me dediqu\u00e9 a ello.<\/span><\/p>\n<p>&nbsp;<\/p>\n<p><span style=\"color: #800000\"><b>P y J: Muchas gracias por todo.<\/b><\/span><\/p>\n<p><span style=\"color: #000000\"><strong>AR:<\/strong> Gracias a vosotros.<\/span><\/p>\n<p><b>\u00a0<\/b><\/p>\n<p align=\"right\"><span style=\"color: #800000\"><b>Patricia Barrios Vaquero<\/b><\/span><\/p>\n<p align=\"right\"><span style=\"color: #800000\"><b>Jaime Prieto Gago<\/b><\/span><\/p>\n<p align=\"right\"><span style=\"color: #800000\"><b>(4\u00ba de ESO B)<\/b><\/span><b><\/b><\/p>\n","protected":false},"excerpt":{"rendered":"<p>\u00a0 El pasado 28 de enero, nuestro instituto recibi\u00f3 la visita de la actriz Ana Roncero, que ofreci\u00f3 a los alumnos varias actividades de animaci\u00f3n a la lectura. En la sesi\u00f3n con Tercero y&#46;&#46;&#46;<\/p>\n","protected":false},"author":3,"featured_media":218,"comment_status":"open","ping_status":"open","sticky":false,"template":"","format":"standard","meta":{"jetpack_post_was_ever_published":false,"jetpack_publicize_message":"","jetpack_is_tweetstorm":false,"jetpack_publicize_feature_enabled":true,"jetpack_social_options":[]},"categories":[6,9],"tags":[16,18,17],"jetpack_publicize_connections":[],"jetpack_featured_media_url":"https:\/\/www.iessenara.es\/Revista\/wp-content\/uploads\/2014\/02\/\u00a9-Foto-000_15.jpg","jetpack_sharing_enabled":true,"jetpack_shortlink":"https:\/\/wp.me\/p5mbkp-3v","_links":{"self":[{"href":"https:\/\/www.iessenara.es\/Revista\/index.php?rest_route=\/wp\/v2\/posts\/217"}],"collection":[{"href":"https:\/\/www.iessenara.es\/Revista\/index.php?rest_route=\/wp\/v2\/posts"}],"about":[{"href":"https:\/\/www.iessenara.es\/Revista\/index.php?rest_route=\/wp\/v2\/types\/post"}],"author":[{"embeddable":true,"href":"https:\/\/www.iessenara.es\/Revista\/index.php?rest_route=\/wp\/v2\/users\/3"}],"replies":[{"embeddable":true,"href":"https:\/\/www.iessenara.es\/Revista\/index.php?rest_route=%2Fwp%2Fv2%2Fcomments&post=217"}],"version-history":[{"count":7,"href":"https:\/\/www.iessenara.es\/Revista\/index.php?rest_route=\/wp\/v2\/posts\/217\/revisions"}],"predecessor-version":[{"id":400,"href":"https:\/\/www.iessenara.es\/Revista\/index.php?rest_route=\/wp\/v2\/posts\/217\/revisions\/400"}],"wp:featuredmedia":[{"embeddable":true,"href":"https:\/\/www.iessenara.es\/Revista\/index.php?rest_route=\/wp\/v2\/media\/218"}],"wp:attachment":[{"href":"https:\/\/www.iessenara.es\/Revista\/index.php?rest_route=%2Fwp%2Fv2%2Fmedia&parent=217"}],"wp:term":[{"taxonomy":"category","embeddable":true,"href":"https:\/\/www.iessenara.es\/Revista\/index.php?rest_route=%2Fwp%2Fv2%2Fcategories&post=217"},{"taxonomy":"post_tag","embeddable":true,"href":"https:\/\/www.iessenara.es\/Revista\/index.php?rest_route=%2Fwp%2Fv2%2Ftags&post=217"}],"curies":[{"name":"wp","href":"https:\/\/api.w.org\/{rel}","templated":true}]}}