{"id":2179,"date":"2020-12-24T11:20:29","date_gmt":"2020-12-24T11:20:29","guid":{"rendered":"http:\/\/www.iessenara.es\/Revista\/?p=2179"},"modified":"2020-12-24T11:20:30","modified_gmt":"2020-12-24T11:20:30","slug":"noel","status":"publish","type":"post","link":"https:\/\/www.iessenara.es\/Revista\/?p=2179","title":{"rendered":"No\u00ebl"},"content":{"rendered":"\n<p>LUC\u00cdA S\u00c1NCHEZ DE LA TORRE. 2.\u00ba Bachillerato HCS<\/p>\n\n\n\n<p>Quand j\u2019\u00e9tais petite, j\u2019aimais No\u00ebl. Je me souviens que j\u2019\u00e9tais toute anxieuse et j\u2019attendais \u00e7a toute l\u2019ann\u00e9e.<br>Quand j\u2019avais quatre ans, j\u2019ai connu P\u00e8re No\u00ebl.<\/p>\n\n\n\n<p>Normalement mes parents et moi d\u00eenions \u00e0 la veille de No\u00ebl chez ma grand-m\u00e8re. Le P\u00e8re No\u00ebl laissait les cadeaux pour mon cousin et pour moi l\u00e0.<br>Cette ann\u00e9e, mes parents et moi arrivions trop tard parce que j\u2019avais cass\u00e9 mes collants et nous avions d\u00fb rentrer \u00e0 la maison. Ensuite, nous \u00e9tions dans la rue et, soudain, un homme a travers\u00e9 le parc avec un costume rouge. Je pensais que c\u2019\u00e9tait P\u00e8re No\u00ebl et je voulais courir pour prendre P\u00e8re No\u00ebl dans mes bras. Mais mon p\u00e8re m\u2019a dit&nbsp;: \u00ab tu ne peux pas voir P\u00e8re No\u00ebl, Lucia. Si tu le vois, il ne te laissera pas de cadeaux \u00bb. Je ne suis f\u00e2ch\u00e9e. Je n\u2019ai pas compris pourquoi je ne pouvais pas voir le P\u00e8re No\u00ebl.<br>Nous sommes arriv\u00e9s \u00e0 la maison de ma grand-m\u00e8re et le d\u00eener a commenc\u00e9. Tout le monde riait et mangeait sauf moi. J\u2019\u00e9tais f\u00e2ch\u00e9e et triste, et je ne voulais rien manger. Mon p\u00e8re, qui me cajolait beaucoup, \u00e9tait pr\u00e9occup\u00e9 pour moi. Il a dit qu\u2019il avait trop de travail et il est parti.<br>Apr\u00e8s, un homme barbu et avec des bottes g\u00e9antes a fait sonner la sonnette. Ma grand-m\u00e8re a ouvert la porte et il est entr\u00e9. Il agitait une cloche et il disait&nbsp;: \u00ab&nbsp;hou\u2026, hou\u2026&nbsp;\u00bb C\u2019\u00e9tait le P\u00e8re No\u00ebl&nbsp;!<br>J\u2019\u00e9tais tr\u00e8s contente et j\u2019ai couru pour prendre P\u00e8re No\u00ebl dans mes bras. Mon cousin, en revanche, pleurait parce qu\u2019il avait peur.<br>Il nous a laiss\u00e9 des cadeaux et je sautais de joie, mais j\u2019ai pens\u00e9 au renne du P\u00e8re No\u00ebl et je lui ai dit qu\u2019il devait mettre son renne dans la maison parce qu\u2019il aurait froid dans la rue.<br>Malheureusement, P\u00e8re No\u00ebl a d\u00fb partir. Ensuite, mon p\u00e8re est rentr\u00e9 et je lui ai racont\u00e9 que j\u2019avais connu le P\u00e8re No\u00ebl et il avait pass\u00e9 \u00e0 c\u00f4t\u00e9 ka visite de P\u00e8re No\u00ebl.<\/p>\n\n\n\n<p>Aujourd\u2019hui, je me souviens de ce jour et je crois que mon p\u00e8re est le meilleur p\u00e8re du monde.<\/p>\n\n\n\n<figure class=\"wp-block-image size-large\"><img decoding=\"async\" loading=\"lazy\" width=\"1024\" height=\"615\" src=\"http:\/\/www.iessenara.es\/Revista\/wp-content\/uploads\/2020\/12\/papa-noel-1024x615.jpg\" alt=\"\" class=\"wp-image-2181\" srcset=\"https:\/\/www.iessenara.es\/Revista\/wp-content\/uploads\/2020\/12\/papa-noel-1024x615.jpg 1024w, https:\/\/www.iessenara.es\/Revista\/wp-content\/uploads\/2020\/12\/papa-noel-300x180.jpg 300w, https:\/\/www.iessenara.es\/Revista\/wp-content\/uploads\/2020\/12\/papa-noel-768x461.jpg 768w, https:\/\/www.iessenara.es\/Revista\/wp-content\/uploads\/2020\/12\/papa-noel-1536x922.jpg 1536w, https:\/\/www.iessenara.es\/Revista\/wp-content\/uploads\/2020\/12\/papa-noel.jpg 2048w\" sizes=\"(max-width: 1024px) 100vw, 1024px\" \/><\/figure>\n\n\n\n<p><\/p>\n","protected":false},"excerpt":{"rendered":"<p>LUC\u00cdA S\u00c1NCHEZ DE LA TORRE. 2.\u00ba Bachillerato HCS Quand j\u2019\u00e9tais petite, j\u2019aimais No\u00ebl. Je me souviens que j\u2019\u00e9tais toute anxieuse et j\u2019attendais \u00e7a toute l\u2019ann\u00e9e.Quand j\u2019avais quatre ans, j\u2019ai connu P\u00e8re No\u00ebl. Normalement mes&#46;&#46;&#46;<\/p>\n","protected":false},"author":3,"featured_media":2181,"comment_status":"open","ping_status":"open","sticky":false,"template":"","format":"standard","meta":{"jetpack_post_was_ever_published":false,"jetpack_publicize_message":"","jetpack_is_tweetstorm":false,"jetpack_publicize_feature_enabled":true,"jetpack_social_options":[]},"categories":[10],"tags":[55,247,248],"jetpack_publicize_connections":[],"jetpack_featured_media_url":"https:\/\/www.iessenara.es\/Revista\/wp-content\/uploads\/2020\/12\/papa-noel.jpg","jetpack_sharing_enabled":true,"jetpack_shortlink":"https:\/\/wp.me\/s5mbkp-noel","_links":{"self":[{"href":"https:\/\/www.iessenara.es\/Revista\/index.php?rest_route=\/wp\/v2\/posts\/2179"}],"collection":[{"href":"https:\/\/www.iessenara.es\/Revista\/index.php?rest_route=\/wp\/v2\/posts"}],"about":[{"href":"https:\/\/www.iessenara.es\/Revista\/index.php?rest_route=\/wp\/v2\/types\/post"}],"author":[{"embeddable":true,"href":"https:\/\/www.iessenara.es\/Revista\/index.php?rest_route=\/wp\/v2\/users\/3"}],"replies":[{"embeddable":true,"href":"https:\/\/www.iessenara.es\/Revista\/index.php?rest_route=%2Fwp%2Fv2%2Fcomments&post=2179"}],"version-history":[{"count":2,"href":"https:\/\/www.iessenara.es\/Revista\/index.php?rest_route=\/wp\/v2\/posts\/2179\/revisions"}],"predecessor-version":[{"id":2182,"href":"https:\/\/www.iessenara.es\/Revista\/index.php?rest_route=\/wp\/v2\/posts\/2179\/revisions\/2182"}],"wp:featuredmedia":[{"embeddable":true,"href":"https:\/\/www.iessenara.es\/Revista\/index.php?rest_route=\/wp\/v2\/media\/2181"}],"wp:attachment":[{"href":"https:\/\/www.iessenara.es\/Revista\/index.php?rest_route=%2Fwp%2Fv2%2Fmedia&parent=2179"}],"wp:term":[{"taxonomy":"category","embeddable":true,"href":"https:\/\/www.iessenara.es\/Revista\/index.php?rest_route=%2Fwp%2Fv2%2Fcategories&post=2179"},{"taxonomy":"post_tag","embeddable":true,"href":"https:\/\/www.iessenara.es\/Revista\/index.php?rest_route=%2Fwp%2Fv2%2Ftags&post=2179"}],"curies":[{"name":"wp","href":"https:\/\/api.w.org\/{rel}","templated":true}]}}