{"id":2184,"date":"2020-12-27T19:41:52","date_gmt":"2020-12-27T19:41:52","guid":{"rendered":"http:\/\/www.iessenara.es\/Revista\/?p=2184"},"modified":"2020-12-27T19:41:53","modified_gmt":"2020-12-27T19:41:53","slug":"un-ano-de-locos","status":"publish","type":"post","link":"https:\/\/www.iessenara.es\/Revista\/?p=2184","title":{"rendered":"Un a\u00f1o de locos"},"content":{"rendered":"\n<p>LUC\u00cdA S\u00c1NCHEZ DE LA TORRE. 2.\u00ba Bachillerato HCS<\/p>\n\n\n\n<figure class=\"wp-block-image size-large\"><img decoding=\"async\" loading=\"lazy\" width=\"1024\" height=\"743\" src=\"http:\/\/www.iessenara.es\/Revista\/wp-content\/uploads\/2020\/12\/10.Un-ano-de-locos-1024x743.jpg\" alt=\"\" class=\"wp-image-2185\" srcset=\"https:\/\/www.iessenara.es\/Revista\/wp-content\/uploads\/2020\/12\/10.Un-ano-de-locos-1024x743.jpg 1024w, https:\/\/www.iessenara.es\/Revista\/wp-content\/uploads\/2020\/12\/10.Un-ano-de-locos-300x218.jpg 300w, https:\/\/www.iessenara.es\/Revista\/wp-content\/uploads\/2020\/12\/10.Un-ano-de-locos-768x557.jpg 768w, https:\/\/www.iessenara.es\/Revista\/wp-content\/uploads\/2020\/12\/10.Un-ano-de-locos-1536x1115.jpg 1536w, https:\/\/www.iessenara.es\/Revista\/wp-content\/uploads\/2020\/12\/10.Un-ano-de-locos.jpg 1831w\" sizes=\"(max-width: 1024px) 100vw, 1024px\" \/><\/figure>\n\n\n\n<p>Aquel 31 de diciembre brindamos, con una venda en los ojos, pidiendo, uva por uva, menos caras largas y m\u00e1s sonrisas. Entr\u00f3 el a\u00f1o <strong>2020<\/strong> por la puerta grande celebrando aniversarios: el centenario del comienzo del periodo de los Felices A\u00f1os 20, el centenario de la muerte de Gald\u00f3s, el d\u00e9cimo aniversario del terremoto de Hait\u00ed de 2010, el centenario del inicio de la Ley Seca estadounidense, el vig\u00e9simo quinto aniversario de la Guerra del Cenepa\u2026 \u00bfQui\u00e9n nos iba a avisar hace un a\u00f1o de todo lo que nos esperaba? Ni el arc\u00e1ngel Gabriel se atrevi\u00f3 a anunciarlo.<\/p>\n\n\n\n<p>Se present\u00f3 febrero con sus brazos abiertos. Nosotros pensando que este iba a ser nuestro a\u00f1o, el de ponernos a hacer deporte, el de formular un nuevo proyecto, el de comer m\u00e1s sano, el de dedicar m\u00e1s tiempo a los nuestros, el de bajar unos kilitos\u2026 Fue entonces, el 19 de febrero, cuando nuestro murci\u00e9lago valenciano visit\u00f3 San Siro de Mil\u00e1n. Fue entonces, el 19 de febrero, cuando se jug\u00f3 el <strong><em>Partido Cero<\/em><\/strong>: un encuentro entre el Valencia y el Atalanta en el que derrotamos a los italianos, que no fueron los \u00fanicos vencidos\u2026 \u00a1La COVID-19 aterriz\u00f3 en Espa\u00f1a con su mucosa contagiosa y su sonrisa victoriosa! Algunos no le dieron importancia, otros recurrieron al papel higi\u00e9nico para encontrar calma.<\/p>\n\n\n\n<p>Marzo dej\u00f3 caer la guillotina: la OMS se\u00f1al\u00f3 a la COVID-19 y la declar\u00f3 pandemia. La <strong>tormenta<\/strong>, que se ve\u00eda en un principio lejana a nuestro cielo en calma, estaba sobre nuestras cabezas. El 15 de marzo de 2020, Espa\u00f1a entr\u00f3 en confinamiento total en respuesta a la pandemia del coronavirus. Cada mochuelo en su olivo aplaud\u00eda a las ocho en honor a sus \u00e1ngeles de la guarda: sanitarios, polic\u00edas y militares, que no cesaron de luchar guardando nuestras espaldas. Cayeron soldados y contagiados, perdimos a muchos de los nuestros, tuvimos que fingir sonrisas \u00e1cidas. Parec\u00eda que todo se perd\u00eda borda abajo, no se conceb\u00eda m\u00e1s que terror e intriga. \u00a1Un marzo macabro para el olvido!<\/p>\n\n\n\n<p>En abril, <strong>aguas mil\u2026<\/strong> Segu\u00edamos parecidos, peor&#8230; La cifra de contagiados a nivel mundial lleg\u00f3 a un mill\u00f3n a principios de mes. El coronavirus segu\u00eda extendi\u00e9ndose por cada rinc\u00f3n del mundo y nosotros, encerrados en casa, hac\u00edamos lo posible por no volvernos locos. Y si no ten\u00edamos suficiente con una crisis sanitaria y social, fue muestra de la siguiente \u2013crisis econ\u00f3mica- el alcance del predio del petr\u00f3leo de un valor negativo hist\u00f3rico de -37$. A finales de mes, ya eran tres millones de contagiados en el mundo. La salida del t\u00fanel se ve\u00eda inalcanzable y cualquier tenue lucecilla nos serv\u00eda de consuelo.<\/p>\n\n\n\n<p>En mayo, en Minneapolis (EEUU) un polic\u00eda asfixi\u00f3 al afroamericano George <strong>Floyd<\/strong>, desencadenando una protesta mundial por la igualdad: voces se alzaron en un grito colectivo pidiendo el fin del racismo bajo el lema \u201cBlack Lives Matter\u201d. Por otra parte, el coronavirus re\u00eda teniendo tras s\u00ed a m\u00e1s de seis millones de contagiados; no obstante, todos comenz\u00e1bamos a sentir que un desenlace habr\u00eda y que, por muy dif\u00edcil que pareciera, \u00edbamos a vencer a la COVID-19.<\/p>\n\n\n\n<p>Junio lleg\u00f3 con su aire fresco y su c\u00e1lido ambiente. El 21 finaliz\u00f3 el estado de alarma en Espa\u00f1a tras una duraci\u00f3n de 98 d\u00edas. <strong>Nuestras puertas se abrieron <\/strong>y salimos a recibir los rayos del sol con impaciencia. Por mucho encierro que llev\u00e1ramos por dentro, aquel 21 lo soltamos y embarcamos, con mascarilla y gel, el viaje de la <em>nueva normalidad<\/em>.<\/p>\n\n\n\n<p>No todo fue coronavirus, en julio la NASA lanz\u00f3 con \u00e9xito su misi\u00f3n <strong><em>rover Mars 2020<\/em><\/strong> en busca de vida antigua. Entre sol, tapas y paseos se nos dibuj\u00f3 una nueva sonrisa en el rostro, y aunque nos quedamos sin fiestas, sin cumplea\u00f1os y sin reuniones de centenas, la mejor celebraci\u00f3n del momento fue recuperar el esp\u00edritu, o seguir con el mismo, pensando en una vacuna.<\/p>\n\n\n\n<p>Agosto lleg\u00f3 como un t\u00edmido <strong>atardecer<\/strong>. Algunos se olvidaron de la cuarentena y del virus y salieron al mundo como si nada, acabando el verano como un flan y empezando el oto\u00f1o siendo objetivo de la pandemia. \u00a1Tantos descuidos derivar\u00edan en un regreso a marzo! Por suerte, no nos fue tan mal\u2026 Para dejarnos con los ojos como platos, se sucedieron tragedias polvorientas: un par de explosiones masivas en el Puerto de Beirut (L\u00edbano) causaron al menos 220 muertos y 7000 heridos, tambi\u00e9n en Corea del Norte hubo algunas otras explosiones que dejaron al menos 15 muertos, y en Emiratos \u00c1rabes Unidos un incendio arras\u00f3 con el mercado de la nueva zona industrial de Aim\u00e1n.<\/p>\n\n\n\n<p><strong>Amaneci\u00f3<\/strong> septiembre con la vuelta al cole. \u00a1Podr\u00edamos volver a las aulas! Hab\u00eda sido todo un sacrificio, una desgarradora contienda por acabar el curso. Hab\u00eda duda y pavor por si regresar\u00edamos, y lo hicimos con las medidas necesarias. Parec\u00eda imposible, pero fue posible.<\/p>\n\n\n\n<p>Octubre se despert\u00f3 con el positivo de Trump y Melania y se durmi\u00f3 con un terremoto turco y un homicida canadiense. \u00a1<strong>Halloween<\/strong> con mascarilla!<\/p>\n\n\n\n<p>Noviembre tuvo como evento m\u00e1s destacado a las <strong>elecciones estadounidenses<\/strong>: 81 millones de votos a Joe Biden echaron de la Casa Blanca a Donald Trump y a su pajarito azul. Asimismo, el d\u00eda 17 se cumpli\u00f3 un a\u00f1o del registro del primer paciente 0, infectado de la nueva cepa de COVID-19.<\/p>\n\n\n\n<p>Diciembre lleva tatuada la vacunaci\u00f3n y, por supuesto, la Navidad. Son fechas muy se\u00f1aladas y, a pesar de que nuestro \u00e1nimo navide\u00f1o nos ruega tertulia familiar y tost\u00f3n, debemos ser precavidos si no queremos un flashback hacia marzo.<\/p>\n\n\n\n<p>Si bien ha sido un a\u00f1o marcado por la pandemia del coronavirus, 2020 no es solo eso. Hemos crecido como humanidad, y esto se lo debemos en gran parte a la COVID-19. Hemos extendido la mano para agarrar al pr\u00f3jimo con el fin de que nadie se quedara por el camino y, aunque no hemos llegado todos, este 31 yo brindo por el esp\u00edritu colectivo y solidario que hemos reforzado este a\u00f1o. Yo brindo por todo lo que he crecido por dentro, por todo lo que ha venido y por todo lo que se ha ido. Brindo pensando en un nuevo a\u00f1o, en una nueva aventura, y pidiendo un 2021 mejor que el pasado 2020. No han tra\u00eddo mucha suerte los dos patitos, como tampoco ha tra\u00eddo fortuna comer las uvas pensando en un a\u00f1o de menos trabajo y m\u00e1s juerga; por esto, el 31 me tomar\u00e9 las doce uvas deseando un a\u00f1o de m\u00e1s instituto y menos parranda.<\/p>\n\n\n\n<p><strong>Querido 2021:<br>Solo pido que seas m\u00e1s tranquilo que tu progenitor.<\/strong><\/p>\n","protected":false},"excerpt":{"rendered":"<p>LUC\u00cdA S\u00c1NCHEZ DE LA TORRE. 2.\u00ba Bachillerato HCS Aquel 31 de diciembre brindamos, con una venda en los ojos, pidiendo, uva por uva, menos caras largas y m\u00e1s sonrisas. Entr\u00f3 el a\u00f1o 2020 por&#46;&#46;&#46;<\/p>\n","protected":false},"author":3,"featured_media":2187,"comment_status":"open","ping_status":"open","sticky":false,"template":"","format":"standard","meta":{"jetpack_post_was_ever_published":false,"jetpack_publicize_message":"","jetpack_is_tweetstorm":false,"jetpack_publicize_feature_enabled":true,"jetpack_social_options":[]},"categories":[11,10],"tags":[249,211,208,237,238],"jetpack_publicize_connections":[],"jetpack_featured_media_url":"https:\/\/www.iessenara.es\/Revista\/wp-content\/uploads\/2020\/12\/10.Un-ano-de-locos2.jpg","jetpack_sharing_enabled":true,"jetpack_shortlink":"https:\/\/wp.me\/p5mbkp-ze","_links":{"self":[{"href":"https:\/\/www.iessenara.es\/Revista\/index.php?rest_route=\/wp\/v2\/posts\/2184"}],"collection":[{"href":"https:\/\/www.iessenara.es\/Revista\/index.php?rest_route=\/wp\/v2\/posts"}],"about":[{"href":"https:\/\/www.iessenara.es\/Revista\/index.php?rest_route=\/wp\/v2\/types\/post"}],"author":[{"embeddable":true,"href":"https:\/\/www.iessenara.es\/Revista\/index.php?rest_route=\/wp\/v2\/users\/3"}],"replies":[{"embeddable":true,"href":"https:\/\/www.iessenara.es\/Revista\/index.php?rest_route=%2Fwp%2Fv2%2Fcomments&post=2184"}],"version-history":[{"count":1,"href":"https:\/\/www.iessenara.es\/Revista\/index.php?rest_route=\/wp\/v2\/posts\/2184\/revisions"}],"predecessor-version":[{"id":2186,"href":"https:\/\/www.iessenara.es\/Revista\/index.php?rest_route=\/wp\/v2\/posts\/2184\/revisions\/2186"}],"wp:featuredmedia":[{"embeddable":true,"href":"https:\/\/www.iessenara.es\/Revista\/index.php?rest_route=\/wp\/v2\/media\/2187"}],"wp:attachment":[{"href":"https:\/\/www.iessenara.es\/Revista\/index.php?rest_route=%2Fwp%2Fv2%2Fmedia&parent=2184"}],"wp:term":[{"taxonomy":"category","embeddable":true,"href":"https:\/\/www.iessenara.es\/Revista\/index.php?rest_route=%2Fwp%2Fv2%2Fcategories&post=2184"},{"taxonomy":"post_tag","embeddable":true,"href":"https:\/\/www.iessenara.es\/Revista\/index.php?rest_route=%2Fwp%2Fv2%2Ftags&post=2184"}],"curies":[{"name":"wp","href":"https:\/\/api.w.org\/{rel}","templated":true}]}}